{"id":102801,"date":"2020-10-05T15:40:55","date_gmt":"2020-10-05T13:40:55","guid":{"rendered":"https:\/\/lafrenchcoop.fr\/site\/?p=102801"},"modified":"2020-12-12T20:21:55","modified_gmt":"2020-12-12T19:21:55","slug":"festival-atmospheres-10-ans","status":"publish","type":"post","link":"https:\/\/lafrenchcoop.fr\/site\/evenements\/festival-atmospheres-10-ans","title":{"rendered":"Festival Atmosph\u00e8res : les 10 ans"},"content":{"rendered":"\n<h1 class=\"has-accent-color has-text-color\"><strong>Avis aux consom&rsquo;acteurs de notre \u00e9picerie<\/strong> !<\/h1>\n\n\n\n<p>Voici 10 ans que <strong>Le Festival Atmosph\u00e8res<\/strong> \u00e0 Courbevoie sensibilise les citoyens aux probl\u00e9matiques environnementales : POUR UN&nbsp;MONDE&nbsp;PLUS JUSTE, EN HARMONIE&nbsp;AVEC LA NATURE.<br>Cette ann\u00e9e, il a lieu&nbsp;du 7 au 11 octobre, et aborde&nbsp;des sujets qui nous sont chers: la consommation, les \u00e9cosyst\u00e8mes, le recyclage, le monde de demain\u2026&nbsp;<br>Des rencontres, ateliers, tables rondes, conf\u00e9rences et&nbsp; films sur le th\u00e8me:<br>\u00ab\u00a0Vivre la ville durable ici et maintenant\u00a0\u00bb<\/p>\n\n\n\n<div style=\"height:20px\" aria-hidden=\"true\" class=\"wp-block-spacer\"><\/div>\n\n\n\n<blockquote class=\"wp-block-quote is-style-large\"><p><strong>FESTIVAL ATMOSPH\u00c8RES \u2022 entr\u00e9e libre<\/strong><\/p><p>Retrouvez toute la programmation ici : <a href=\"https:\/\/www.atmospheresfestival.com\/\" target=\"_blank\" rel=\"noreferrer noopener\">https:\/\/www.atmospheresfestival.com\/<\/a><\/p><\/blockquote>\n\n\n\n<div class=\"wp-block-image\"><figure class=\"aligncenter size-medium\"><a href=\"https:\/\/www.atmospheresfestival.com\/\" target=\"_blank\" rel=\"noopener noreferrer\"><img loading=\"lazy\" width=\"500\" height=\"585\" src=\"https:\/\/lafrenchcoop.fr\/site\/wp-content\/uploads\/2020\/10\/Festival_Atmospheres-500x585.png\" alt=\"Festival Atmospheres\" class=\"wp-image-102810\" srcset=\"https:\/\/lafrenchcoop.fr\/site\/wp-content\/uploads\/2020\/10\/Festival_Atmospheres-500x585.png 500w, https:\/\/lafrenchcoop.fr\/site\/wp-content\/uploads\/2020\/10\/Festival_Atmospheres-875x1024.png 875w, https:\/\/lafrenchcoop.fr\/site\/wp-content\/uploads\/2020\/10\/Festival_Atmospheres-768x899.png 768w, https:\/\/lafrenchcoop.fr\/site\/wp-content\/uploads\/2020\/10\/Festival_Atmospheres-1313x1536.png 1313w, https:\/\/lafrenchcoop.fr\/site\/wp-content\/uploads\/2020\/10\/Festival_Atmospheres.png 1646w\" sizes=\"(max-width: 500px) 100vw, 500px\" \/><\/a><\/figure><\/div>\n","protected":false},"excerpt":{"rendered":"<p>Avis aux consom&rsquo;acteurs de notre \u00e9picerie ! Voici 10 ans que Le Festival Atmosph\u00e8res \u00e0 Courbevoie sensibilise les citoyens aux probl\u00e9matiques environnementales : POUR UN&nbsp;MONDE&nbsp;PLUS JUSTE, EN HARMONIE&nbsp;AVEC LA NATURE.Cette ann\u00e9e, il a lieu&nbsp;du 7 au 11 octobre, et aborde&nbsp;des sujets qui nous sont chers: la consommation, les \u00e9cosyst\u00e8mes, le [&hellip;]<\/p>\n","protected":false},"author":4,"featured_media":102810,"comment_status":"open","ping_status":"open","sticky":false,"template":"","format":"standard","meta":[],"categories":[10],"tags":[36,35],"yoast_head":"<!-- This site is optimized with the Yoast SEO plugin v17.9 - https:\/\/yoast.com\/wordpress\/plugins\/seo\/ -->\n<title>Festival Atmosph\u00e8res : les 10 ans - La French Coop<\/title>\n<meta name=\"robots\" content=\"index, follow, max-snippet:-1, max-image-preview:large, max-video-preview:-1\" \/>\n<link rel=\"canonical\" href=\"https:\/\/lafrenchcoop.fr\/site\/evenements\/festival-atmospheres-10-ans\" \/>\n<meta property=\"og:locale\" content=\"fr_FR\" \/>\n<meta property=\"og:type\" content=\"article\" \/>\n<meta property=\"og:title\" content=\"Festival Atmosph\u00e8res : les 10 ans - La French Coop\" \/>\n<meta property=\"og:description\" content=\"Avis aux consom&rsquo;acteurs de notre \u00e9picerie ! Voici 10 ans que Le Festival Atmosph\u00e8res \u00e0 Courbevoie sensibilise les citoyens aux probl\u00e9matiques environnementales : POUR UN&nbsp;MONDE&nbsp;PLUS JUSTE, EN HARMONIE&nbsp;AVEC LA NATURE.Cette ann\u00e9e, il a lieu&nbsp;du 7 au 11 octobre, et aborde&nbsp;des sujets qui nous sont chers: la consommation, les \u00e9cosyst\u00e8mes, le [&hellip;]\" \/>\n<meta property=\"og:url\" content=\"https:\/\/lafrenchcoop.fr\/site\/evenements\/festival-atmospheres-10-ans\" \/>\n<meta property=\"og:site_name\" content=\"La French Coop\" \/>\n<meta property=\"article:publisher\" content=\"https:\/\/www.facebook.com\/lafrenchcoop\/\" \/>\n<meta property=\"article:published_time\" content=\"2020-10-05T13:40:55+00:00\" \/>\n<meta property=\"article:modified_time\" content=\"2020-12-12T19:21:55+00:00\" \/>\n<meta property=\"og:image\" content=\"https:\/\/lafrenchcoop.fr\/site\/wp-content\/uploads\/2020\/10\/Festival_Atmospheres.png\" \/>\n\t<meta property=\"og:image:width\" content=\"1646\" \/>\n\t<meta property=\"og:image:height\" content=\"1926\" \/>\n\t<meta property=\"og:image:type\" content=\"image\/png\" \/>\n<meta name=\"twitter:card\" content=\"summary_large_image\" \/>\n<meta name=\"twitter:creator\" content=\"@FrenchCoop\" \/>\n<meta name=\"twitter:site\" content=\"@FrenchCoop\" \/>\n<meta name=\"twitter:label1\" content=\"\u00c9crit par\" \/>\n\t<meta name=\"twitter:data1\" content=\"lafrenchcoop\" \/>\n\t<meta name=\"twitter:label2\" content=\"Dur\u00e9e de lecture estim\u00e9e\" \/>\n\t<meta name=\"twitter:data2\" content=\"1 minute\" \/>\n<script type=\"application\/ld+json\" class=\"yoast-schema-graph\">{\"@context\":\"https:\/\/schema.org\",\"@graph\":[{\"@type\":\"WebSite\",\"@id\":\"https:\/\/lafrenchcoop.fr\/site\/#website\",\"url\":\"https:\/\/lafrenchcoop.fr\/site\/\",\"name\":\"La French Coop\",\"description\":\"L&#039;\\u00e9picerie coop\\u00e9rative et participative d&#039;Asni\\u00e8res-sur-Seine !\",\"potentialAction\":[{\"@type\":\"SearchAction\",\"target\":{\"@type\":\"EntryPoint\",\"urlTemplate\":\"https:\/\/lafrenchcoop.fr\/site\/?s={search_term_string}\"},\"query-input\":\"required name=search_term_string\"}],\"inLanguage\":\"fr-FR\"},{\"@type\":\"ImageObject\",\"@id\":\"https:\/\/lafrenchcoop.fr\/site\/evenements\/festival-atmospheres-10-ans#primaryimage\",\"inLanguage\":\"fr-FR\",\"url\":\"https:\/\/lafrenchcoop.fr\/site\/wp-content\/uploads\/2020\/10\/Festival_Atmospheres.png\",\"contentUrl\":\"https:\/\/lafrenchcoop.fr\/site\/wp-content\/uploads\/2020\/10\/Festival_Atmospheres.png\",\"width\":1646,\"height\":1926,\"caption\":\"Festival Atmospheres\"},{\"@type\":\"WebPage\",\"@id\":\"https:\/\/lafrenchcoop.fr\/site\/evenements\/festival-atmospheres-10-ans#webpage\",\"url\":\"https:\/\/lafrenchcoop.fr\/site\/evenements\/festival-atmospheres-10-ans\",\"name\":\"Festival Atmosph\\u00e8res : les 10 ans - La French Coop\",\"isPartOf\":{\"@id\":\"https:\/\/lafrenchcoop.fr\/site\/#website\"},\"primaryImageOfPage\":{\"@id\":\"https:\/\/lafrenchcoop.fr\/site\/evenements\/festival-atmospheres-10-ans#primaryimage\"},\"datePublished\":\"2020-10-05T13:40:55+00:00\",\"dateModified\":\"2020-12-12T19:21:55+00:00\",\"author\":{\"@id\":\"https:\/\/lafrenchcoop.fr\/site\/#\/schema\/person\/ba218cfcafb09c5becc70800de7554bf\"},\"breadcrumb\":{\"@id\":\"https:\/\/lafrenchcoop.fr\/site\/evenements\/festival-atmospheres-10-ans#breadcrumb\"},\"inLanguage\":\"fr-FR\",\"potentialAction\":[{\"@type\":\"ReadAction\",\"target\":[\"https:\/\/lafrenchcoop.fr\/site\/evenements\/festival-atmospheres-10-ans\"]}]},{\"@type\":\"BreadcrumbList\",\"@id\":\"https:\/\/lafrenchcoop.fr\/site\/evenements\/festival-atmospheres-10-ans#breadcrumb\",\"itemListElement\":[{\"@type\":\"ListItem\",\"position\":1,\"name\":\"Accueil\",\"item\":\"https:\/\/lafrenchcoop.fr\/site\/\"},{\"@type\":\"ListItem\",\"position\":2,\"name\":\"Festival Atmosph\\u00e8res : les 10 ans\"}]},{\"@type\":\"Person\",\"@id\":\"https:\/\/lafrenchcoop.fr\/site\/#\/schema\/person\/ba218cfcafb09c5becc70800de7554bf\",\"name\":\"lafrenchcoop\",\"image\":{\"@type\":\"ImageObject\",\"@id\":\"https:\/\/lafrenchcoop.fr\/site\/#personlogo\",\"inLanguage\":\"fr-FR\",\"url\":\"https:\/\/secure.gravatar.com\/avatar\/f35efd74c5723ad71a999ece82bb95f4?s=96&d=mm&r=g\",\"contentUrl\":\"https:\/\/secure.gravatar.com\/avatar\/f35efd74c5723ad71a999ece82bb95f4?s=96&d=mm&r=g\",\"caption\":\"lafrenchcoop\"},\"url\":\"https:\/\/lafrenchcoop.fr\/site\/author\/lafrenchcoop\"}]}<\/script>\n<!-- \/ Yoast SEO plugin. -->","yoast_head_json":{"title":"Festival Atmosph\u00e8res : les 10 ans - La French Coop","robots":{"index":"index","follow":"follow","max-snippet":"max-snippet:-1","max-image-preview":"max-image-preview:large","max-video-preview":"max-video-preview:-1"},"canonical":"https:\/\/lafrenchcoop.fr\/site\/evenements\/festival-atmospheres-10-ans","og_locale":"fr_FR","og_type":"article","og_title":"Festival Atmosph\u00e8res : les 10 ans - La French Coop","og_description":"Avis aux consom&rsquo;acteurs de notre \u00e9picerie ! Voici 10 ans que Le Festival Atmosph\u00e8res \u00e0 Courbevoie sensibilise les citoyens aux probl\u00e9matiques environnementales : POUR UN&nbsp;MONDE&nbsp;PLUS JUSTE, EN HARMONIE&nbsp;AVEC LA NATURE.Cette ann\u00e9e, il a lieu&nbsp;du 7 au 11 octobre, et aborde&nbsp;des sujets qui nous sont chers: la consommation, les \u00e9cosyst\u00e8mes, le [&hellip;]","og_url":"https:\/\/lafrenchcoop.fr\/site\/evenements\/festival-atmospheres-10-ans","og_site_name":"La French Coop","article_publisher":"https:\/\/www.facebook.com\/lafrenchcoop\/","article_published_time":"2020-10-05T13:40:55+00:00","article_modified_time":"2020-12-12T19:21:55+00:00","og_image":[{"width":1646,"height":1926,"url":"https:\/\/lafrenchcoop.fr\/site\/wp-content\/uploads\/2020\/10\/Festival_Atmospheres.png","type":"image\/png"}],"twitter_card":"summary_large_image","twitter_creator":"@FrenchCoop","twitter_site":"@FrenchCoop","twitter_misc":{"\u00c9crit par":"lafrenchcoop","Dur\u00e9e de lecture estim\u00e9e":"1 minute"},"schema":{"@context":"https:\/\/schema.org","@graph":[{"@type":"WebSite","@id":"https:\/\/lafrenchcoop.fr\/site\/#website","url":"https:\/\/lafrenchcoop.fr\/site\/","name":"La French Coop","description":"L&#039;\u00e9picerie coop\u00e9rative et participative d&#039;Asni\u00e8res-sur-Seine !","potentialAction":[{"@type":"SearchAction","target":{"@type":"EntryPoint","urlTemplate":"https:\/\/lafrenchcoop.fr\/site\/?s={search_term_string}"},"query-input":"required name=search_term_string"}],"inLanguage":"fr-FR"},{"@type":"ImageObject","@id":"https:\/\/lafrenchcoop.fr\/site\/evenements\/festival-atmospheres-10-ans#primaryimage","inLanguage":"fr-FR","url":"https:\/\/lafrenchcoop.fr\/site\/wp-content\/uploads\/2020\/10\/Festival_Atmospheres.png","contentUrl":"https:\/\/lafrenchcoop.fr\/site\/wp-content\/uploads\/2020\/10\/Festival_Atmospheres.png","width":1646,"height":1926,"caption":"Festival Atmospheres"},{"@type":"WebPage","@id":"https:\/\/lafrenchcoop.fr\/site\/evenements\/festival-atmospheres-10-ans#webpage","url":"https:\/\/lafrenchcoop.fr\/site\/evenements\/festival-atmospheres-10-ans","name":"Festival Atmosph\u00e8res : les 10 ans - La French Coop","isPartOf":{"@id":"https:\/\/lafrenchcoop.fr\/site\/#website"},"primaryImageOfPage":{"@id":"https:\/\/lafrenchcoop.fr\/site\/evenements\/festival-atmospheres-10-ans#primaryimage"},"datePublished":"2020-10-05T13:40:55+00:00","dateModified":"2020-12-12T19:21:55+00:00","author":{"@id":"https:\/\/lafrenchcoop.fr\/site\/#\/schema\/person\/ba218cfcafb09c5becc70800de7554bf"},"breadcrumb":{"@id":"https:\/\/lafrenchcoop.fr\/site\/evenements\/festival-atmospheres-10-ans#breadcrumb"},"inLanguage":"fr-FR","potentialAction":[{"@type":"ReadAction","target":["https:\/\/lafrenchcoop.fr\/site\/evenements\/festival-atmospheres-10-ans"]}]},{"@type":"BreadcrumbList","@id":"https:\/\/lafrenchcoop.fr\/site\/evenements\/festival-atmospheres-10-ans#breadcrumb","itemListElement":[{"@type":"ListItem","position":1,"name":"Accueil","item":"https:\/\/lafrenchcoop.fr\/site\/"},{"@type":"ListItem","position":2,"name":"Festival Atmosph\u00e8res : les 10 ans"}]},{"@type":"Person","@id":"https:\/\/lafrenchcoop.fr\/site\/#\/schema\/person\/ba218cfcafb09c5becc70800de7554bf","name":"lafrenchcoop","image":{"@type":"ImageObject","@id":"https:\/\/lafrenchcoop.fr\/site\/#personlogo","inLanguage":"fr-FR","url":"https:\/\/secure.gravatar.com\/avatar\/f35efd74c5723ad71a999ece82bb95f4?s=96&d=mm&r=g","contentUrl":"https:\/\/secure.gravatar.com\/avatar\/f35efd74c5723ad71a999ece82bb95f4?s=96&d=mm&r=g","caption":"lafrenchcoop"},"url":"https:\/\/lafrenchcoop.fr\/site\/author\/lafrenchcoop"}]}},"_links":{"self":[{"href":"https:\/\/lafrenchcoop.fr\/site\/wp-json\/wp\/v2\/posts\/102801"}],"collection":[{"href":"https:\/\/lafrenchcoop.fr\/site\/wp-json\/wp\/v2\/posts"}],"about":[{"href":"https:\/\/lafrenchcoop.fr\/site\/wp-json\/wp\/v2\/types\/post"}],"author":[{"embeddable":true,"href":"https:\/\/lafrenchcoop.fr\/site\/wp-json\/wp\/v2\/users\/4"}],"replies":[{"embeddable":true,"href":"https:\/\/lafrenchcoop.fr\/site\/wp-json\/wp\/v2\/comments?post=102801"}],"version-history":[{"count":10,"href":"https:\/\/lafrenchcoop.fr\/site\/wp-json\/wp\/v2\/posts\/102801\/revisions"}],"predecessor-version":[{"id":133079,"href":"https:\/\/lafrenchcoop.fr\/site\/wp-json\/wp\/v2\/posts\/102801\/revisions\/133079"}],"wp:featuredmedia":[{"embeddable":true,"href":"https:\/\/lafrenchcoop.fr\/site\/wp-json\/wp\/v2\/media\/102810"}],"wp:attachment":[{"href":"https:\/\/lafrenchcoop.fr\/site\/wp-json\/wp\/v2\/media?parent=102801"}],"wp:term":[{"taxonomy":"category","embeddable":true,"href":"https:\/\/lafrenchcoop.fr\/site\/wp-json\/wp\/v2\/categories?post=102801"},{"taxonomy":"post_tag","embeddable":true,"href":"https:\/\/lafrenchcoop.fr\/site\/wp-json\/wp\/v2\/tags?post=102801"}],"curies":[{"name":"wp","href":"https:\/\/api.w.org\/{rel}","templated":true}]}}