{"id":104448,"date":"2020-10-09T18:07:30","date_gmt":"2020-10-09T16:07:30","guid":{"rendered":"https:\/\/lafrenchcoop.fr\/site\/?p=104448"},"modified":"2021-05-01T17:45:35","modified_gmt":"2021-05-01T15:45:35","slug":"presentation-integrale-diffusee-lors-de-lassemblee-generale-ordinaire-de-septembre-2020","status":"publish","type":"post","link":"https:\/\/lafrenchcoop.fr\/site\/infos\/presentation-integrale-diffusee-lors-de-lassemblee-generale-ordinaire-de-septembre-2020","title":{"rendered":"Pr\u00e9sentation int\u00e9grale diffus\u00e9e lors de l&rsquo;assembl\u00e9e g\u00e9n\u00e9rale ordinaire de septembre 2020"},"content":{"rendered":"","protected":true},"excerpt":{"rendered":"","protected":true},"author":4,"featured_media":104595,"comment_status":"open","ping_status":"open","sticky":false,"template":"","format":"standard","meta":[],"categories":[11],"tags":[32,35],"yoast_head":"<!-- This site is optimized with the Yoast SEO plugin v17.9 - https:\/\/yoast.com\/wordpress\/plugins\/seo\/ -->\n<title>Pr\u00e9sentation int\u00e9grale diffus\u00e9e lors de l&#039;assembl\u00e9e g\u00e9n\u00e9rale ordinaire de septembre 2020 - La French Coop<\/title>\n<meta name=\"description\" content=\"Retrouvez ici l&#039;int\u00e9gralit\u00e9 de la pr\u00e9sentation diffus\u00e9e Assembl\u00e9e G\u00e9n\u00e9rale septembre 2020 de l&#039;association Les Amis de La French Coop.\" \/>\n<meta name=\"robots\" content=\"index, nofollow, max-snippet:-1, max-image-preview:large, max-video-preview:-1\" \/>\n<link rel=\"canonical\" href=\"https:\/\/lafrenchcoop.fr\/site\/infos\/presentation-integrale-diffusee-lors-de-lassemblee-generale-ordinaire-de-septembre-2020\" \/>\n<meta property=\"og:locale\" content=\"fr_FR\" \/>\n<meta property=\"og:type\" content=\"article\" \/>\n<meta property=\"og:title\" content=\"Pr\u00e9sentation int\u00e9grale diffus\u00e9e lors de l&#039;assembl\u00e9e g\u00e9n\u00e9rale ordinaire de septembre 2020 - La French Coop\" \/>\n<meta property=\"og:description\" content=\"Retrouvez ici l&#039;int\u00e9gralit\u00e9 de la pr\u00e9sentation diffus\u00e9e Assembl\u00e9e G\u00e9n\u00e9rale septembre 2020 de l&#039;association Les Amis de La French Coop.\" \/>\n<meta property=\"og:url\" content=\"https:\/\/lafrenchcoop.fr\/site\/infos\/presentation-integrale-diffusee-lors-de-lassemblee-generale-ordinaire-de-septembre-2020\" \/>\n<meta property=\"og:site_name\" content=\"La French Coop\" \/>\n<meta property=\"article:publisher\" content=\"https:\/\/www.facebook.com\/lafrenchcoop\/\" \/>\n<meta property=\"article:published_time\" content=\"2020-10-09T16:07:30+00:00\" \/>\n<meta property=\"article:modified_time\" content=\"2021-05-01T15:45:35+00:00\" \/>\n<meta name=\"twitter:card\" content=\"summary_large_image\" \/>\n<meta name=\"twitter:creator\" content=\"@FrenchCoop\" \/>\n<meta name=\"twitter:site\" content=\"@FrenchCoop\" \/>\n<meta name=\"twitter:label1\" content=\"\u00c9crit par\" \/>\n\t<meta name=\"twitter:data1\" content=\"lafrenchcoop\" \/>\n\t<meta name=\"twitter:label2\" content=\"Dur\u00e9e de lecture estim\u00e9e\" \/>\n\t<meta name=\"twitter:data2\" content=\"1 minute\" \/>\n<script type=\"application\/ld+json\" class=\"yoast-schema-graph\">{\"@context\":\"https:\/\/schema.org\",\"@graph\":[{\"@type\":\"WebSite\",\"@id\":\"https:\/\/lafrenchcoop.fr\/site\/#website\",\"url\":\"https:\/\/lafrenchcoop.fr\/site\/\",\"name\":\"La French Coop\",\"description\":\"L&#039;\\u00e9picerie coop\\u00e9rative et participative d&#039;Asni\\u00e8res-sur-Seine !\",\"potentialAction\":[{\"@type\":\"SearchAction\",\"target\":{\"@type\":\"EntryPoint\",\"urlTemplate\":\"https:\/\/lafrenchcoop.fr\/site\/?s={search_term_string}\"},\"query-input\":\"required name=search_term_string\"}],\"inLanguage\":\"fr-FR\"},{\"@type\":\"WebPage\",\"@id\":\"https:\/\/lafrenchcoop.fr\/site\/infos\/presentation-integrale-diffusee-lors-de-lassemblee-generale-ordinaire-de-septembre-2020#webpage\",\"url\":\"https:\/\/lafrenchcoop.fr\/site\/infos\/presentation-integrale-diffusee-lors-de-lassemblee-generale-ordinaire-de-septembre-2020\",\"name\":\"Pr\\u00e9sentation int\\u00e9grale diffus\\u00e9e lors de l'assembl\\u00e9e g\\u00e9n\\u00e9rale ordinaire de septembre 2020 - La French Coop\",\"isPartOf\":{\"@id\":\"https:\/\/lafrenchcoop.fr\/site\/#website\"},\"datePublished\":\"2020-10-09T16:07:30+00:00\",\"dateModified\":\"2021-05-01T15:45:35+00:00\",\"breadcrumb\":{\"@id\":\"https:\/\/lafrenchcoop.fr\/site\/infos\/presentation-integrale-diffusee-lors-de-lassemblee-generale-ordinaire-de-septembre-2020#breadcrumb\"},\"inLanguage\":\"fr-FR\"}]}<\/script>\n<!-- \/ Yoast SEO plugin. -->","yoast_head_json":{"title":"Pr\u00e9sentation int\u00e9grale diffus\u00e9e lors de l'assembl\u00e9e g\u00e9n\u00e9rale ordinaire de septembre 2020 - La French Coop","description":"Retrouvez ici l'int\u00e9gralit\u00e9 de la pr\u00e9sentation diffus\u00e9e Assembl\u00e9e G\u00e9n\u00e9rale septembre 2020 de l'association Les Amis de La French Coop.","robots":{"index":"index","follow":"nofollow","max-snippet":"max-snippet:-1","max-image-preview":"max-image-preview:large","max-video-preview":"max-video-preview:-1"},"canonical":"https:\/\/lafrenchcoop.fr\/site\/infos\/presentation-integrale-diffusee-lors-de-lassemblee-generale-ordinaire-de-septembre-2020","og_locale":"fr_FR","og_type":"article","og_title":"Pr\u00e9sentation int\u00e9grale diffus\u00e9e lors de l'assembl\u00e9e g\u00e9n\u00e9rale ordinaire de septembre 2020 - La French Coop","og_description":"Retrouvez ici l'int\u00e9gralit\u00e9 de la pr\u00e9sentation diffus\u00e9e Assembl\u00e9e G\u00e9n\u00e9rale septembre 2020 de l'association Les Amis de La French Coop.","og_url":"https:\/\/lafrenchcoop.fr\/site\/infos\/presentation-integrale-diffusee-lors-de-lassemblee-generale-ordinaire-de-septembre-2020","og_site_name":"La French Coop","article_publisher":"https:\/\/www.facebook.com\/lafrenchcoop\/","article_published_time":"2020-10-09T16:07:30+00:00","article_modified_time":"2021-05-01T15:45:35+00:00","twitter_card":"summary_large_image","twitter_creator":"@FrenchCoop","twitter_site":"@FrenchCoop","twitter_misc":{"\u00c9crit par":"lafrenchcoop","Dur\u00e9e de lecture estim\u00e9e":"1 minute"},"schema":{"@context":"https:\/\/schema.org","@graph":[{"@type":"WebSite","@id":"https:\/\/lafrenchcoop.fr\/site\/#website","url":"https:\/\/lafrenchcoop.fr\/site\/","name":"La French Coop","description":"L&#039;\u00e9picerie coop\u00e9rative et participative d&#039;Asni\u00e8res-sur-Seine !","potentialAction":[{"@type":"SearchAction","target":{"@type":"EntryPoint","urlTemplate":"https:\/\/lafrenchcoop.fr\/site\/?s={search_term_string}"},"query-input":"required name=search_term_string"}],"inLanguage":"fr-FR"},{"@type":"WebPage","@id":"https:\/\/lafrenchcoop.fr\/site\/infos\/presentation-integrale-diffusee-lors-de-lassemblee-generale-ordinaire-de-septembre-2020#webpage","url":"https:\/\/lafrenchcoop.fr\/site\/infos\/presentation-integrale-diffusee-lors-de-lassemblee-generale-ordinaire-de-septembre-2020","name":"Pr\u00e9sentation int\u00e9grale diffus\u00e9e lors de l'assembl\u00e9e g\u00e9n\u00e9rale ordinaire de septembre 2020 - La French Coop","isPartOf":{"@id":"https:\/\/lafrenchcoop.fr\/site\/#website"},"datePublished":"2020-10-09T16:07:30+00:00","dateModified":"2021-05-01T15:45:35+00:00","breadcrumb":{"@id":"https:\/\/lafrenchcoop.fr\/site\/infos\/presentation-integrale-diffusee-lors-de-lassemblee-generale-ordinaire-de-septembre-2020#breadcrumb"},"inLanguage":"fr-FR"}]}},"_links":{"self":[{"href":"https:\/\/lafrenchcoop.fr\/site\/wp-json\/wp\/v2\/posts\/104448"}],"collection":[{"href":"https:\/\/lafrenchcoop.fr\/site\/wp-json\/wp\/v2\/posts"}],"about":[{"href":"https:\/\/lafrenchcoop.fr\/site\/wp-json\/wp\/v2\/types\/post"}],"author":[{"embeddable":true,"href":"https:\/\/lafrenchcoop.fr\/site\/wp-json\/wp\/v2\/users\/4"}],"replies":[{"embeddable":true,"href":"https:\/\/lafrenchcoop.fr\/site\/wp-json\/wp\/v2\/comments?post=104448"}],"version-history":[{"count":9,"href":"https:\/\/lafrenchcoop.fr\/site\/wp-json\/wp\/v2\/posts\/104448\/revisions"}],"predecessor-version":[{"id":192840,"href":"https:\/\/lafrenchcoop.fr\/site\/wp-json\/wp\/v2\/posts\/104448\/revisions\/192840"}],"wp:featuredmedia":[{"embeddable":true,"href":"https:\/\/lafrenchcoop.fr\/site\/wp-json\/wp\/v2\/media\/104595"}],"wp:attachment":[{"href":"https:\/\/lafrenchcoop.fr\/site\/wp-json\/wp\/v2\/media?parent=104448"}],"wp:term":[{"taxonomy":"category","embeddable":true,"href":"https:\/\/lafrenchcoop.fr\/site\/wp-json\/wp\/v2\/categories?post=104448"},{"taxonomy":"post_tag","embeddable":true,"href":"https:\/\/lafrenchcoop.fr\/site\/wp-json\/wp\/v2\/tags?post=104448"}],"curies":[{"name":"wp","href":"https:\/\/api.w.org\/{rel}","templated":true}]}}