{"id":192728,"date":"2021-04-09T15:59:40","date_gmt":"2021-04-09T13:59:40","guid":{"rendered":"https:\/\/lafrenchcoop.fr\/site\/?p=192728"},"modified":"2021-04-12T17:23:58","modified_gmt":"2021-04-12T15:23:58","slug":"la-french-coop-au-marche-des-victoires","status":"publish","type":"post","link":"https:\/\/lafrenchcoop.fr\/site\/evenements\/la-french-coop-au-marche-des-victoires","title":{"rendered":"La French Coop au march\u00e9 des Victoires d&rsquo;Asni\u00e8res-sur-Seine"},"content":{"rendered":"\n<p class=\"has-medium-font-size\"><strong><em>La French Coop<\/em> sera pr\u00e9sente au march\u00e9 des Victoires d&rsquo;Asni\u00e8res-sur-Seine, ce dimanche matin, dans le but de faire d\u00e9couvrir notre \u00e9picerie aux habitants d\u2019Asni\u00e8res-sur-Seine.<\/strong><\/p>\n\n\n\n<p>Venez visiter notre stand et invitez vos voisin.es et ami.e.s \u00e0 venir avec vous ! <br>Cette initiative a pour but de faire conna\u00eetre notre d\u00e9marche responsable au plus grand nombre pour atteindre 500 adh\u00e9rents ! (voir <a href=\"https:\/\/lafrenchcoop.fr\/site\/evenements\/operation-speciale-parrainage-objectif500\" target=\"_blank\" rel=\"noreferrer noopener\">article relatif \u00e0 l&rsquo;op\u00e9ration #OBJECTIF500<\/a>).<\/p>\n\n\n\n<p>Nous avons encore besoin de membres pour nous aider \u00e0 tenir le stand et \u00e0 recruter des adh\u00e9rents. Si vous \u00eates disponibles inscrivez-vous sur votre espace membre sur Elefan (cat\u00e9gorie tractage march\u00e9).<br>\u00c0 dimanche !<\/p>\n\n\n","protected":false},"excerpt":{"rendered":"<p>La French Coop sera pr\u00e9sente au march\u00e9 des Victoires d&rsquo;Asni\u00e8res-sur-Seine, ce dimanche matin, dans le but de faire d\u00e9couvrir notre \u00e9picerie aux habitants d\u2019Asni\u00e8res-sur-Seine. Venez visiter notre stand et invitez vos voisin.es et ami.e.s \u00e0 venir avec vous ! Cette initiative a pour but de faire conna\u00eetre notre d\u00e9marche responsable [&hellip;]<\/p>\n","protected":false},"author":4,"featured_media":192734,"comment_status":"open","ping_status":"open","sticky":false,"template":"","format":"standard","meta":[],"categories":[10],"tags":[22,24],"yoast_head":"<!-- This site is optimized with the Yoast SEO plugin v17.9 - https:\/\/yoast.com\/wordpress\/plugins\/seo\/ -->\n<title>La French Coop au march\u00e9 des Victoires d&#039;Asni\u00e8res-sur-Seine - La French Coop<\/title>\n<meta name=\"description\" content=\"Nous serons pr\u00e9sent au march\u00e9 des Victoires d&#039;Asni\u00e8res-sur-Seine, ce dimanche matin, pour faire d\u00e9couvrir notre \u00e9picerie aux Asni\u00e9rois !\" \/>\n<meta name=\"robots\" content=\"index, follow, max-snippet:-1, max-image-preview:large, max-video-preview:-1\" \/>\n<link rel=\"canonical\" href=\"https:\/\/lafrenchcoop.fr\/site\/evenements\/la-french-coop-au-marche-des-victoires\" \/>\n<meta property=\"og:locale\" content=\"fr_FR\" \/>\n<meta property=\"og:type\" content=\"article\" \/>\n<meta property=\"og:title\" content=\"La French Coop au march\u00e9 des Victoires d&#039;Asni\u00e8res-sur-Seine - La French Coop\" \/>\n<meta property=\"og:description\" content=\"Nous serons pr\u00e9sent au march\u00e9 des Victoires d&#039;Asni\u00e8res-sur-Seine, ce dimanche matin, pour faire d\u00e9couvrir notre \u00e9picerie aux Asni\u00e9rois !\" \/>\n<meta property=\"og:url\" content=\"https:\/\/lafrenchcoop.fr\/site\/evenements\/la-french-coop-au-marche-des-victoires\" \/>\n<meta property=\"og:site_name\" content=\"La French Coop\" \/>\n<meta property=\"article:publisher\" content=\"https:\/\/www.facebook.com\/lafrenchcoop\/\" \/>\n<meta property=\"article:published_time\" content=\"2021-04-09T13:59:40+00:00\" \/>\n<meta property=\"article:modified_time\" content=\"2021-04-12T15:23:58+00:00\" \/>\n<meta property=\"og:image\" content=\"https:\/\/lafrenchcoop.fr\/site\/wp-content\/uploads\/2021\/04\/Marche-victoires.png\" \/>\n\t<meta property=\"og:image:width\" content=\"2250\" \/>\n\t<meta property=\"og:image:height\" content=\"2250\" \/>\n\t<meta property=\"og:image:type\" content=\"image\/png\" \/>\n<meta name=\"twitter:card\" content=\"summary_large_image\" \/>\n<meta name=\"twitter:creator\" content=\"@FrenchCoop\" \/>\n<meta name=\"twitter:site\" content=\"@FrenchCoop\" \/>\n<meta name=\"twitter:label1\" content=\"\u00c9crit par\" \/>\n\t<meta name=\"twitter:data1\" content=\"lafrenchcoop\" \/>\n\t<meta name=\"twitter:label2\" content=\"Dur\u00e9e de lecture estim\u00e9e\" \/>\n\t<meta name=\"twitter:data2\" content=\"1 minute\" \/>\n<script type=\"application\/ld+json\" class=\"yoast-schema-graph\">{\"@context\":\"https:\/\/schema.org\",\"@graph\":[{\"@type\":\"WebSite\",\"@id\":\"https:\/\/lafrenchcoop.fr\/site\/#website\",\"url\":\"https:\/\/lafrenchcoop.fr\/site\/\",\"name\":\"La French Coop\",\"description\":\"L&#039;\\u00e9picerie coop\\u00e9rative et participative d&#039;Asni\\u00e8res-sur-Seine !\",\"potentialAction\":[{\"@type\":\"SearchAction\",\"target\":{\"@type\":\"EntryPoint\",\"urlTemplate\":\"https:\/\/lafrenchcoop.fr\/site\/?s={search_term_string}\"},\"query-input\":\"required name=search_term_string\"}],\"inLanguage\":\"fr-FR\"},{\"@type\":\"ImageObject\",\"@id\":\"https:\/\/lafrenchcoop.fr\/site\/evenements\/la-french-coop-au-marche-des-victoires#primaryimage\",\"inLanguage\":\"fr-FR\",\"url\":\"https:\/\/lafrenchcoop.fr\/site\/wp-content\/uploads\/2021\/04\/Marche-victoires.png\",\"contentUrl\":\"https:\/\/lafrenchcoop.fr\/site\/wp-content\/uploads\/2021\/04\/Marche-victoires.png\",\"width\":2250,\"height\":2250,\"caption\":\"March\\u00e9 des Victoires Asni\\u00e8res-sur-seine\"},{\"@type\":\"WebPage\",\"@id\":\"https:\/\/lafrenchcoop.fr\/site\/evenements\/la-french-coop-au-marche-des-victoires#webpage\",\"url\":\"https:\/\/lafrenchcoop.fr\/site\/evenements\/la-french-coop-au-marche-des-victoires\",\"name\":\"La French Coop au march\\u00e9 des Victoires d'Asni\\u00e8res-sur-Seine - La French Coop\",\"isPartOf\":{\"@id\":\"https:\/\/lafrenchcoop.fr\/site\/#website\"},\"primaryImageOfPage\":{\"@id\":\"https:\/\/lafrenchcoop.fr\/site\/evenements\/la-french-coop-au-marche-des-victoires#primaryimage\"},\"datePublished\":\"2021-04-09T13:59:40+00:00\",\"dateModified\":\"2021-04-12T15:23:58+00:00\",\"author\":{\"@id\":\"https:\/\/lafrenchcoop.fr\/site\/#\/schema\/person\/ba218cfcafb09c5becc70800de7554bf\"},\"description\":\"Nous serons pr\\u00e9sent au march\\u00e9 des Victoires d'Asni\\u00e8res-sur-Seine, ce dimanche matin, pour faire d\\u00e9couvrir notre \\u00e9picerie aux Asni\\u00e9rois !\",\"breadcrumb\":{\"@id\":\"https:\/\/lafrenchcoop.fr\/site\/evenements\/la-french-coop-au-marche-des-victoires#breadcrumb\"},\"inLanguage\":\"fr-FR\",\"potentialAction\":[{\"@type\":\"ReadAction\",\"target\":[\"https:\/\/lafrenchcoop.fr\/site\/evenements\/la-french-coop-au-marche-des-victoires\"]}]},{\"@type\":\"BreadcrumbList\",\"@id\":\"https:\/\/lafrenchcoop.fr\/site\/evenements\/la-french-coop-au-marche-des-victoires#breadcrumb\",\"itemListElement\":[{\"@type\":\"ListItem\",\"position\":1,\"name\":\"Accueil\",\"item\":\"https:\/\/lafrenchcoop.fr\/site\/\"},{\"@type\":\"ListItem\",\"position\":2,\"name\":\"La French Coop au march\\u00e9 des Victoires d&rsquo;Asni\\u00e8res-sur-Seine\"}]},{\"@type\":\"Person\",\"@id\":\"https:\/\/lafrenchcoop.fr\/site\/#\/schema\/person\/ba218cfcafb09c5becc70800de7554bf\",\"name\":\"lafrenchcoop\",\"image\":{\"@type\":\"ImageObject\",\"@id\":\"https:\/\/lafrenchcoop.fr\/site\/#personlogo\",\"inLanguage\":\"fr-FR\",\"url\":\"https:\/\/secure.gravatar.com\/avatar\/f35efd74c5723ad71a999ece82bb95f4?s=96&d=mm&r=g\",\"contentUrl\":\"https:\/\/secure.gravatar.com\/avatar\/f35efd74c5723ad71a999ece82bb95f4?s=96&d=mm&r=g\",\"caption\":\"lafrenchcoop\"},\"url\":\"https:\/\/lafrenchcoop.fr\/site\/author\/lafrenchcoop\"}]}<\/script>\n<!-- \/ Yoast SEO plugin. -->","yoast_head_json":{"title":"La French Coop au march\u00e9 des Victoires d'Asni\u00e8res-sur-Seine - La French Coop","description":"Nous serons pr\u00e9sent au march\u00e9 des Victoires d'Asni\u00e8res-sur-Seine, ce dimanche matin, pour faire d\u00e9couvrir notre \u00e9picerie aux Asni\u00e9rois !","robots":{"index":"index","follow":"follow","max-snippet":"max-snippet:-1","max-image-preview":"max-image-preview:large","max-video-preview":"max-video-preview:-1"},"canonical":"https:\/\/lafrenchcoop.fr\/site\/evenements\/la-french-coop-au-marche-des-victoires","og_locale":"fr_FR","og_type":"article","og_title":"La French Coop au march\u00e9 des Victoires d'Asni\u00e8res-sur-Seine - La French Coop","og_description":"Nous serons pr\u00e9sent au march\u00e9 des Victoires d'Asni\u00e8res-sur-Seine, ce dimanche matin, pour faire d\u00e9couvrir notre \u00e9picerie aux Asni\u00e9rois !","og_url":"https:\/\/lafrenchcoop.fr\/site\/evenements\/la-french-coop-au-marche-des-victoires","og_site_name":"La French Coop","article_publisher":"https:\/\/www.facebook.com\/lafrenchcoop\/","article_published_time":"2021-04-09T13:59:40+00:00","article_modified_time":"2021-04-12T15:23:58+00:00","og_image":[{"width":2250,"height":2250,"url":"https:\/\/lafrenchcoop.fr\/site\/wp-content\/uploads\/2021\/04\/Marche-victoires.png","type":"image\/png"}],"twitter_card":"summary_large_image","twitter_creator":"@FrenchCoop","twitter_site":"@FrenchCoop","twitter_misc":{"\u00c9crit par":"lafrenchcoop","Dur\u00e9e de lecture estim\u00e9e":"1 minute"},"schema":{"@context":"https:\/\/schema.org","@graph":[{"@type":"WebSite","@id":"https:\/\/lafrenchcoop.fr\/site\/#website","url":"https:\/\/lafrenchcoop.fr\/site\/","name":"La French Coop","description":"L&#039;\u00e9picerie coop\u00e9rative et participative d&#039;Asni\u00e8res-sur-Seine !","potentialAction":[{"@type":"SearchAction","target":{"@type":"EntryPoint","urlTemplate":"https:\/\/lafrenchcoop.fr\/site\/?s={search_term_string}"},"query-input":"required name=search_term_string"}],"inLanguage":"fr-FR"},{"@type":"ImageObject","@id":"https:\/\/lafrenchcoop.fr\/site\/evenements\/la-french-coop-au-marche-des-victoires#primaryimage","inLanguage":"fr-FR","url":"https:\/\/lafrenchcoop.fr\/site\/wp-content\/uploads\/2021\/04\/Marche-victoires.png","contentUrl":"https:\/\/lafrenchcoop.fr\/site\/wp-content\/uploads\/2021\/04\/Marche-victoires.png","width":2250,"height":2250,"caption":"March\u00e9 des Victoires Asni\u00e8res-sur-seine"},{"@type":"WebPage","@id":"https:\/\/lafrenchcoop.fr\/site\/evenements\/la-french-coop-au-marche-des-victoires#webpage","url":"https:\/\/lafrenchcoop.fr\/site\/evenements\/la-french-coop-au-marche-des-victoires","name":"La French Coop au march\u00e9 des Victoires d'Asni\u00e8res-sur-Seine - La French Coop","isPartOf":{"@id":"https:\/\/lafrenchcoop.fr\/site\/#website"},"primaryImageOfPage":{"@id":"https:\/\/lafrenchcoop.fr\/site\/evenements\/la-french-coop-au-marche-des-victoires#primaryimage"},"datePublished":"2021-04-09T13:59:40+00:00","dateModified":"2021-04-12T15:23:58+00:00","author":{"@id":"https:\/\/lafrenchcoop.fr\/site\/#\/schema\/person\/ba218cfcafb09c5becc70800de7554bf"},"description":"Nous serons pr\u00e9sent au march\u00e9 des Victoires d'Asni\u00e8res-sur-Seine, ce dimanche matin, pour faire d\u00e9couvrir notre \u00e9picerie aux Asni\u00e9rois !","breadcrumb":{"@id":"https:\/\/lafrenchcoop.fr\/site\/evenements\/la-french-coop-au-marche-des-victoires#breadcrumb"},"inLanguage":"fr-FR","potentialAction":[{"@type":"ReadAction","target":["https:\/\/lafrenchcoop.fr\/site\/evenements\/la-french-coop-au-marche-des-victoires"]}]},{"@type":"BreadcrumbList","@id":"https:\/\/lafrenchcoop.fr\/site\/evenements\/la-french-coop-au-marche-des-victoires#breadcrumb","itemListElement":[{"@type":"ListItem","position":1,"name":"Accueil","item":"https:\/\/lafrenchcoop.fr\/site\/"},{"@type":"ListItem","position":2,"name":"La French Coop au march\u00e9 des Victoires d&rsquo;Asni\u00e8res-sur-Seine"}]},{"@type":"Person","@id":"https:\/\/lafrenchcoop.fr\/site\/#\/schema\/person\/ba218cfcafb09c5becc70800de7554bf","name":"lafrenchcoop","image":{"@type":"ImageObject","@id":"https:\/\/lafrenchcoop.fr\/site\/#personlogo","inLanguage":"fr-FR","url":"https:\/\/secure.gravatar.com\/avatar\/f35efd74c5723ad71a999ece82bb95f4?s=96&d=mm&r=g","contentUrl":"https:\/\/secure.gravatar.com\/avatar\/f35efd74c5723ad71a999ece82bb95f4?s=96&d=mm&r=g","caption":"lafrenchcoop"},"url":"https:\/\/lafrenchcoop.fr\/site\/author\/lafrenchcoop"}]}},"_links":{"self":[{"href":"https:\/\/lafrenchcoop.fr\/site\/wp-json\/wp\/v2\/posts\/192728"}],"collection":[{"href":"https:\/\/lafrenchcoop.fr\/site\/wp-json\/wp\/v2\/posts"}],"about":[{"href":"https:\/\/lafrenchcoop.fr\/site\/wp-json\/wp\/v2\/types\/post"}],"author":[{"embeddable":true,"href":"https:\/\/lafrenchcoop.fr\/site\/wp-json\/wp\/v2\/users\/4"}],"replies":[{"embeddable":true,"href":"https:\/\/lafrenchcoop.fr\/site\/wp-json\/wp\/v2\/comments?post=192728"}],"version-history":[{"count":5,"href":"https:\/\/lafrenchcoop.fr\/site\/wp-json\/wp\/v2\/posts\/192728\/revisions"}],"predecessor-version":[{"id":192735,"href":"https:\/\/lafrenchcoop.fr\/site\/wp-json\/wp\/v2\/posts\/192728\/revisions\/192735"}],"wp:featuredmedia":[{"embeddable":true,"href":"https:\/\/lafrenchcoop.fr\/site\/wp-json\/wp\/v2\/media\/192734"}],"wp:attachment":[{"href":"https:\/\/lafrenchcoop.fr\/site\/wp-json\/wp\/v2\/media?parent=192728"}],"wp:term":[{"taxonomy":"category","embeddable":true,"href":"https:\/\/lafrenchcoop.fr\/site\/wp-json\/wp\/v2\/categories?post=192728"},{"taxonomy":"post_tag","embeddable":true,"href":"https:\/\/lafrenchcoop.fr\/site\/wp-json\/wp\/v2\/tags?post=192728"}],"curies":[{"name":"wp","href":"https:\/\/api.w.org\/{rel}","templated":true}]}}