{"id":192833,"date":"2021-04-30T17:41:32","date_gmt":"2021-04-30T15:41:32","guid":{"rendered":"https:\/\/lafrenchcoop.fr\/site\/?p=192833"},"modified":"2021-06-23T13:58:13","modified_gmt":"2021-06-23T11:58:13","slug":"nouveau-groupe-prive-facebook","status":"publish","type":"post","link":"https:\/\/lafrenchcoop.fr\/site\/evenements\/nouveau-groupe-prive-facebook","title":{"rendered":"Nouveau groupe priv\u00e9 Facebook"},"content":{"rendered":"\n<p class=\"has-medium-font-size\"><strong>L&rsquo;association<\/strong> <em><strong>Les Amis de <\/strong><\/em><strong><em>La French Coop<\/em> a d\u00e9sormais un groupe priv\u00e9 Facebook pour ses adh\u00e9rents : <\/strong><br><strong>\u00ab\u00a0Les bons plans de La French Coop\u00a0\u00bb.<\/strong><br>Cette nouvelle communaut\u00e9 d\u2019entraide entre adh\u00e9rents est fond\u00e9e sur des valeurs de solidarit\u00e9 et de vivre ensemble.<\/p>\n\n\n\n<div class=\"wp-block-image\"><figure class=\"aligncenter size-full is-resized\"><a href=\"https:\/\/www.facebook.com\/groups\/250351520168053\" target=\"_blank\" rel=\"noopener\"><img loading=\"lazy\" src=\"https:\/\/lafrenchcoop.fr\/site\/wp-content\/uploads\/2021\/05\/Montage-AG.png\" alt=\"Nouveau groupe priv\u00e9 Facebook. Une partie des adh\u00e9rents de l'association Les Amis de La French Coop, pour notre nouveau groupe Facebook &quot;Les bons plans de La French Coop&quot;.\" class=\"wp-image-192837\" width=\"851\" height=\"315\" srcset=\"https:\/\/lafrenchcoop.fr\/site\/wp-content\/uploads\/2021\/05\/Montage-AG.png 851w, https:\/\/lafrenchcoop.fr\/site\/wp-content\/uploads\/2021\/05\/Montage-AG-500x185.png 500w, https:\/\/lafrenchcoop.fr\/site\/wp-content\/uploads\/2021\/05\/Montage-AG-768x284.png 768w\" sizes=\"(max-width: 851px) 100vw, 851px\" \/><\/a><figcaption><sup><sub>Une partie des adh\u00e9rents de l&rsquo;association <em>Les Amis de La French Coop<\/em>, pour notre nouveau groupe Facebook \u00ab\u00a0Les bons plans de La French Coop\u00a0\u00bb.<\/sub><\/sup><\/figcaption><\/figure><\/div>\n\n\n\n<p>Vous pourrez y publier&nbsp;:<\/p>\n\n\n\n<ul><li>des petites annonces, des \u00e9changes de service, des bons plans ;<\/li><li>sur le sujet de votre choix tout en respectant les r\u00e8gles de publication, comme des recettes de cuisine ;<\/li><li>de l\u2019aide ou un conseil aux adh\u00e9rents sur le sujet de votre choix.<\/li><\/ul>\n\n\n\n<p>Pour acc\u00e9der \u00e0 ce groupe, vous devrez bien s\u00fbr avoir un compte Facebook et \u00eatre \u00e0 jour de votre cotisation.<\/p>\n\n\n\n<p class=\"has-text-align-center has-accent-color has-text-color has-background\" style=\"background-color:#e9fae1\"><a href=\"https:\/\/www.facebook.com\/groups\/250351520168053\" target=\"_blank\" rel=\"noreferrer noopener\"><strong>Je souhaite rejoindre le groupe Facebook \u00ab\u00a0Les bons plans de La French Coop\u00a0\u00bb<\/strong> !<\/a><\/p>\n\n\n\n<div style=\"height:20px\" aria-hidden=\"true\" class=\"wp-block-spacer\"><\/div>\n","protected":false},"excerpt":{"rendered":"<p>L&rsquo;association Les Amis de La French Coop a d\u00e9sormais un groupe priv\u00e9 Facebook pour ses adh\u00e9rents : \u00ab\u00a0Les bons plans de La French Coop\u00a0\u00bb.Cette nouvelle communaut\u00e9 d\u2019entraide entre adh\u00e9rents est fond\u00e9e sur des valeurs de solidarit\u00e9 et de vivre ensemble. Vous pourrez y publier&nbsp;: des petites annonces, des \u00e9changes de [&hellip;]<\/p>\n","protected":false},"author":4,"featured_media":192837,"comment_status":"open","ping_status":"open","sticky":false,"template":"","format":"standard","meta":[],"categories":[10],"tags":[22,35],"yoast_head":"<!-- This site is optimized with the Yoast SEO plugin v17.9 - https:\/\/yoast.com\/wordpress\/plugins\/seo\/ -->\n<title>Nouveau groupe priv\u00e9 Facebook - La French Coop<\/title>\n<meta name=\"description\" content=\"La French Coop a d\u00e9sormais un groupe priv\u00e9 Facebook pour ses adh\u00e9rents : &quot;Les bons plans de La French Coop&quot;.\" \/>\n<meta name=\"robots\" content=\"index, follow, max-snippet:-1, max-image-preview:large, max-video-preview:-1\" \/>\n<link rel=\"canonical\" href=\"https:\/\/lafrenchcoop.fr\/site\/evenements\/nouveau-groupe-prive-facebook\" \/>\n<meta property=\"og:locale\" content=\"fr_FR\" \/>\n<meta property=\"og:type\" content=\"article\" \/>\n<meta property=\"og:title\" content=\"Nouveau groupe priv\u00e9 Facebook - La French Coop\" \/>\n<meta property=\"og:description\" content=\"La French Coop a d\u00e9sormais un groupe priv\u00e9 Facebook pour ses adh\u00e9rents : &quot;Les bons plans de La French Coop&quot;.\" \/>\n<meta property=\"og:url\" content=\"https:\/\/lafrenchcoop.fr\/site\/evenements\/nouveau-groupe-prive-facebook\" \/>\n<meta property=\"og:site_name\" content=\"La French Coop\" \/>\n<meta property=\"article:publisher\" content=\"https:\/\/www.facebook.com\/lafrenchcoop\/\" \/>\n<meta property=\"article:published_time\" content=\"2021-04-30T15:41:32+00:00\" \/>\n<meta property=\"article:modified_time\" content=\"2021-06-23T11:58:13+00:00\" \/>\n<meta property=\"og:image\" content=\"https:\/\/lafrenchcoop.fr\/site\/wp-content\/uploads\/2021\/05\/Montage-AG.png\" \/>\n\t<meta property=\"og:image:width\" content=\"851\" \/>\n\t<meta property=\"og:image:height\" content=\"315\" \/>\n\t<meta property=\"og:image:type\" content=\"image\/png\" \/>\n<meta name=\"twitter:card\" content=\"summary_large_image\" \/>\n<meta name=\"twitter:creator\" content=\"@FrenchCoop\" \/>\n<meta name=\"twitter:site\" content=\"@FrenchCoop\" \/>\n<meta name=\"twitter:label1\" content=\"\u00c9crit par\" \/>\n\t<meta name=\"twitter:data1\" content=\"lafrenchcoop\" \/>\n\t<meta name=\"twitter:label2\" content=\"Dur\u00e9e de lecture estim\u00e9e\" \/>\n\t<meta name=\"twitter:data2\" content=\"1 minute\" \/>\n<script type=\"application\/ld+json\" class=\"yoast-schema-graph\">{\"@context\":\"https:\/\/schema.org\",\"@graph\":[{\"@type\":\"WebSite\",\"@id\":\"https:\/\/lafrenchcoop.fr\/site\/#website\",\"url\":\"https:\/\/lafrenchcoop.fr\/site\/\",\"name\":\"La French Coop\",\"description\":\"L&#039;\\u00e9picerie coop\\u00e9rative et participative d&#039;Asni\\u00e8res-sur-Seine !\",\"potentialAction\":[{\"@type\":\"SearchAction\",\"target\":{\"@type\":\"EntryPoint\",\"urlTemplate\":\"https:\/\/lafrenchcoop.fr\/site\/?s={search_term_string}\"},\"query-input\":\"required name=search_term_string\"}],\"inLanguage\":\"fr-FR\"},{\"@type\":\"ImageObject\",\"@id\":\"https:\/\/lafrenchcoop.fr\/site\/evenements\/nouveau-groupe-prive-facebook#primaryimage\",\"inLanguage\":\"fr-FR\",\"url\":\"https:\/\/lafrenchcoop.fr\/site\/wp-content\/uploads\/2021\/05\/Montage-AG.png\",\"contentUrl\":\"https:\/\/lafrenchcoop.fr\/site\/wp-content\/uploads\/2021\/05\/Montage-AG.png\",\"width\":851,\"height\":315,\"caption\":\"Groupe priv\\u00e9 Facebook\"},{\"@type\":\"WebPage\",\"@id\":\"https:\/\/lafrenchcoop.fr\/site\/evenements\/nouveau-groupe-prive-facebook#webpage\",\"url\":\"https:\/\/lafrenchcoop.fr\/site\/evenements\/nouveau-groupe-prive-facebook\",\"name\":\"Nouveau groupe priv\\u00e9 Facebook - La French Coop\",\"isPartOf\":{\"@id\":\"https:\/\/lafrenchcoop.fr\/site\/#website\"},\"primaryImageOfPage\":{\"@id\":\"https:\/\/lafrenchcoop.fr\/site\/evenements\/nouveau-groupe-prive-facebook#primaryimage\"},\"datePublished\":\"2021-04-30T15:41:32+00:00\",\"dateModified\":\"2021-06-23T11:58:13+00:00\",\"author\":{\"@id\":\"https:\/\/lafrenchcoop.fr\/site\/#\/schema\/person\/ba218cfcafb09c5becc70800de7554bf\"},\"description\":\"La French Coop a d\\u00e9sormais un groupe priv\\u00e9 Facebook pour ses adh\\u00e9rents : \\\"Les bons plans de La French Coop\\\".\",\"breadcrumb\":{\"@id\":\"https:\/\/lafrenchcoop.fr\/site\/evenements\/nouveau-groupe-prive-facebook#breadcrumb\"},\"inLanguage\":\"fr-FR\",\"potentialAction\":[{\"@type\":\"ReadAction\",\"target\":[\"https:\/\/lafrenchcoop.fr\/site\/evenements\/nouveau-groupe-prive-facebook\"]}]},{\"@type\":\"BreadcrumbList\",\"@id\":\"https:\/\/lafrenchcoop.fr\/site\/evenements\/nouveau-groupe-prive-facebook#breadcrumb\",\"itemListElement\":[{\"@type\":\"ListItem\",\"position\":1,\"name\":\"Accueil\",\"item\":\"https:\/\/lafrenchcoop.fr\/site\/\"},{\"@type\":\"ListItem\",\"position\":2,\"name\":\"Nouveau groupe priv\\u00e9 Facebook\"}]},{\"@type\":\"Person\",\"@id\":\"https:\/\/lafrenchcoop.fr\/site\/#\/schema\/person\/ba218cfcafb09c5becc70800de7554bf\",\"name\":\"lafrenchcoop\",\"image\":{\"@type\":\"ImageObject\",\"@id\":\"https:\/\/lafrenchcoop.fr\/site\/#personlogo\",\"inLanguage\":\"fr-FR\",\"url\":\"https:\/\/secure.gravatar.com\/avatar\/f35efd74c5723ad71a999ece82bb95f4?s=96&d=mm&r=g\",\"contentUrl\":\"https:\/\/secure.gravatar.com\/avatar\/f35efd74c5723ad71a999ece82bb95f4?s=96&d=mm&r=g\",\"caption\":\"lafrenchcoop\"},\"url\":\"https:\/\/lafrenchcoop.fr\/site\/author\/lafrenchcoop\"}]}<\/script>\n<!-- \/ Yoast SEO plugin. -->","yoast_head_json":{"title":"Nouveau groupe priv\u00e9 Facebook - La French Coop","description":"La French Coop a d\u00e9sormais un groupe priv\u00e9 Facebook pour ses adh\u00e9rents : \"Les bons plans de La French Coop\".","robots":{"index":"index","follow":"follow","max-snippet":"max-snippet:-1","max-image-preview":"max-image-preview:large","max-video-preview":"max-video-preview:-1"},"canonical":"https:\/\/lafrenchcoop.fr\/site\/evenements\/nouveau-groupe-prive-facebook","og_locale":"fr_FR","og_type":"article","og_title":"Nouveau groupe priv\u00e9 Facebook - La French Coop","og_description":"La French Coop a d\u00e9sormais un groupe priv\u00e9 Facebook pour ses adh\u00e9rents : \"Les bons plans de La French Coop\".","og_url":"https:\/\/lafrenchcoop.fr\/site\/evenements\/nouveau-groupe-prive-facebook","og_site_name":"La French Coop","article_publisher":"https:\/\/www.facebook.com\/lafrenchcoop\/","article_published_time":"2021-04-30T15:41:32+00:00","article_modified_time":"2021-06-23T11:58:13+00:00","og_image":[{"width":851,"height":315,"url":"https:\/\/lafrenchcoop.fr\/site\/wp-content\/uploads\/2021\/05\/Montage-AG.png","type":"image\/png"}],"twitter_card":"summary_large_image","twitter_creator":"@FrenchCoop","twitter_site":"@FrenchCoop","twitter_misc":{"\u00c9crit par":"lafrenchcoop","Dur\u00e9e de lecture estim\u00e9e":"1 minute"},"schema":{"@context":"https:\/\/schema.org","@graph":[{"@type":"WebSite","@id":"https:\/\/lafrenchcoop.fr\/site\/#website","url":"https:\/\/lafrenchcoop.fr\/site\/","name":"La French Coop","description":"L&#039;\u00e9picerie coop\u00e9rative et participative d&#039;Asni\u00e8res-sur-Seine !","potentialAction":[{"@type":"SearchAction","target":{"@type":"EntryPoint","urlTemplate":"https:\/\/lafrenchcoop.fr\/site\/?s={search_term_string}"},"query-input":"required name=search_term_string"}],"inLanguage":"fr-FR"},{"@type":"ImageObject","@id":"https:\/\/lafrenchcoop.fr\/site\/evenements\/nouveau-groupe-prive-facebook#primaryimage","inLanguage":"fr-FR","url":"https:\/\/lafrenchcoop.fr\/site\/wp-content\/uploads\/2021\/05\/Montage-AG.png","contentUrl":"https:\/\/lafrenchcoop.fr\/site\/wp-content\/uploads\/2021\/05\/Montage-AG.png","width":851,"height":315,"caption":"Groupe priv\u00e9 Facebook"},{"@type":"WebPage","@id":"https:\/\/lafrenchcoop.fr\/site\/evenements\/nouveau-groupe-prive-facebook#webpage","url":"https:\/\/lafrenchcoop.fr\/site\/evenements\/nouveau-groupe-prive-facebook","name":"Nouveau groupe priv\u00e9 Facebook - La French Coop","isPartOf":{"@id":"https:\/\/lafrenchcoop.fr\/site\/#website"},"primaryImageOfPage":{"@id":"https:\/\/lafrenchcoop.fr\/site\/evenements\/nouveau-groupe-prive-facebook#primaryimage"},"datePublished":"2021-04-30T15:41:32+00:00","dateModified":"2021-06-23T11:58:13+00:00","author":{"@id":"https:\/\/lafrenchcoop.fr\/site\/#\/schema\/person\/ba218cfcafb09c5becc70800de7554bf"},"description":"La French Coop a d\u00e9sormais un groupe priv\u00e9 Facebook pour ses adh\u00e9rents : \"Les bons plans de La French Coop\".","breadcrumb":{"@id":"https:\/\/lafrenchcoop.fr\/site\/evenements\/nouveau-groupe-prive-facebook#breadcrumb"},"inLanguage":"fr-FR","potentialAction":[{"@type":"ReadAction","target":["https:\/\/lafrenchcoop.fr\/site\/evenements\/nouveau-groupe-prive-facebook"]}]},{"@type":"BreadcrumbList","@id":"https:\/\/lafrenchcoop.fr\/site\/evenements\/nouveau-groupe-prive-facebook#breadcrumb","itemListElement":[{"@type":"ListItem","position":1,"name":"Accueil","item":"https:\/\/lafrenchcoop.fr\/site\/"},{"@type":"ListItem","position":2,"name":"Nouveau groupe priv\u00e9 Facebook"}]},{"@type":"Person","@id":"https:\/\/lafrenchcoop.fr\/site\/#\/schema\/person\/ba218cfcafb09c5becc70800de7554bf","name":"lafrenchcoop","image":{"@type":"ImageObject","@id":"https:\/\/lafrenchcoop.fr\/site\/#personlogo","inLanguage":"fr-FR","url":"https:\/\/secure.gravatar.com\/avatar\/f35efd74c5723ad71a999ece82bb95f4?s=96&d=mm&r=g","contentUrl":"https:\/\/secure.gravatar.com\/avatar\/f35efd74c5723ad71a999ece82bb95f4?s=96&d=mm&r=g","caption":"lafrenchcoop"},"url":"https:\/\/lafrenchcoop.fr\/site\/author\/lafrenchcoop"}]}},"_links":{"self":[{"href":"https:\/\/lafrenchcoop.fr\/site\/wp-json\/wp\/v2\/posts\/192833"}],"collection":[{"href":"https:\/\/lafrenchcoop.fr\/site\/wp-json\/wp\/v2\/posts"}],"about":[{"href":"https:\/\/lafrenchcoop.fr\/site\/wp-json\/wp\/v2\/types\/post"}],"author":[{"embeddable":true,"href":"https:\/\/lafrenchcoop.fr\/site\/wp-json\/wp\/v2\/users\/4"}],"replies":[{"embeddable":true,"href":"https:\/\/lafrenchcoop.fr\/site\/wp-json\/wp\/v2\/comments?post=192833"}],"version-history":[{"count":6,"href":"https:\/\/lafrenchcoop.fr\/site\/wp-json\/wp\/v2\/posts\/192833\/revisions"}],"predecessor-version":[{"id":192963,"href":"https:\/\/lafrenchcoop.fr\/site\/wp-json\/wp\/v2\/posts\/192833\/revisions\/192963"}],"wp:featuredmedia":[{"embeddable":true,"href":"https:\/\/lafrenchcoop.fr\/site\/wp-json\/wp\/v2\/media\/192837"}],"wp:attachment":[{"href":"https:\/\/lafrenchcoop.fr\/site\/wp-json\/wp\/v2\/media?parent=192833"}],"wp:term":[{"taxonomy":"category","embeddable":true,"href":"https:\/\/lafrenchcoop.fr\/site\/wp-json\/wp\/v2\/categories?post=192833"},{"taxonomy":"post_tag","embeddable":true,"href":"https:\/\/lafrenchcoop.fr\/site\/wp-json\/wp\/v2\/tags?post=192833"}],"curies":[{"name":"wp","href":"https:\/\/api.w.org\/{rel}","templated":true}]}}