{"id":192999,"date":"2021-06-16T12:35:28","date_gmt":"2021-06-16T10:35:28","guid":{"rendered":"https:\/\/lafrenchcoop.fr\/site\/?p=192999"},"modified":"2021-06-23T15:44:59","modified_gmt":"2021-06-23T13:44:59","slug":"le-produit-prefere-de-clotilde","status":"publish","type":"post","link":"https:\/\/lafrenchcoop.fr\/site\/parole-adherents\/le-produit-prefere-de-clotilde","title":{"rendered":"Le produit pr\u00e9f\u00e9r\u00e9 de Clotilde"},"content":{"rendered":"\n<div class=\"wp-block-columns\">\n<div class=\"wp-block-column\">\n<div class=\"wp-block-image is-style-rounded\"><figure class=\"alignleft size-large\"><img loading=\"lazy\" width=\"1000\" height=\"1000\" src=\"https:\/\/lafrenchcoop.fr\/site\/wp-content\/uploads\/2021\/05\/IMG_20210511_1240203-scaled-1.jpg\" alt=\"Le produit pr\u00e9f\u00e9r\u00e9 de Clotilde: tablette Chocolat Grain de Sail pour Clotilde\" class=\"wp-image-193000\" srcset=\"https:\/\/lafrenchcoop.fr\/site\/wp-content\/uploads\/2021\/05\/IMG_20210511_1240203-scaled-1.jpg 1000w, https:\/\/lafrenchcoop.fr\/site\/wp-content\/uploads\/2021\/05\/IMG_20210511_1240203-scaled-1-500x500.jpg 500w, https:\/\/lafrenchcoop.fr\/site\/wp-content\/uploads\/2021\/05\/IMG_20210511_1240203-scaled-1-150x150.jpg 150w, https:\/\/lafrenchcoop.fr\/site\/wp-content\/uploads\/2021\/05\/IMG_20210511_1240203-scaled-1-768x768.jpg 768w\" sizes=\"(max-width: 1000px) 100vw, 1000px\" \/><figcaption><sup><sub>Tablette Chocolat Grain de Sail pour Clotilde.<\/sub><\/sup><\/figcaption><\/figure><\/div>\n<\/div>\n\n\n\n<div class=\"wp-block-column\">\n<figure class=\"wp-block-pullquote alignleft is-style-default\"><blockquote class=\"has-text-color has-accent-color\"><p><strong><strong>Du chocolat pour la route avec Clotilde<\/strong><\/strong> <\/p><p><em>\u00ab Le souci avec mon chocolat-caramel fleur de sel, c\u2019est que bien souvent il ne finit pas le trajet jusqu\u2019\u00e0 la maison \u00bb<\/em><\/p><cite>CLOTILDE<\/cite><\/blockquote><\/figure>\n\n\n\n<blockquote class=\"wp-block-quote is-style-default\"><p><\/p><p><\/p><p><\/p><\/blockquote>\n\n\n\n<p><\/p>\n<\/div>\n<\/div>\n\n\n\n<p class=\"has-medium-font-size\"><strong>On trouve dans les courses du jour de cette jeune maman des fruits et des l\u00e9gumes de saison, mais aussi cette app\u00e9tissante tablette Grain de Sail, qui fait partie d\u2019une gamme tr\u00e8s appr\u00e9ci\u00e9e des adh\u00e9rents.<\/strong><\/p>\n\n\n\n<div class=\"wp-block-image is-style-default\"><figure class=\"alignright size-medium is-resized\"><img loading=\"lazy\" src=\"https:\/\/lafrenchcoop.fr\/site\/wp-content\/uploads\/2021\/05\/IMG_20210511_1323402-scaled-1-500x542.jpg\" alt=\"Grain de Sail - Tablette Chocolat Lait Caramel\" class=\"wp-image-193001\" width=\"250\" height=\"271\" srcset=\"https:\/\/lafrenchcoop.fr\/site\/wp-content\/uploads\/2021\/05\/IMG_20210511_1323402-scaled-1-500x542.jpg 500w, https:\/\/lafrenchcoop.fr\/site\/wp-content\/uploads\/2021\/05\/IMG_20210511_1323402-scaled-1-768x833.jpg 768w, https:\/\/lafrenchcoop.fr\/site\/wp-content\/uploads\/2021\/05\/IMG_20210511_1323402-scaled-1.jpg 850w\" sizes=\"(max-width: 250px) 100vw, 250px\" \/><figcaption><sup><sub>Grain de Sail &#8211; Tablette Chocolat Lait Caramel.<\/sub><\/sup><\/figcaption><\/figure><\/div>\n\n\n\n<p>Le souci avec mon chocolat-caramel fleur de sel, c\u2019est que bien souvent il ne finit pas le trajet jusqu\u2019\u00e0 la maison \u00ab je le d\u00e9vore avant m\u00eame d\u2019arriver ! \u00bb nous avoue Clotilde\u2026<\/p>\n\n\n\n<p>En 2021, <a href=\"https:\/\/graindesail.com\/fr\/\" target=\"_blank\" rel=\"noreferrer noopener\">Grain de Sail<\/a> progresse fort dans son aventure de caf\u00e9s, cacao et vins transport\u00e9s en cargo-voilier de la Bretagne aux Am\u00e9riques. La marque a de nombreux projets en pr\u00e9paration, comme ils nous l\u2019avaient confi\u00e9 lors du <a href=\"https:\/\/lafrenchcoop.fr\/site\/la-parole-aux-producteurs\/la-parole-est-donnee-au-producteur-grain-de-sail\" target=\"_blank\" rel=\"noreferrer noopener\">webinaire French Coop le 16 mars dernier<\/a>.<\/p>\n\n\n\n<p>Vous n\u2019avez pas encore go\u00fbt\u00e9 les produits Grain de Sail, foncez&nbsp;! Les caf\u00e9s sont parfum\u00e9s et c\u00f4t\u00e9 chocolat, de nouvelles saveurs sont arriv\u00e9es&nbsp;: noisettes torr\u00e9fi\u00e9es, 75% cacao, lait-caf\u00e9, comment r\u00e9sister&nbsp;?<\/p>\n\n\n\n<div style=\"height:20px\" aria-hidden=\"true\" class=\"wp-block-spacer\"><\/div>\n\n\n\n<p class=\"has-accent-color has-text-color\"><strong>Laissez nous un commentaire pour nous faire d\u00e9couvrir votre produit  pr\u00e9f\u00e9r\u00e9 \u00e0 La French Coop !<\/strong><\/p>\n\n\n\n<p>Pour en savoir plus sur notre s\u00e9lection de produits, consultez la <a href=\"https:\/\/lafrenchcoop.fr\/site\/la-charte-des-produits\" target=\"_blank\" rel=\"noreferrer noopener\">Charte des produits<\/a> de l&rsquo;\u00e9picerie.<\/p>\n\n\n\n<div style=\"height:50px\" aria-hidden=\"true\" class=\"wp-block-spacer\"><\/div>\n\n\n\n<p class=\"has-text-align-center has-accent-color has-text-color has-background\" style=\"background-color:#ecffe4\"><strong><a href=\"https:\/\/lafrenchcoop.fr\/site\/category\/parole-adherents\">Voir les autres articles sur nos adh\u00e9rents<\/a><\/strong><\/p>\n\n\n\n<div style=\"height:20px\" aria-hidden=\"true\" class=\"wp-block-spacer\"><\/div>\n","protected":false},"excerpt":{"rendered":"<p>Du chocolat pour la route avec Clotilde \u00ab Le souci avec mon chocolat-caramel fleur de sel, c\u2019est que bien souvent il ne finit pas le trajet jusqu\u2019\u00e0 la maison \u00bb CLOTILDE On trouve dans les courses du jour de cette jeune maman des fruits et des l\u00e9gumes de saison, mais [&hellip;]<\/p>\n","protected":false},"author":4,"featured_media":193000,"comment_status":"open","ping_status":"open","sticky":false,"template":"","format":"standard","meta":[],"categories":[21],"tags":[22,23,49,33],"yoast_head":"<!-- This site is optimized with the Yoast SEO plugin v17.9 - https:\/\/yoast.com\/wordpress\/plugins\/seo\/ -->\n<title>La parole aux adh\u00e9rents - Le produit pr\u00e9f\u00e9r\u00e9 de Clotilde<\/title>\n<meta name=\"description\" content=\"Le souci avec mon chocolat-caramel Grain de Sail, c\u2019est que bien souvent il ne finit pas le trajet jusqu\u2019\u00e0 la maison \u00ab je le d\u00e9vore avant m\u00eame d\u2019arriver ! \u00bb nous avoue Clotilde\u2026\" \/>\n<meta name=\"robots\" content=\"index, follow, max-snippet:-1, max-image-preview:large, max-video-preview:-1\" \/>\n<link rel=\"canonical\" href=\"https:\/\/lafrenchcoop.fr\/site\/parole-adherents\/le-produit-prefere-de-clotilde\" \/>\n<meta property=\"og:locale\" content=\"fr_FR\" \/>\n<meta property=\"og:type\" content=\"article\" \/>\n<meta property=\"og:title\" content=\"La parole aux adh\u00e9rents - Le produit pr\u00e9f\u00e9r\u00e9 de Clotilde\" \/>\n<meta property=\"og:description\" content=\"Le souci avec mon chocolat-caramel Grain de Sail, c\u2019est que bien souvent il ne finit pas le trajet jusqu\u2019\u00e0 la maison \u00ab je le d\u00e9vore avant m\u00eame d\u2019arriver ! \u00bb nous avoue Clotilde\u2026\" \/>\n<meta property=\"og:url\" content=\"https:\/\/lafrenchcoop.fr\/site\/parole-adherents\/le-produit-prefere-de-clotilde\" \/>\n<meta property=\"og:site_name\" content=\"La French Coop\" \/>\n<meta property=\"article:publisher\" content=\"https:\/\/www.facebook.com\/lafrenchcoop\/\" \/>\n<meta property=\"article:published_time\" content=\"2021-06-16T10:35:28+00:00\" \/>\n<meta property=\"article:modified_time\" content=\"2021-06-23T13:44:59+00:00\" \/>\n<meta property=\"og:image\" content=\"https:\/\/lafrenchcoop.fr\/site\/wp-content\/uploads\/2021\/05\/IMG_20210511_1240203-scaled-1.jpg\" \/>\n\t<meta property=\"og:image:width\" content=\"1000\" \/>\n\t<meta property=\"og:image:height\" content=\"1000\" \/>\n\t<meta property=\"og:image:type\" content=\"image\/jpeg\" \/>\n<meta name=\"twitter:card\" content=\"summary_large_image\" \/>\n<meta name=\"twitter:creator\" content=\"@FrenchCoop\" \/>\n<meta name=\"twitter:site\" content=\"@FrenchCoop\" \/>\n<meta name=\"twitter:label1\" content=\"\u00c9crit par\" \/>\n\t<meta name=\"twitter:data1\" content=\"lafrenchcoop\" \/>\n\t<meta name=\"twitter:label2\" content=\"Dur\u00e9e de lecture estim\u00e9e\" \/>\n\t<meta name=\"twitter:data2\" content=\"2 minutes\" \/>\n<script type=\"application\/ld+json\" class=\"yoast-schema-graph\">{\"@context\":\"https:\/\/schema.org\",\"@graph\":[{\"@type\":\"WebSite\",\"@id\":\"https:\/\/lafrenchcoop.fr\/site\/#website\",\"url\":\"https:\/\/lafrenchcoop.fr\/site\/\",\"name\":\"La French Coop\",\"description\":\"L&#039;\\u00e9picerie coop\\u00e9rative et participative d&#039;Asni\\u00e8res-sur-Seine !\",\"potentialAction\":[{\"@type\":\"SearchAction\",\"target\":{\"@type\":\"EntryPoint\",\"urlTemplate\":\"https:\/\/lafrenchcoop.fr\/site\/?s={search_term_string}\"},\"query-input\":\"required name=search_term_string\"}],\"inLanguage\":\"fr-FR\"},{\"@type\":\"ImageObject\",\"@id\":\"https:\/\/lafrenchcoop.fr\/site\/parole-adherents\/le-produit-prefere-de-clotilde#primaryimage\",\"inLanguage\":\"fr-FR\",\"url\":\"https:\/\/lafrenchcoop.fr\/site\/wp-content\/uploads\/2021\/05\/IMG_20210511_1240203-scaled-1.jpg\",\"contentUrl\":\"https:\/\/lafrenchcoop.fr\/site\/wp-content\/uploads\/2021\/05\/IMG_20210511_1240203-scaled-1.jpg\",\"width\":1000,\"height\":1000,\"caption\":\"Tablette Chocolat Grain de Sail pour Clotilde\"},{\"@type\":\"WebPage\",\"@id\":\"https:\/\/lafrenchcoop.fr\/site\/parole-adherents\/le-produit-prefere-de-clotilde#webpage\",\"url\":\"https:\/\/lafrenchcoop.fr\/site\/parole-adherents\/le-produit-prefere-de-clotilde\",\"name\":\"La parole aux adh\\u00e9rents - Le produit pr\\u00e9f\\u00e9r\\u00e9 de Clotilde\",\"isPartOf\":{\"@id\":\"https:\/\/lafrenchcoop.fr\/site\/#website\"},\"primaryImageOfPage\":{\"@id\":\"https:\/\/lafrenchcoop.fr\/site\/parole-adherents\/le-produit-prefere-de-clotilde#primaryimage\"},\"datePublished\":\"2021-06-16T10:35:28+00:00\",\"dateModified\":\"2021-06-23T13:44:59+00:00\",\"author\":{\"@id\":\"https:\/\/lafrenchcoop.fr\/site\/#\/schema\/person\/ba218cfcafb09c5becc70800de7554bf\"},\"description\":\"Le souci avec mon chocolat-caramel Grain de Sail, c\\u2019est que bien souvent il ne finit pas le trajet jusqu\\u2019\\u00e0 la maison \\u00ab je le d\\u00e9vore avant m\\u00eame d\\u2019arriver ! \\u00bb nous avoue Clotilde\\u2026\",\"breadcrumb\":{\"@id\":\"https:\/\/lafrenchcoop.fr\/site\/parole-adherents\/le-produit-prefere-de-clotilde#breadcrumb\"},\"inLanguage\":\"fr-FR\",\"potentialAction\":[{\"@type\":\"ReadAction\",\"target\":[\"https:\/\/lafrenchcoop.fr\/site\/parole-adherents\/le-produit-prefere-de-clotilde\"]}]},{\"@type\":\"BreadcrumbList\",\"@id\":\"https:\/\/lafrenchcoop.fr\/site\/parole-adherents\/le-produit-prefere-de-clotilde#breadcrumb\",\"itemListElement\":[{\"@type\":\"ListItem\",\"position\":1,\"name\":\"Accueil\",\"item\":\"https:\/\/lafrenchcoop.fr\/site\/\"},{\"@type\":\"ListItem\",\"position\":2,\"name\":\"Le produit pr\\u00e9f\\u00e9r\\u00e9 de Clotilde\"}]},{\"@type\":\"Person\",\"@id\":\"https:\/\/lafrenchcoop.fr\/site\/#\/schema\/person\/ba218cfcafb09c5becc70800de7554bf\",\"name\":\"lafrenchcoop\",\"image\":{\"@type\":\"ImageObject\",\"@id\":\"https:\/\/lafrenchcoop.fr\/site\/#personlogo\",\"inLanguage\":\"fr-FR\",\"url\":\"https:\/\/secure.gravatar.com\/avatar\/f35efd74c5723ad71a999ece82bb95f4?s=96&d=mm&r=g\",\"contentUrl\":\"https:\/\/secure.gravatar.com\/avatar\/f35efd74c5723ad71a999ece82bb95f4?s=96&d=mm&r=g\",\"caption\":\"lafrenchcoop\"},\"url\":\"https:\/\/lafrenchcoop.fr\/site\/author\/lafrenchcoop\"}]}<\/script>\n<!-- \/ Yoast SEO plugin. -->","yoast_head_json":{"title":"La parole aux adh\u00e9rents - Le produit pr\u00e9f\u00e9r\u00e9 de Clotilde","description":"Le souci avec mon chocolat-caramel Grain de Sail, c\u2019est que bien souvent il ne finit pas le trajet jusqu\u2019\u00e0 la maison \u00ab je le d\u00e9vore avant m\u00eame d\u2019arriver ! \u00bb nous avoue Clotilde\u2026","robots":{"index":"index","follow":"follow","max-snippet":"max-snippet:-1","max-image-preview":"max-image-preview:large","max-video-preview":"max-video-preview:-1"},"canonical":"https:\/\/lafrenchcoop.fr\/site\/parole-adherents\/le-produit-prefere-de-clotilde","og_locale":"fr_FR","og_type":"article","og_title":"La parole aux adh\u00e9rents - Le produit pr\u00e9f\u00e9r\u00e9 de Clotilde","og_description":"Le souci avec mon chocolat-caramel Grain de Sail, c\u2019est que bien souvent il ne finit pas le trajet jusqu\u2019\u00e0 la maison \u00ab je le d\u00e9vore avant m\u00eame d\u2019arriver ! \u00bb nous avoue Clotilde\u2026","og_url":"https:\/\/lafrenchcoop.fr\/site\/parole-adherents\/le-produit-prefere-de-clotilde","og_site_name":"La French Coop","article_publisher":"https:\/\/www.facebook.com\/lafrenchcoop\/","article_published_time":"2021-06-16T10:35:28+00:00","article_modified_time":"2021-06-23T13:44:59+00:00","og_image":[{"width":1000,"height":1000,"url":"https:\/\/lafrenchcoop.fr\/site\/wp-content\/uploads\/2021\/05\/IMG_20210511_1240203-scaled-1.jpg","type":"image\/jpeg"}],"twitter_card":"summary_large_image","twitter_creator":"@FrenchCoop","twitter_site":"@FrenchCoop","twitter_misc":{"\u00c9crit par":"lafrenchcoop","Dur\u00e9e de lecture estim\u00e9e":"2 minutes"},"schema":{"@context":"https:\/\/schema.org","@graph":[{"@type":"WebSite","@id":"https:\/\/lafrenchcoop.fr\/site\/#website","url":"https:\/\/lafrenchcoop.fr\/site\/","name":"La French Coop","description":"L&#039;\u00e9picerie coop\u00e9rative et participative d&#039;Asni\u00e8res-sur-Seine !","potentialAction":[{"@type":"SearchAction","target":{"@type":"EntryPoint","urlTemplate":"https:\/\/lafrenchcoop.fr\/site\/?s={search_term_string}"},"query-input":"required name=search_term_string"}],"inLanguage":"fr-FR"},{"@type":"ImageObject","@id":"https:\/\/lafrenchcoop.fr\/site\/parole-adherents\/le-produit-prefere-de-clotilde#primaryimage","inLanguage":"fr-FR","url":"https:\/\/lafrenchcoop.fr\/site\/wp-content\/uploads\/2021\/05\/IMG_20210511_1240203-scaled-1.jpg","contentUrl":"https:\/\/lafrenchcoop.fr\/site\/wp-content\/uploads\/2021\/05\/IMG_20210511_1240203-scaled-1.jpg","width":1000,"height":1000,"caption":"Tablette Chocolat Grain de Sail pour Clotilde"},{"@type":"WebPage","@id":"https:\/\/lafrenchcoop.fr\/site\/parole-adherents\/le-produit-prefere-de-clotilde#webpage","url":"https:\/\/lafrenchcoop.fr\/site\/parole-adherents\/le-produit-prefere-de-clotilde","name":"La parole aux adh\u00e9rents - Le produit pr\u00e9f\u00e9r\u00e9 de Clotilde","isPartOf":{"@id":"https:\/\/lafrenchcoop.fr\/site\/#website"},"primaryImageOfPage":{"@id":"https:\/\/lafrenchcoop.fr\/site\/parole-adherents\/le-produit-prefere-de-clotilde#primaryimage"},"datePublished":"2021-06-16T10:35:28+00:00","dateModified":"2021-06-23T13:44:59+00:00","author":{"@id":"https:\/\/lafrenchcoop.fr\/site\/#\/schema\/person\/ba218cfcafb09c5becc70800de7554bf"},"description":"Le souci avec mon chocolat-caramel Grain de Sail, c\u2019est que bien souvent il ne finit pas le trajet jusqu\u2019\u00e0 la maison \u00ab je le d\u00e9vore avant m\u00eame d\u2019arriver ! \u00bb nous avoue Clotilde\u2026","breadcrumb":{"@id":"https:\/\/lafrenchcoop.fr\/site\/parole-adherents\/le-produit-prefere-de-clotilde#breadcrumb"},"inLanguage":"fr-FR","potentialAction":[{"@type":"ReadAction","target":["https:\/\/lafrenchcoop.fr\/site\/parole-adherents\/le-produit-prefere-de-clotilde"]}]},{"@type":"BreadcrumbList","@id":"https:\/\/lafrenchcoop.fr\/site\/parole-adherents\/le-produit-prefere-de-clotilde#breadcrumb","itemListElement":[{"@type":"ListItem","position":1,"name":"Accueil","item":"https:\/\/lafrenchcoop.fr\/site\/"},{"@type":"ListItem","position":2,"name":"Le produit pr\u00e9f\u00e9r\u00e9 de Clotilde"}]},{"@type":"Person","@id":"https:\/\/lafrenchcoop.fr\/site\/#\/schema\/person\/ba218cfcafb09c5becc70800de7554bf","name":"lafrenchcoop","image":{"@type":"ImageObject","@id":"https:\/\/lafrenchcoop.fr\/site\/#personlogo","inLanguage":"fr-FR","url":"https:\/\/secure.gravatar.com\/avatar\/f35efd74c5723ad71a999ece82bb95f4?s=96&d=mm&r=g","contentUrl":"https:\/\/secure.gravatar.com\/avatar\/f35efd74c5723ad71a999ece82bb95f4?s=96&d=mm&r=g","caption":"lafrenchcoop"},"url":"https:\/\/lafrenchcoop.fr\/site\/author\/lafrenchcoop"}]}},"_links":{"self":[{"href":"https:\/\/lafrenchcoop.fr\/site\/wp-json\/wp\/v2\/posts\/192999"}],"collection":[{"href":"https:\/\/lafrenchcoop.fr\/site\/wp-json\/wp\/v2\/posts"}],"about":[{"href":"https:\/\/lafrenchcoop.fr\/site\/wp-json\/wp\/v2\/types\/post"}],"author":[{"embeddable":true,"href":"https:\/\/lafrenchcoop.fr\/site\/wp-json\/wp\/v2\/users\/4"}],"replies":[{"embeddable":true,"href":"https:\/\/lafrenchcoop.fr\/site\/wp-json\/wp\/v2\/comments?post=192999"}],"version-history":[{"count":27,"href":"https:\/\/lafrenchcoop.fr\/site\/wp-json\/wp\/v2\/posts\/192999\/revisions"}],"predecessor-version":[{"id":193132,"href":"https:\/\/lafrenchcoop.fr\/site\/wp-json\/wp\/v2\/posts\/192999\/revisions\/193132"}],"wp:featuredmedia":[{"embeddable":true,"href":"https:\/\/lafrenchcoop.fr\/site\/wp-json\/wp\/v2\/media\/193000"}],"wp:attachment":[{"href":"https:\/\/lafrenchcoop.fr\/site\/wp-json\/wp\/v2\/media?parent=192999"}],"wp:term":[{"taxonomy":"category","embeddable":true,"href":"https:\/\/lafrenchcoop.fr\/site\/wp-json\/wp\/v2\/categories?post=192999"},{"taxonomy":"post_tag","embeddable":true,"href":"https:\/\/lafrenchcoop.fr\/site\/wp-json\/wp\/v2\/tags?post=192999"}],"curies":[{"name":"wp","href":"https:\/\/api.w.org\/{rel}","templated":true}]}}