{"id":193225,"date":"2021-06-28T07:00:00","date_gmt":"2021-06-28T05:00:00","guid":{"rendered":"https:\/\/lafrenchcoop.fr\/site\/?p=193225"},"modified":"2021-07-04T19:21:38","modified_gmt":"2021-07-04T17:21:38","slug":"un_temps_de_reflexion","status":"publish","type":"post","link":"https:\/\/lafrenchcoop.fr\/site\/infos\/un_temps_de_reflexion","title":{"rendered":"Un temps de r\u00e9flexion"},"content":{"rendered":"\n<p class=\"has-accent-color has-text-color has-medium-font-size\"><strong><strong>Faire un pas de c\u00f4t\u00e9&nbsp;: c\u2019\u00e9tait l\u2019objectif de cette journ\u00e9e de r\u00e9flexion organis\u00e9e le 27 juin 2021 o\u00f9 un groupe de b\u00e9n\u00e9voles s\u2019est r\u00e9uni afin d\u2019\u00e9changer autour d\u2019un bilan \u00e0 mi-ann\u00e9e.<\/strong><\/strong><\/p>\n\n\n\n<h2 class=\"has-accent-color has-text-color\"><strong>Comment ?<\/strong><\/h2>\n\n\n\n<p>En prenant connaissance des performances (chiffr\u00e9es) de l\u2019\u00e9picerie, en d\u00e9couvrant les r\u00e9sultats du sondage envoy\u00e9 \u00e0 tous les adh\u00e9rents mi-juin, et en passant en revue les priorit\u00e9s et objectifs des Groupes de Travail (Producteur\/Vie Associative\/Communication) afin de les enrichir.<\/p>\n\n\n\n<h2 class=\"has-accent-color has-text-color\">Un dimanche studieux<\/h2>\n\n\n\n<p>Un dimanche studieux construit sur une <strong>consultation group\u00e9e, en amont<\/strong>, aupr\u00e8s de tous les groupes de travail (finance, informatique, grande \u00e9picerie, etc), des membres du Bureau et des adh\u00e9rents.<\/p>\n\n\n\n<div class=\"wp-block-image\"><figure class=\"aligncenter size-large is-resized\"><img loading=\"lazy\" src=\"https:\/\/lafrenchcoop.fr\/site\/wp-content\/uploads\/2021\/07\/Journee_reflexion2021_1-1024x768.jpg\" alt=\"\u00c9quipe de travail lors de la journ\u00e9e de r\u00e9flexion, autour du projet de La Grande \u00c9picerie de La French Coop.\" class=\"wp-image-193226\" width=\"768\" height=\"576\" srcset=\"https:\/\/lafrenchcoop.fr\/site\/wp-content\/uploads\/2021\/07\/Journee_reflexion2021_1-1024x768.jpg 1024w, https:\/\/lafrenchcoop.fr\/site\/wp-content\/uploads\/2021\/07\/Journee_reflexion2021_1-500x375.jpg 500w, https:\/\/lafrenchcoop.fr\/site\/wp-content\/uploads\/2021\/07\/Journee_reflexion2021_1-768x576.jpg 768w, https:\/\/lafrenchcoop.fr\/site\/wp-content\/uploads\/2021\/07\/Journee_reflexion2021_1-1536x1152.jpg 1536w, https:\/\/lafrenchcoop.fr\/site\/wp-content\/uploads\/2021\/07\/Journee_reflexion2021_1-2048x1536.jpg 2048w\" sizes=\"(max-width: 768px) 100vw, 768px\" \/><figcaption><sup><sub>\u00c9quipe de travail lors de la journ\u00e9e de r\u00e9flexion, autour du projet de La Grande \u00c9picerie de La French Coop.<\/sub><\/sup><\/figcaption><\/figure><\/div>\n\n\n\n<div class=\"wp-block-image\"><figure class=\"alignleft size-large is-resized\"><img src=\"https:\/\/lafrenchcoop.fr\/site\/wp-content\/uploads\/2021\/07\/Journee_reflexion2021_2-edited-scaled.jpg\" alt=\"Projet de La Grande \u00c9picerie de La French Coop.\" class=\"wp-image-193233\" width=\"256\" \/><\/figure><\/div>\n\n\n\n<p><strong>Les chiffres sont prometteurs, ce qui permet au projet Grande \u00c9picerie d\u2019avancer sereinement, m\u00eame s\u2019il y a encore beaucoup de t\u00e2ches \u00e0 accomplir.<\/strong> De nombreux \u00e9changes sont pr\u00e9vus, le premier ayant \u00e9t\u00e9 sous la forme d\u2019une visioconf\u00e9rence, organis\u00e9e le 01 juillet au soir, ouverte \u00e0 tous, pas uniquement aux membres de l\u2019association <em><a href=\"https:\/\/lafrenchcoop.fr\/site\/evenements\/contribuez-des-maintenant-a-la-grande-epicerie\" target=\"_blank\" rel=\"noreferrer noopener\">(consulter notre article d\u00e9di\u00e9 \u00e0 ce sujet)<\/a><\/em>.<\/p>\n\n\n\n<div style=\"height:20px\" aria-hidden=\"true\" class=\"wp-block-spacer\"><\/div>\n\n\n\n<p>Et au-del\u00e0, un moment tr\u00e8s convivial qui fait du bien apr\u00e8s tant d\u2019interactions distancielles, qui aura permis aux participants de mieux se connaitre.<\/p>\n\n\n\n<h2 class=\"has-accent-color has-text-color\"><strong>La feuille de route<\/strong><\/h2>\n\n\n\n<p>Les discussions ont port\u00e9 sur la feuille de route \u00e0 tenir, les am\u00e9liorations op\u00e9rationnelles, mais \u00e9galement sur le pourquoi de l\u2019association <em><a href=\"https:\/\/lafrenchcoop.fr\/site\/la-charte-des-produits\" target=\"_blank\" rel=\"noreferrer noopener\">(consulter notre charte de produits)<\/a><\/em> :<\/p>\n\n\n\n<ul><li>pourquoi proposer une solution alternative innovante \u00e0 la consommation en grande surface&nbsp;?<\/li><li>pourquoi le choix des circuits-courts nous guide dans notre s\u00e9lection de produits ?<\/li><li>pourquoi la r\u00e9mun\u00e9ration aux producteurs est un sujet sur lequel les adh\u00e9rents qui viennent \u00e0 l\u2019\u00e9picerie, ont un r\u00e9el impact ?<\/li><li>pourquoi la d\u00e9marche participative et le mod\u00e8le financier font toute la diff\u00e9rence avec un magasin Bio classique&nbsp;?<\/li><li>pourquoi la Grande \u00c9picerie permettra de rendre cette alternative accessible \u00e0 un plus grand nombre&nbsp;?!<\/li><\/ul>\n\n\n\n<p class=\"has-accent-color has-text-color\"><strong>Pour ces raisons nous sommes de plus en plus nombreux \u00e0 adh\u00e9rer \u00e0 l\u2019association, alors n\u2019h\u00e9sitez pas si vous avez aussi ces m\u00eames valeurs, \u00e0 rejoindre <em>Les Amis de la French Coop<\/em>&nbsp;!<\/strong><\/p>\n\n\n\n<div style=\"height:20px\" aria-hidden=\"true\" class=\"wp-block-spacer\"><\/div>\n\n\n\n<p><\/p>\n","protected":false},"excerpt":{"rendered":"<p>Faire un pas de c\u00f4t\u00e9&nbsp;: c\u2019\u00e9tait l\u2019objectif de cette journ\u00e9e de r\u00e9flexion organis\u00e9e le 27 juin 2021 o\u00f9 un groupe de b\u00e9n\u00e9voles s\u2019est r\u00e9uni afin d\u2019\u00e9changer autour d\u2019un bilan \u00e0 mi-ann\u00e9e. Comment ? En prenant connaissance des performances (chiffr\u00e9es) de l\u2019\u00e9picerie, en d\u00e9couvrant les r\u00e9sultats du sondage envoy\u00e9 \u00e0 tous [&hellip;]<\/p>\n","protected":false},"author":4,"featured_media":193229,"comment_status":"open","ping_status":"open","sticky":false,"template":"","format":"standard","meta":[],"categories":[11],"tags":[22,42,55],"yoast_head":"<!-- This site is optimized with the Yoast SEO plugin v17.9 - https:\/\/yoast.com\/wordpress\/plugins\/seo\/ -->\n<title>Un temps de r\u00e9flexion - La French Coop<\/title>\n<meta name=\"description\" content=\"Faire un pas de c\u00f4t\u00e9 : c\u2019\u00e9tait l\u2019objectif de cette journ\u00e9e de r\u00e9flexion du 27 juin 2021 pour faire bilan \u00e0 mi-ann\u00e9e et travailler sur le projet de La Grande \u00c9picerie.\" \/>\n<meta name=\"robots\" content=\"index, follow, max-snippet:-1, max-image-preview:large, max-video-preview:-1\" \/>\n<link rel=\"canonical\" href=\"https:\/\/lafrenchcoop.fr\/site\/infos\/un_temps_de_reflexion\" \/>\n<meta property=\"og:locale\" content=\"fr_FR\" \/>\n<meta property=\"og:type\" content=\"article\" \/>\n<meta property=\"og:title\" content=\"Un temps de r\u00e9flexion - La French Coop\" \/>\n<meta property=\"og:description\" content=\"Faire un pas de c\u00f4t\u00e9 : c\u2019\u00e9tait l\u2019objectif de cette journ\u00e9e de r\u00e9flexion du 27 juin 2021 pour faire bilan \u00e0 mi-ann\u00e9e et travailler sur le projet de La Grande \u00c9picerie.\" \/>\n<meta property=\"og:url\" content=\"https:\/\/lafrenchcoop.fr\/site\/infos\/un_temps_de_reflexion\" \/>\n<meta property=\"og:site_name\" content=\"La French Coop\" \/>\n<meta property=\"article:publisher\" content=\"https:\/\/www.facebook.com\/lafrenchcoop\/\" \/>\n<meta property=\"article:published_time\" content=\"2021-06-28T05:00:00+00:00\" \/>\n<meta property=\"article:modified_time\" content=\"2021-07-04T17:21:38+00:00\" \/>\n<meta property=\"og:image\" content=\"https:\/\/lafrenchcoop.fr\/site\/wp-content\/uploads\/2021\/07\/Journee_reflexion2021_cover.jpg\" \/>\n\t<meta property=\"og:image:width\" content=\"902\" \/>\n\t<meta property=\"og:image:height\" content=\"602\" \/>\n\t<meta property=\"og:image:type\" content=\"image\/jpeg\" \/>\n<meta name=\"twitter:card\" content=\"summary_large_image\" \/>\n<meta name=\"twitter:creator\" content=\"@FrenchCoop\" \/>\n<meta name=\"twitter:site\" content=\"@FrenchCoop\" \/>\n<meta name=\"twitter:label1\" content=\"\u00c9crit par\" \/>\n\t<meta name=\"twitter:data1\" content=\"lafrenchcoop\" \/>\n\t<meta name=\"twitter:label2\" content=\"Dur\u00e9e de lecture estim\u00e9e\" \/>\n\t<meta name=\"twitter:data2\" content=\"2 minutes\" \/>\n<script type=\"application\/ld+json\" class=\"yoast-schema-graph\">{\"@context\":\"https:\/\/schema.org\",\"@graph\":[{\"@type\":\"WebSite\",\"@id\":\"https:\/\/lafrenchcoop.fr\/site\/#website\",\"url\":\"https:\/\/lafrenchcoop.fr\/site\/\",\"name\":\"La French Coop\",\"description\":\"L&#039;\\u00e9picerie coop\\u00e9rative et participative d&#039;Asni\\u00e8res-sur-Seine !\",\"potentialAction\":[{\"@type\":\"SearchAction\",\"target\":{\"@type\":\"EntryPoint\",\"urlTemplate\":\"https:\/\/lafrenchcoop.fr\/site\/?s={search_term_string}\"},\"query-input\":\"required name=search_term_string\"}],\"inLanguage\":\"fr-FR\"},{\"@type\":\"ImageObject\",\"@id\":\"https:\/\/lafrenchcoop.fr\/site\/infos\/un_temps_de_reflexion#primaryimage\",\"inLanguage\":\"fr-FR\",\"url\":\"https:\/\/lafrenchcoop.fr\/site\/wp-content\/uploads\/2021\/07\/Journee_reflexion2021_cover.jpg\",\"contentUrl\":\"https:\/\/lafrenchcoop.fr\/site\/wp-content\/uploads\/2021\/07\/Journee_reflexion2021_cover.jpg\",\"width\":902,\"height\":602,\"caption\":\"Journee_reflexion2021\"},{\"@type\":\"WebPage\",\"@id\":\"https:\/\/lafrenchcoop.fr\/site\/infos\/un_temps_de_reflexion#webpage\",\"url\":\"https:\/\/lafrenchcoop.fr\/site\/infos\/un_temps_de_reflexion\",\"name\":\"Un temps de r\\u00e9flexion - La French Coop\",\"isPartOf\":{\"@id\":\"https:\/\/lafrenchcoop.fr\/site\/#website\"},\"primaryImageOfPage\":{\"@id\":\"https:\/\/lafrenchcoop.fr\/site\/infos\/un_temps_de_reflexion#primaryimage\"},\"datePublished\":\"2021-06-28T05:00:00+00:00\",\"dateModified\":\"2021-07-04T17:21:38+00:00\",\"author\":{\"@id\":\"https:\/\/lafrenchcoop.fr\/site\/#\/schema\/person\/ba218cfcafb09c5becc70800de7554bf\"},\"description\":\"Faire un pas de c\\u00f4t\\u00e9 : c\\u2019\\u00e9tait l\\u2019objectif de cette journ\\u00e9e de r\\u00e9flexion du 27 juin 2021 pour faire bilan \\u00e0 mi-ann\\u00e9e et travailler sur le projet de La Grande \\u00c9picerie.\",\"breadcrumb\":{\"@id\":\"https:\/\/lafrenchcoop.fr\/site\/infos\/un_temps_de_reflexion#breadcrumb\"},\"inLanguage\":\"fr-FR\",\"potentialAction\":[{\"@type\":\"ReadAction\",\"target\":[\"https:\/\/lafrenchcoop.fr\/site\/infos\/un_temps_de_reflexion\"]}]},{\"@type\":\"BreadcrumbList\",\"@id\":\"https:\/\/lafrenchcoop.fr\/site\/infos\/un_temps_de_reflexion#breadcrumb\",\"itemListElement\":[{\"@type\":\"ListItem\",\"position\":1,\"name\":\"Accueil\",\"item\":\"https:\/\/lafrenchcoop.fr\/site\/\"},{\"@type\":\"ListItem\",\"position\":2,\"name\":\"Un temps de r\\u00e9flexion\"}]},{\"@type\":\"Person\",\"@id\":\"https:\/\/lafrenchcoop.fr\/site\/#\/schema\/person\/ba218cfcafb09c5becc70800de7554bf\",\"name\":\"lafrenchcoop\",\"image\":{\"@type\":\"ImageObject\",\"@id\":\"https:\/\/lafrenchcoop.fr\/site\/#personlogo\",\"inLanguage\":\"fr-FR\",\"url\":\"https:\/\/secure.gravatar.com\/avatar\/f35efd74c5723ad71a999ece82bb95f4?s=96&d=mm&r=g\",\"contentUrl\":\"https:\/\/secure.gravatar.com\/avatar\/f35efd74c5723ad71a999ece82bb95f4?s=96&d=mm&r=g\",\"caption\":\"lafrenchcoop\"},\"url\":\"https:\/\/lafrenchcoop.fr\/site\/author\/lafrenchcoop\"}]}<\/script>\n<!-- \/ Yoast SEO plugin. -->","yoast_head_json":{"title":"Un temps de r\u00e9flexion - La French Coop","description":"Faire un pas de c\u00f4t\u00e9 : c\u2019\u00e9tait l\u2019objectif de cette journ\u00e9e de r\u00e9flexion du 27 juin 2021 pour faire bilan \u00e0 mi-ann\u00e9e et travailler sur le projet de La Grande \u00c9picerie.","robots":{"index":"index","follow":"follow","max-snippet":"max-snippet:-1","max-image-preview":"max-image-preview:large","max-video-preview":"max-video-preview:-1"},"canonical":"https:\/\/lafrenchcoop.fr\/site\/infos\/un_temps_de_reflexion","og_locale":"fr_FR","og_type":"article","og_title":"Un temps de r\u00e9flexion - La French Coop","og_description":"Faire un pas de c\u00f4t\u00e9 : c\u2019\u00e9tait l\u2019objectif de cette journ\u00e9e de r\u00e9flexion du 27 juin 2021 pour faire bilan \u00e0 mi-ann\u00e9e et travailler sur le projet de La Grande \u00c9picerie.","og_url":"https:\/\/lafrenchcoop.fr\/site\/infos\/un_temps_de_reflexion","og_site_name":"La French Coop","article_publisher":"https:\/\/www.facebook.com\/lafrenchcoop\/","article_published_time":"2021-06-28T05:00:00+00:00","article_modified_time":"2021-07-04T17:21:38+00:00","og_image":[{"width":902,"height":602,"url":"https:\/\/lafrenchcoop.fr\/site\/wp-content\/uploads\/2021\/07\/Journee_reflexion2021_cover.jpg","type":"image\/jpeg"}],"twitter_card":"summary_large_image","twitter_creator":"@FrenchCoop","twitter_site":"@FrenchCoop","twitter_misc":{"\u00c9crit par":"lafrenchcoop","Dur\u00e9e de lecture estim\u00e9e":"2 minutes"},"schema":{"@context":"https:\/\/schema.org","@graph":[{"@type":"WebSite","@id":"https:\/\/lafrenchcoop.fr\/site\/#website","url":"https:\/\/lafrenchcoop.fr\/site\/","name":"La French Coop","description":"L&#039;\u00e9picerie coop\u00e9rative et participative d&#039;Asni\u00e8res-sur-Seine !","potentialAction":[{"@type":"SearchAction","target":{"@type":"EntryPoint","urlTemplate":"https:\/\/lafrenchcoop.fr\/site\/?s={search_term_string}"},"query-input":"required name=search_term_string"}],"inLanguage":"fr-FR"},{"@type":"ImageObject","@id":"https:\/\/lafrenchcoop.fr\/site\/infos\/un_temps_de_reflexion#primaryimage","inLanguage":"fr-FR","url":"https:\/\/lafrenchcoop.fr\/site\/wp-content\/uploads\/2021\/07\/Journee_reflexion2021_cover.jpg","contentUrl":"https:\/\/lafrenchcoop.fr\/site\/wp-content\/uploads\/2021\/07\/Journee_reflexion2021_cover.jpg","width":902,"height":602,"caption":"Journee_reflexion2021"},{"@type":"WebPage","@id":"https:\/\/lafrenchcoop.fr\/site\/infos\/un_temps_de_reflexion#webpage","url":"https:\/\/lafrenchcoop.fr\/site\/infos\/un_temps_de_reflexion","name":"Un temps de r\u00e9flexion - La French Coop","isPartOf":{"@id":"https:\/\/lafrenchcoop.fr\/site\/#website"},"primaryImageOfPage":{"@id":"https:\/\/lafrenchcoop.fr\/site\/infos\/un_temps_de_reflexion#primaryimage"},"datePublished":"2021-06-28T05:00:00+00:00","dateModified":"2021-07-04T17:21:38+00:00","author":{"@id":"https:\/\/lafrenchcoop.fr\/site\/#\/schema\/person\/ba218cfcafb09c5becc70800de7554bf"},"description":"Faire un pas de c\u00f4t\u00e9 : c\u2019\u00e9tait l\u2019objectif de cette journ\u00e9e de r\u00e9flexion du 27 juin 2021 pour faire bilan \u00e0 mi-ann\u00e9e et travailler sur le projet de La Grande \u00c9picerie.","breadcrumb":{"@id":"https:\/\/lafrenchcoop.fr\/site\/infos\/un_temps_de_reflexion#breadcrumb"},"inLanguage":"fr-FR","potentialAction":[{"@type":"ReadAction","target":["https:\/\/lafrenchcoop.fr\/site\/infos\/un_temps_de_reflexion"]}]},{"@type":"BreadcrumbList","@id":"https:\/\/lafrenchcoop.fr\/site\/infos\/un_temps_de_reflexion#breadcrumb","itemListElement":[{"@type":"ListItem","position":1,"name":"Accueil","item":"https:\/\/lafrenchcoop.fr\/site\/"},{"@type":"ListItem","position":2,"name":"Un temps de r\u00e9flexion"}]},{"@type":"Person","@id":"https:\/\/lafrenchcoop.fr\/site\/#\/schema\/person\/ba218cfcafb09c5becc70800de7554bf","name":"lafrenchcoop","image":{"@type":"ImageObject","@id":"https:\/\/lafrenchcoop.fr\/site\/#personlogo","inLanguage":"fr-FR","url":"https:\/\/secure.gravatar.com\/avatar\/f35efd74c5723ad71a999ece82bb95f4?s=96&d=mm&r=g","contentUrl":"https:\/\/secure.gravatar.com\/avatar\/f35efd74c5723ad71a999ece82bb95f4?s=96&d=mm&r=g","caption":"lafrenchcoop"},"url":"https:\/\/lafrenchcoop.fr\/site\/author\/lafrenchcoop"}]}},"_links":{"self":[{"href":"https:\/\/lafrenchcoop.fr\/site\/wp-json\/wp\/v2\/posts\/193225"}],"collection":[{"href":"https:\/\/lafrenchcoop.fr\/site\/wp-json\/wp\/v2\/posts"}],"about":[{"href":"https:\/\/lafrenchcoop.fr\/site\/wp-json\/wp\/v2\/types\/post"}],"author":[{"embeddable":true,"href":"https:\/\/lafrenchcoop.fr\/site\/wp-json\/wp\/v2\/users\/4"}],"replies":[{"embeddable":true,"href":"https:\/\/lafrenchcoop.fr\/site\/wp-json\/wp\/v2\/comments?post=193225"}],"version-history":[{"count":17,"href":"https:\/\/lafrenchcoop.fr\/site\/wp-json\/wp\/v2\/posts\/193225\/revisions"}],"predecessor-version":[{"id":193296,"href":"https:\/\/lafrenchcoop.fr\/site\/wp-json\/wp\/v2\/posts\/193225\/revisions\/193296"}],"wp:featuredmedia":[{"embeddable":true,"href":"https:\/\/lafrenchcoop.fr\/site\/wp-json\/wp\/v2\/media\/193229"}],"wp:attachment":[{"href":"https:\/\/lafrenchcoop.fr\/site\/wp-json\/wp\/v2\/media?parent=193225"}],"wp:term":[{"taxonomy":"category","embeddable":true,"href":"https:\/\/lafrenchcoop.fr\/site\/wp-json\/wp\/v2\/categories?post=193225"},{"taxonomy":"post_tag","embeddable":true,"href":"https:\/\/lafrenchcoop.fr\/site\/wp-json\/wp\/v2\/tags?post=193225"}],"curies":[{"name":"wp","href":"https:\/\/api.w.org\/{rel}","templated":true}]}}