{"id":193261,"date":"2021-07-03T16:27:01","date_gmt":"2021-07-03T14:27:01","guid":{"rendered":"https:\/\/lafrenchcoop.fr\/site\/?p=193261"},"modified":"2021-07-03T16:35:48","modified_gmt":"2021-07-03T14:35:48","slug":"la-parole-au-benevole-jean-francois-bouquet","status":"publish","type":"post","link":"https:\/\/lafrenchcoop.fr\/site\/parole-adherents\/la-parole-au-benevole-jean-francois-bouquet","title":{"rendered":"La parole au b\u00e9n\u00e9vole\u00a0: Jean-Fran\u00e7ois Bouquet"},"content":{"rendered":"\n<div class=\"wp-block-columns\">\n<div class=\"wp-block-column\">\n<div class=\"wp-block-image is-style-rounded\"><figure class=\"alignleft size-large\"><img loading=\"lazy\" width=\"1000\" height=\"1000\" src=\"https:\/\/lafrenchcoop.fr\/site\/wp-content\/uploads\/2021\/07\/Edito-JF.png\" alt=\"La parole au b\u00e9n\u00e9vole : Jean-Fran\u00e7ois Bouquet, \u00e9dito gazette\" class=\"wp-image-193265\" srcset=\"https:\/\/lafrenchcoop.fr\/site\/wp-content\/uploads\/2021\/07\/Edito-JF.png 1000w, https:\/\/lafrenchcoop.fr\/site\/wp-content\/uploads\/2021\/07\/Edito-JF-500x500.png 500w, https:\/\/lafrenchcoop.fr\/site\/wp-content\/uploads\/2021\/07\/Edito-JF-150x150.png 150w, https:\/\/lafrenchcoop.fr\/site\/wp-content\/uploads\/2021\/07\/Edito-JF-768x768.png 768w\" sizes=\"(max-width: 1000px) 100vw, 1000px\" \/><figcaption><sup><sub>Jean-Fran\u00e7ois Bouquet, r\u00e9f\u00e9rent \u00e9picerie de l&rsquo;association <em>Les Amis de La French Coop<\/em>.<\/sub><\/sup> <sup><sub>Photo : <a href=\"http:\/\/daniele-taulin-hommell-photographe.com\/\" target=\"_blank\" rel=\"noreferrer noopener\">Dani\u00e8le Taulin-Hommell<\/a>\/Les Amis de La French Coop<\/sub><\/sup><\/figcaption><\/figure><\/div>\n<\/div>\n\n\n\n<div class=\"wp-block-column\">\n<figure class=\"wp-block-pullquote alignleft is-style-default\"><blockquote class=\"has-text-color has-accent-color\"><p><em><strong><em>Une ambiance agr\u00e9able et o\u00f9 le contact et les \u00e9changes avec les adh\u00e9rents ont du sens<\/em><\/strong><\/em><\/p><cite>JEAN-FRAN\u00c7OIS BOUQUET<\/cite><\/blockquote><\/figure>\n\n\n\n<blockquote class=\"wp-block-quote is-style-default\"><p><\/p><\/blockquote>\n<\/div>\n<\/div>\n\n\n\n<p class=\"has-medium-font-size\"><strong>J\u2019ai adh\u00e9r\u00e9 en octobre 2019 sous la pression positive de ma ni\u00e8ce tr\u00e8s impliqu\u00e9e dans le d\u00e9veloppement durable et dans l\u2019association <em>Les Amis de La French Coop<\/em>. Elle m\u2019a convaincu de participer \u00e0 ce beau projet et m\u2019a incit\u00e9 \u00e0 revoir ma consommation et par cons\u00e9quent mes achats. <\/strong><\/p>\n\n\n\n<p>En tant que membre, j\u2019ai r\u00e9alis\u00e9 les cr\u00e9neaux en boutique les premiers mois en participant \u00e9galement \u00e0 quelques inventaires et ouvertures de boutique. J\u2019ai commenc\u00e9 \u00e0 acheter une tr\u00e8s grande partie de mes produits \u00e0 <em>La French Coop<\/em>, <em>l\u2019\u00e9picerie<\/em> dans <strong>une ambiance agr\u00e9able<\/strong> et o\u00f9 le contact et les <strong>\u00e9changes avec les adh\u00e9rents<\/strong> ont du sens.<\/p>\n\n\n\n<p>Et puis le Covid est pass\u00e9 par l\u00e0, il m\u2019a un peu forc\u00e9 rapidement \u00e0 quitter ma vie professionnelle. Je me suis donc retrouv\u00e9 disponible et motiv\u00e9 pour \u00eatre <strong>r\u00e9f<strong>\u00e9<\/strong>rent <strong>\u00e9<\/strong>picerie<\/strong> et participer plus activement au d\u00e9veloppement de <em>La French Coop<\/em>. Ainsi je me rends utile.<\/p>\n\n\n\n<p><strong>J\u2019ach\u00e8te aujourd\u2019hui la quasi-totalit\u00e9 des produits \u00e0 la boutique avec une pr\u00e9f\u00e9rence pour les yaourts, les fromages et les produits de <a href=\"https:\/\/fermedeschampsromet.fr\/\" target=\"_blank\" rel=\"noreferrer noopener\">La ferme des Champs-Romet<\/a> !<\/strong><\/p>\n\n\n\n<p>J\u2019essaie de faire au mieux pour \u00eatre un citoyen \u00e9coresponsable dans mes gestes de tous les jours comme me d\u00e9placer \u00e0 v\u00e9lo et m\u00eame faire ma propre lessive\u2026 merci <em>La French Coop<\/em>, <em>l\u2019\u00e9picerie<\/em>.<\/p>\n\n\n\n<div style=\"height:50px\" aria-hidden=\"true\" class=\"wp-block-spacer\"><\/div>\n\n\n\n<p class=\"has-text-align-center has-accent-color has-text-color has-background\" style=\"background-color:#ecffe4\"><strong><a href=\"https:\/\/lafrenchcoop.fr\/site\/category\/parole-adherents\" target=\"_blank\" rel=\"noreferrer noopener\">Voir les autres articles sur nos adh\u00e9rents<\/a><\/strong><\/p>\n\n\n\n<div style=\"height:20px\" aria-hidden=\"true\" class=\"wp-block-spacer\"><\/div>\n","protected":false},"excerpt":{"rendered":"<p>Une ambiance agr\u00e9able et o\u00f9 le contact et les \u00e9changes avec les adh\u00e9rents ont du sens JEAN-FRAN\u00c7OIS BOUQUET J\u2019ai adh\u00e9r\u00e9 en octobre 2019 sous la pression positive de ma ni\u00e8ce tr\u00e8s impliqu\u00e9e dans le d\u00e9veloppement durable et dans l\u2019association Les Amis de La French Coop. Elle m\u2019a convaincu de participer [&hellip;]<\/p>\n","protected":false},"author":4,"featured_media":193265,"comment_status":"open","ping_status":"open","sticky":false,"template":"","format":"standard","meta":[],"categories":[21],"tags":[22,47,48],"yoast_head":"<!-- This site is optimized with the Yoast SEO plugin v17.9 - https:\/\/yoast.com\/wordpress\/plugins\/seo\/ -->\n<title>La parole aux adh\u00e9rents - La parole au b\u00e9n\u00e9vole\u00a0: Jean-Fran\u00e7ois Bouquet<\/title>\n<meta name=\"description\" content=\"J\u2019ai adh\u00e9r\u00e9 fin 2019 sous la pression positive de ma ni\u00e8ce, tr\u00e8s impliqu\u00e9e dans le d\u00e9veloppement durable et dans l\u2019association Les Amis de La French Coop.\" \/>\n<meta name=\"robots\" content=\"index, follow, max-snippet:-1, max-image-preview:large, max-video-preview:-1\" \/>\n<link rel=\"canonical\" href=\"https:\/\/lafrenchcoop.fr\/site\/parole-adherents\/la-parole-au-benevole-jean-francois-bouquet\" \/>\n<meta property=\"og:locale\" content=\"fr_FR\" \/>\n<meta property=\"og:type\" content=\"article\" \/>\n<meta property=\"og:title\" content=\"La parole aux adh\u00e9rents - La parole au b\u00e9n\u00e9vole\u00a0: Jean-Fran\u00e7ois Bouquet\" \/>\n<meta property=\"og:description\" content=\"J\u2019ai adh\u00e9r\u00e9 fin 2019 sous la pression positive de ma ni\u00e8ce, tr\u00e8s impliqu\u00e9e dans le d\u00e9veloppement durable et dans l\u2019association Les Amis de La French Coop.\" \/>\n<meta property=\"og:url\" content=\"https:\/\/lafrenchcoop.fr\/site\/parole-adherents\/la-parole-au-benevole-jean-francois-bouquet\" \/>\n<meta property=\"og:site_name\" content=\"La French Coop\" \/>\n<meta property=\"article:publisher\" content=\"https:\/\/www.facebook.com\/lafrenchcoop\/\" \/>\n<meta property=\"article:published_time\" content=\"2021-07-03T14:27:01+00:00\" \/>\n<meta property=\"article:modified_time\" content=\"2021-07-03T14:35:48+00:00\" \/>\n<meta property=\"og:image\" content=\"https:\/\/lafrenchcoop.fr\/site\/wp-content\/uploads\/2021\/07\/Edito-JF.png\" \/>\n\t<meta property=\"og:image:width\" content=\"1000\" \/>\n\t<meta property=\"og:image:height\" content=\"1000\" \/>\n\t<meta property=\"og:image:type\" content=\"image\/png\" \/>\n<meta name=\"twitter:card\" content=\"summary_large_image\" \/>\n<meta name=\"twitter:creator\" content=\"@FrenchCoop\" \/>\n<meta name=\"twitter:site\" content=\"@FrenchCoop\" \/>\n<meta name=\"twitter:label1\" content=\"\u00c9crit par\" \/>\n\t<meta name=\"twitter:data1\" content=\"lafrenchcoop\" \/>\n\t<meta name=\"twitter:label2\" content=\"Dur\u00e9e de lecture estim\u00e9e\" \/>\n\t<meta name=\"twitter:data2\" content=\"2 minutes\" \/>\n<script type=\"application\/ld+json\" class=\"yoast-schema-graph\">{\"@context\":\"https:\/\/schema.org\",\"@graph\":[{\"@type\":\"WebSite\",\"@id\":\"https:\/\/lafrenchcoop.fr\/site\/#website\",\"url\":\"https:\/\/lafrenchcoop.fr\/site\/\",\"name\":\"La French Coop\",\"description\":\"L&#039;\\u00e9picerie coop\\u00e9rative et participative d&#039;Asni\\u00e8res-sur-Seine !\",\"potentialAction\":[{\"@type\":\"SearchAction\",\"target\":{\"@type\":\"EntryPoint\",\"urlTemplate\":\"https:\/\/lafrenchcoop.fr\/site\/?s={search_term_string}\"},\"query-input\":\"required name=search_term_string\"}],\"inLanguage\":\"fr-FR\"},{\"@type\":\"ImageObject\",\"@id\":\"https:\/\/lafrenchcoop.fr\/site\/parole-adherents\/la-parole-au-benevole-jean-francois-bouquet#primaryimage\",\"inLanguage\":\"fr-FR\",\"url\":\"https:\/\/lafrenchcoop.fr\/site\/wp-content\/uploads\/2021\/07\/Edito-JF.png\",\"contentUrl\":\"https:\/\/lafrenchcoop.fr\/site\/wp-content\/uploads\/2021\/07\/Edito-JF.png\",\"width\":1000,\"height\":1000,\"caption\":\"Jean Fran\\u00e7ois\"},{\"@type\":\"WebPage\",\"@id\":\"https:\/\/lafrenchcoop.fr\/site\/parole-adherents\/la-parole-au-benevole-jean-francois-bouquet#webpage\",\"url\":\"https:\/\/lafrenchcoop.fr\/site\/parole-adherents\/la-parole-au-benevole-jean-francois-bouquet\",\"name\":\"La parole aux adh\\u00e9rents - La parole au b\\u00e9n\\u00e9vole\\u00a0: Jean-Fran\\u00e7ois Bouquet\",\"isPartOf\":{\"@id\":\"https:\/\/lafrenchcoop.fr\/site\/#website\"},\"primaryImageOfPage\":{\"@id\":\"https:\/\/lafrenchcoop.fr\/site\/parole-adherents\/la-parole-au-benevole-jean-francois-bouquet#primaryimage\"},\"datePublished\":\"2021-07-03T14:27:01+00:00\",\"dateModified\":\"2021-07-03T14:35:48+00:00\",\"author\":{\"@id\":\"https:\/\/lafrenchcoop.fr\/site\/#\/schema\/person\/ba218cfcafb09c5becc70800de7554bf\"},\"description\":\"J\\u2019ai adh\\u00e9r\\u00e9 fin 2019 sous la pression positive de ma ni\\u00e8ce, tr\\u00e8s impliqu\\u00e9e dans le d\\u00e9veloppement durable et dans l\\u2019association Les Amis de La French Coop.\",\"breadcrumb\":{\"@id\":\"https:\/\/lafrenchcoop.fr\/site\/parole-adherents\/la-parole-au-benevole-jean-francois-bouquet#breadcrumb\"},\"inLanguage\":\"fr-FR\",\"potentialAction\":[{\"@type\":\"ReadAction\",\"target\":[\"https:\/\/lafrenchcoop.fr\/site\/parole-adherents\/la-parole-au-benevole-jean-francois-bouquet\"]}]},{\"@type\":\"BreadcrumbList\",\"@id\":\"https:\/\/lafrenchcoop.fr\/site\/parole-adherents\/la-parole-au-benevole-jean-francois-bouquet#breadcrumb\",\"itemListElement\":[{\"@type\":\"ListItem\",\"position\":1,\"name\":\"Accueil\",\"item\":\"https:\/\/lafrenchcoop.fr\/site\/\"},{\"@type\":\"ListItem\",\"position\":2,\"name\":\"La parole au b\\u00e9n\\u00e9vole\\u00a0: Jean-Fran\\u00e7ois Bouquet\"}]},{\"@type\":\"Person\",\"@id\":\"https:\/\/lafrenchcoop.fr\/site\/#\/schema\/person\/ba218cfcafb09c5becc70800de7554bf\",\"name\":\"lafrenchcoop\",\"image\":{\"@type\":\"ImageObject\",\"@id\":\"https:\/\/lafrenchcoop.fr\/site\/#personlogo\",\"inLanguage\":\"fr-FR\",\"url\":\"https:\/\/secure.gravatar.com\/avatar\/f35efd74c5723ad71a999ece82bb95f4?s=96&d=mm&r=g\",\"contentUrl\":\"https:\/\/secure.gravatar.com\/avatar\/f35efd74c5723ad71a999ece82bb95f4?s=96&d=mm&r=g\",\"caption\":\"lafrenchcoop\"},\"url\":\"https:\/\/lafrenchcoop.fr\/site\/author\/lafrenchcoop\"}]}<\/script>\n<!-- \/ Yoast SEO plugin. -->","yoast_head_json":{"title":"La parole aux adh\u00e9rents - La parole au b\u00e9n\u00e9vole\u00a0: Jean-Fran\u00e7ois Bouquet","description":"J\u2019ai adh\u00e9r\u00e9 fin 2019 sous la pression positive de ma ni\u00e8ce, tr\u00e8s impliqu\u00e9e dans le d\u00e9veloppement durable et dans l\u2019association Les Amis de La French Coop.","robots":{"index":"index","follow":"follow","max-snippet":"max-snippet:-1","max-image-preview":"max-image-preview:large","max-video-preview":"max-video-preview:-1"},"canonical":"https:\/\/lafrenchcoop.fr\/site\/parole-adherents\/la-parole-au-benevole-jean-francois-bouquet","og_locale":"fr_FR","og_type":"article","og_title":"La parole aux adh\u00e9rents - La parole au b\u00e9n\u00e9vole\u00a0: Jean-Fran\u00e7ois Bouquet","og_description":"J\u2019ai adh\u00e9r\u00e9 fin 2019 sous la pression positive de ma ni\u00e8ce, tr\u00e8s impliqu\u00e9e dans le d\u00e9veloppement durable et dans l\u2019association Les Amis de La French Coop.","og_url":"https:\/\/lafrenchcoop.fr\/site\/parole-adherents\/la-parole-au-benevole-jean-francois-bouquet","og_site_name":"La French Coop","article_publisher":"https:\/\/www.facebook.com\/lafrenchcoop\/","article_published_time":"2021-07-03T14:27:01+00:00","article_modified_time":"2021-07-03T14:35:48+00:00","og_image":[{"width":1000,"height":1000,"url":"https:\/\/lafrenchcoop.fr\/site\/wp-content\/uploads\/2021\/07\/Edito-JF.png","type":"image\/png"}],"twitter_card":"summary_large_image","twitter_creator":"@FrenchCoop","twitter_site":"@FrenchCoop","twitter_misc":{"\u00c9crit par":"lafrenchcoop","Dur\u00e9e de lecture estim\u00e9e":"2 minutes"},"schema":{"@context":"https:\/\/schema.org","@graph":[{"@type":"WebSite","@id":"https:\/\/lafrenchcoop.fr\/site\/#website","url":"https:\/\/lafrenchcoop.fr\/site\/","name":"La French Coop","description":"L&#039;\u00e9picerie coop\u00e9rative et participative d&#039;Asni\u00e8res-sur-Seine !","potentialAction":[{"@type":"SearchAction","target":{"@type":"EntryPoint","urlTemplate":"https:\/\/lafrenchcoop.fr\/site\/?s={search_term_string}"},"query-input":"required name=search_term_string"}],"inLanguage":"fr-FR"},{"@type":"ImageObject","@id":"https:\/\/lafrenchcoop.fr\/site\/parole-adherents\/la-parole-au-benevole-jean-francois-bouquet#primaryimage","inLanguage":"fr-FR","url":"https:\/\/lafrenchcoop.fr\/site\/wp-content\/uploads\/2021\/07\/Edito-JF.png","contentUrl":"https:\/\/lafrenchcoop.fr\/site\/wp-content\/uploads\/2021\/07\/Edito-JF.png","width":1000,"height":1000,"caption":"Jean Fran\u00e7ois"},{"@type":"WebPage","@id":"https:\/\/lafrenchcoop.fr\/site\/parole-adherents\/la-parole-au-benevole-jean-francois-bouquet#webpage","url":"https:\/\/lafrenchcoop.fr\/site\/parole-adherents\/la-parole-au-benevole-jean-francois-bouquet","name":"La parole aux adh\u00e9rents - La parole au b\u00e9n\u00e9vole\u00a0: Jean-Fran\u00e7ois Bouquet","isPartOf":{"@id":"https:\/\/lafrenchcoop.fr\/site\/#website"},"primaryImageOfPage":{"@id":"https:\/\/lafrenchcoop.fr\/site\/parole-adherents\/la-parole-au-benevole-jean-francois-bouquet#primaryimage"},"datePublished":"2021-07-03T14:27:01+00:00","dateModified":"2021-07-03T14:35:48+00:00","author":{"@id":"https:\/\/lafrenchcoop.fr\/site\/#\/schema\/person\/ba218cfcafb09c5becc70800de7554bf"},"description":"J\u2019ai adh\u00e9r\u00e9 fin 2019 sous la pression positive de ma ni\u00e8ce, tr\u00e8s impliqu\u00e9e dans le d\u00e9veloppement durable et dans l\u2019association Les Amis de La French Coop.","breadcrumb":{"@id":"https:\/\/lafrenchcoop.fr\/site\/parole-adherents\/la-parole-au-benevole-jean-francois-bouquet#breadcrumb"},"inLanguage":"fr-FR","potentialAction":[{"@type":"ReadAction","target":["https:\/\/lafrenchcoop.fr\/site\/parole-adherents\/la-parole-au-benevole-jean-francois-bouquet"]}]},{"@type":"BreadcrumbList","@id":"https:\/\/lafrenchcoop.fr\/site\/parole-adherents\/la-parole-au-benevole-jean-francois-bouquet#breadcrumb","itemListElement":[{"@type":"ListItem","position":1,"name":"Accueil","item":"https:\/\/lafrenchcoop.fr\/site\/"},{"@type":"ListItem","position":2,"name":"La parole au b\u00e9n\u00e9vole\u00a0: Jean-Fran\u00e7ois Bouquet"}]},{"@type":"Person","@id":"https:\/\/lafrenchcoop.fr\/site\/#\/schema\/person\/ba218cfcafb09c5becc70800de7554bf","name":"lafrenchcoop","image":{"@type":"ImageObject","@id":"https:\/\/lafrenchcoop.fr\/site\/#personlogo","inLanguage":"fr-FR","url":"https:\/\/secure.gravatar.com\/avatar\/f35efd74c5723ad71a999ece82bb95f4?s=96&d=mm&r=g","contentUrl":"https:\/\/secure.gravatar.com\/avatar\/f35efd74c5723ad71a999ece82bb95f4?s=96&d=mm&r=g","caption":"lafrenchcoop"},"url":"https:\/\/lafrenchcoop.fr\/site\/author\/lafrenchcoop"}]}},"_links":{"self":[{"href":"https:\/\/lafrenchcoop.fr\/site\/wp-json\/wp\/v2\/posts\/193261"}],"collection":[{"href":"https:\/\/lafrenchcoop.fr\/site\/wp-json\/wp\/v2\/posts"}],"about":[{"href":"https:\/\/lafrenchcoop.fr\/site\/wp-json\/wp\/v2\/types\/post"}],"author":[{"embeddable":true,"href":"https:\/\/lafrenchcoop.fr\/site\/wp-json\/wp\/v2\/users\/4"}],"replies":[{"embeddable":true,"href":"https:\/\/lafrenchcoop.fr\/site\/wp-json\/wp\/v2\/comments?post=193261"}],"version-history":[{"count":7,"href":"https:\/\/lafrenchcoop.fr\/site\/wp-json\/wp\/v2\/posts\/193261\/revisions"}],"predecessor-version":[{"id":193292,"href":"https:\/\/lafrenchcoop.fr\/site\/wp-json\/wp\/v2\/posts\/193261\/revisions\/193292"}],"wp:featuredmedia":[{"embeddable":true,"href":"https:\/\/lafrenchcoop.fr\/site\/wp-json\/wp\/v2\/media\/193265"}],"wp:attachment":[{"href":"https:\/\/lafrenchcoop.fr\/site\/wp-json\/wp\/v2\/media?parent=193261"}],"wp:term":[{"taxonomy":"category","embeddable":true,"href":"https:\/\/lafrenchcoop.fr\/site\/wp-json\/wp\/v2\/categories?post=193261"},{"taxonomy":"post_tag","embeddable":true,"href":"https:\/\/lafrenchcoop.fr\/site\/wp-json\/wp\/v2\/tags?post=193261"}],"curies":[{"name":"wp","href":"https:\/\/api.w.org\/{rel}","templated":true}]}}