{"id":193388,"date":"2021-09-28T15:48:35","date_gmt":"2021-09-28T13:48:35","guid":{"rendered":"https:\/\/lafrenchcoop.fr\/site\/?p=193388"},"modified":"2021-10-07T22:09:18","modified_gmt":"2021-10-07T20:09:18","slug":"le-produit-prefere-de-mirabelle","status":"publish","type":"post","link":"https:\/\/lafrenchcoop.fr\/site\/parole-adherents\/le-produit-prefere-de-mirabelle","title":{"rendered":"Le produit pr\u00e9f\u00e9r\u00e9 de Mirabelle"},"content":{"rendered":"\n<div class=\"wp-block-columns\">\n<div class=\"wp-block-column is-vertically-aligned-center\">\n<figure class=\"wp-block-image size-medium is-resized is-style-rounded\"><img loading=\"lazy\" src=\"https:\/\/lafrenchcoop.fr\/site\/wp-content\/uploads\/2021\/09\/Photo-Danie\u0300le-Taulin-Hommell-7-e1633354577648-500x500.jpg\" alt=\"Kombucha Fous de l'\u00eele \u00e0 l'\u00e9picerie La french Coop\" class=\"wp-image-193397\" width=\"375\" height=\"375\" srcset=\"https:\/\/lafrenchcoop.fr\/site\/wp-content\/uploads\/2021\/09\/Photo-Danie\u0300le-Taulin-Hommell-7-e1633354577648-500x500.jpg 500w, https:\/\/lafrenchcoop.fr\/site\/wp-content\/uploads\/2021\/09\/Photo-Danie\u0300le-Taulin-Hommell-7-e1633354577648-1024x1024.jpg 1024w, https:\/\/lafrenchcoop.fr\/site\/wp-content\/uploads\/2021\/09\/Photo-Danie\u0300le-Taulin-Hommell-7-e1633354577648-150x150.jpg 150w, https:\/\/lafrenchcoop.fr\/site\/wp-content\/uploads\/2021\/09\/Photo-Danie\u0300le-Taulin-Hommell-7-e1633354577648-768x768.jpg 768w, https:\/\/lafrenchcoop.fr\/site\/wp-content\/uploads\/2021\/09\/Photo-Danie\u0300le-Taulin-Hommell-7-e1633354577648-1536x1536.jpg 1536w, https:\/\/lafrenchcoop.fr\/site\/wp-content\/uploads\/2021\/09\/Photo-Danie\u0300le-Taulin-Hommell-7-e1633354577648.jpg 1769w\" sizes=\"(max-width: 375px) 100vw, 375px\" \/><figcaption><sup><sub>Kombucha Fous de l&rsquo;\u00eele \u00e0 l&rsquo;\u00e9picerie La french Coop. Photo : <a href=\"http:\/\/daniele-taulin-hommell-photographe.com\/\" target=\"_blank\" rel=\"noreferrer noopener\">Dani\u00e8le Taulin-Hommell<\/a>\/Les Amis de La French Coop<\/sub><\/sup><\/figcaption><\/figure>\n<\/div>\n\n\n\n<div class=\"wp-block-column\">\n<figure class=\"wp-block-pullquote alignleft is-style-default\"><blockquote class=\"has-text-color has-accent-color\"><p><strong>De la kombucha pour se rafra\u00eechir<\/strong> <\/p><p><em>\u00ab C&rsquo;est LA nouvelle boisson phare de vos ap\u00e9ros \u00bb<\/em><\/p><cite>Mirabelle<\/cite><\/blockquote><\/figure>\n\n\n\n<blockquote class=\"wp-block-quote is-style-default\"><p><\/p><p><\/p><p><\/p><p><\/p><\/blockquote>\n<\/div>\n<\/div>\n\n\n\n<p class=\"has-medium-font-size\"><strong>\u00ab\u00a0La kombucha Fous de l\u2019\u00eele est l\u2019un de mes produits pr\u00e9f\u00e9r\u00e9s de l&rsquo;\u00e9picerie La French Coop\u201d nous annonce Mirabelle du groupe communication des Amis de La French Coop qui en a d\u00e9j\u00e0 test\u00e9 tous les parfums.<\/strong><\/p>\n\n\n\n<div class=\"wp-block-image is-style-default\"><figure class=\"alignright size-medium is-resized\"><img loading=\"lazy\" src=\"https:\/\/lafrenchcoop.fr\/site\/wp-content\/uploads\/2021\/09\/Kombucha-gros-plan-500x500.png\" alt=\"Kombucha Fous de l'\u00eele \u00e0 l'\u00e9picerie La French Coop\" class=\"wp-image-193427\" width=\"250\" height=\"250\" srcset=\"https:\/\/lafrenchcoop.fr\/site\/wp-content\/uploads\/2021\/09\/Kombucha-gros-plan-500x500.png 500w, https:\/\/lafrenchcoop.fr\/site\/wp-content\/uploads\/2021\/09\/Kombucha-gros-plan-150x150.png 150w, https:\/\/lafrenchcoop.fr\/site\/wp-content\/uploads\/2021\/09\/Kombucha-gros-plan-768x768.png 768w, https:\/\/lafrenchcoop.fr\/site\/wp-content\/uploads\/2021\/09\/Kombucha-gros-plan.png 1000w\" sizes=\"(max-width: 250px) 100vw, 250px\" \/><figcaption><sup><sub>La kombucha Fous de l&rsquo;\u00eele \u2022 <\/sub><\/sup><br><sup><sub>Photo : <a href=\"http:\/\/daniele-taulin-hommell-photographe.com\/\" target=\"_blank\" rel=\"noreferrer noopener\">Dani\u00e8le Taulin-Hommell<\/a><\/sub><\/sup><\/figcaption><\/figure><\/div>\n\n\n\n<p>\u201cDepuis mon adh\u00e9sion \u00e0 Les Amis de La French Coop il y a un an, le choix de produits disponibles \u00e0 l\u2019\u00e9picerie n\u2019a cess\u00e9 de se d\u00e9velopper et j\u2019ai \u00e9t\u00e9 super ravie d\u2019y trouver de la <strong>kombucha biologique<\/strong> ! Si vous ne connaissez pas, c\u2019est LA nouvelle boisson phare de vos ap\u00e9ros, picnic ou d\u00eeners !\u201d<\/p>\n\n\n\n<p><strong>Vous \u00eates tent\u00e9 ?<\/strong> La kombucha est une boisson aromatis\u00e9e \u00e0 base de th\u00e9 ferment\u00e9 par l\u2019utilisation de bact\u00e9ries et levures qui la rendent l\u00e9g\u00e8rement gazeuse.<\/p>\n\n\n\n<p>Il y en a pour tous les go\u00fbts : Hibiscus Chai, Gingembre, Mangue-Vanille-Curcuma ou Vivace.<\/p>\n\n\n\n<p>Fond\u00e9e en 2015 \u00e0 Montr\u00e9al, Fous de l\u2019\u00eele offre une vari\u00e9t\u00e9 de kombucha biologiques, maintenant \u00e9galement <strong>brass\u00e9es localement en France en Seine Saint Denis.<\/strong> Pour en savoir plus sur leur processus de fabrication, vous pouvez consulter leur site internet, ils vous disent tout : <a href=\"https:\/\/fousdelile.fr\/\" target=\"_blank\" rel=\"noreferrer noopener\">https:\/\/fousdelile.fr\/<\/a><\/p>\n\n\n\n<p>Mirabelle est adepte de la boisson depuis plusieurs ann\u00e9es : \u00ab\u00a0Je trouve la kombucha Fous de l\u2019\u00eele tr\u00e8s <strong>savoureuse<\/strong>, ni acide ni trop sucr\u00e9e, et les diff\u00e9rents parfums sont plut\u00f4t subtils. M\u00eame si <strong>tous les go\u00fbts sont top, <\/strong>j\u2019ai une pr\u00e9f\u00e9rence pour la saveur Vivace, tr\u00e8s rafra\u00eechissante.\u201d<\/p>\n\n\n\n<p>\u201cNon seulement leur kombucha est tr\u00e8s bonne, bio et locale mais j\u2019aime aussi beaucoup le design de la bouteille en verre qui peut resservir comme soliflore ou pour votre lessive faite maison quand vous partez en vacances.\u201d<\/p>\n\n\n\n<p>N\u2019attendez-plus et retrouvez bient\u00f4t la kombucha Fous de l\u2019\u00eele dans les frigos de votre \u00e9picerie pr\u00e9f\u00e9r\u00e9e.<\/p>\n\n\n\n<div style=\"height:20px\" aria-hidden=\"true\" class=\"wp-block-spacer\"><\/div>\n\n\n\n<p class=\"has-accent-color has-text-color\"><strong>Laissez nous un commentaire pour nous faire d\u00e9couvrir votre produit  pr\u00e9f\u00e9r\u00e9 \u00e0 <em>La French Coop l&rsquo;\u00e9picerie<\/em> !<\/strong><\/p>\n\n\n\n<p>Pour en savoir plus sur notre s\u00e9lection de produits, consultez notre <a href=\"https:\/\/lafrenchcoop.fr\/site\/la-charte-des-produits\" target=\"_blank\" rel=\"noreferrer noopener\">charte des produits<\/a>.<\/p>\n\n\n\n<div style=\"height:50px\" aria-hidden=\"true\" class=\"wp-block-spacer\"><\/div>\n\n\n\n<p class=\"has-text-align-center has-accent-color has-text-color has-background\" style=\"background-color:#ecffe4\"><strong><strong><a href=\"https:\/\/lafrenchcoop.fr\/site\/parole-adherents\/\" target=\"_blank\" rel=\"noreferrer noopener\">Voir les autres articles sur nos adh\u00e9rents<\/a><\/strong><\/strong><\/p>\n\n\n\n<div style=\"height:20px\" aria-hidden=\"true\" class=\"wp-block-spacer\"><\/div>\n","protected":false},"excerpt":{"rendered":"<p>De la kombucha pour se rafra\u00eechir \u00ab C&rsquo;est LA nouvelle boisson phare de vos ap\u00e9ros \u00bb Mirabelle \u00ab\u00a0La kombucha Fous de l\u2019\u00eele est l\u2019un de mes produits pr\u00e9f\u00e9r\u00e9s de l&rsquo;\u00e9picerie La French Coop\u201d nous annonce Mirabelle du groupe communication des Amis de La French Coop qui en a d\u00e9j\u00e0 test\u00e9 [&hellip;]<\/p>\n","protected":false},"author":4,"featured_media":193480,"comment_status":"open","ping_status":"open","sticky":false,"template":"","format":"standard","meta":[],"categories":[21],"tags":[22,54,49,33],"yoast_head":"<!-- This site is optimized with the Yoast SEO plugin v17.9 - https:\/\/yoast.com\/wordpress\/plugins\/seo\/ -->\n<title>La parole aux adh\u00e9rents - Le produit pr\u00e9f\u00e9r\u00e9 de Mirabelle<\/title>\n<meta name=\"description\" content=\"Le choix de produits disponibles \u00e0 l\u2019\u00e9picerie n\u2019a cess\u00e9 de se d\u00e9velopper et j\u2019ai \u00e9t\u00e9 super ravie d\u2019y trouver de la kombucha biologique ! Si vous ne connaissez pas, c\u2019est LA nouvelle boisson phare de vos ap\u00e9ros, picnic ou d\u00eeners !\" \/>\n<meta name=\"robots\" content=\"index, follow, max-snippet:-1, max-image-preview:large, max-video-preview:-1\" \/>\n<link rel=\"canonical\" href=\"https:\/\/lafrenchcoop.fr\/site\/parole-adherents\/le-produit-prefere-de-mirabelle\" \/>\n<meta property=\"og:locale\" content=\"fr_FR\" \/>\n<meta property=\"og:type\" content=\"article\" \/>\n<meta property=\"og:title\" content=\"La parole aux adh\u00e9rents - Le produit pr\u00e9f\u00e9r\u00e9 de Mirabelle\" \/>\n<meta property=\"og:description\" content=\"Le choix de produits disponibles \u00e0 l\u2019\u00e9picerie n\u2019a cess\u00e9 de se d\u00e9velopper et j\u2019ai \u00e9t\u00e9 super ravie d\u2019y trouver de la kombucha biologique ! Si vous ne connaissez pas, c\u2019est LA nouvelle boisson phare de vos ap\u00e9ros, picnic ou d\u00eeners !\" \/>\n<meta property=\"og:url\" content=\"https:\/\/lafrenchcoop.fr\/site\/parole-adherents\/le-produit-prefere-de-mirabelle\" \/>\n<meta property=\"og:site_name\" content=\"La French Coop\" \/>\n<meta property=\"article:publisher\" content=\"https:\/\/www.facebook.com\/lafrenchcoop\/\" \/>\n<meta property=\"article:published_time\" content=\"2021-09-28T13:48:35+00:00\" \/>\n<meta property=\"article:modified_time\" content=\"2021-10-07T20:09:18+00:00\" \/>\n<meta property=\"og:image\" content=\"https:\/\/lafrenchcoop.fr\/site\/wp-content\/uploads\/2021\/10\/Clotilde_cover.jpg\" \/>\n\t<meta property=\"og:image:width\" content=\"834\" \/>\n\t<meta property=\"og:image:height\" content=\"557\" \/>\n\t<meta property=\"og:image:type\" content=\"image\/jpeg\" \/>\n<meta name=\"twitter:card\" content=\"summary_large_image\" \/>\n<meta name=\"twitter:creator\" content=\"@FrenchCoop\" \/>\n<meta name=\"twitter:site\" content=\"@FrenchCoop\" \/>\n<meta name=\"twitter:label1\" content=\"\u00c9crit par\" \/>\n\t<meta name=\"twitter:data1\" content=\"lafrenchcoop\" \/>\n\t<meta name=\"twitter:label2\" content=\"Dur\u00e9e de lecture estim\u00e9e\" \/>\n\t<meta name=\"twitter:data2\" content=\"2 minutes\" \/>\n<script type=\"application\/ld+json\" class=\"yoast-schema-graph\">{\"@context\":\"https:\/\/schema.org\",\"@graph\":[{\"@type\":\"WebSite\",\"@id\":\"https:\/\/lafrenchcoop.fr\/site\/#website\",\"url\":\"https:\/\/lafrenchcoop.fr\/site\/\",\"name\":\"La French Coop\",\"description\":\"L&#039;\\u00e9picerie coop\\u00e9rative et participative d&#039;Asni\\u00e8res-sur-Seine !\",\"potentialAction\":[{\"@type\":\"SearchAction\",\"target\":{\"@type\":\"EntryPoint\",\"urlTemplate\":\"https:\/\/lafrenchcoop.fr\/site\/?s={search_term_string}\"},\"query-input\":\"required name=search_term_string\"}],\"inLanguage\":\"fr-FR\"},{\"@type\":\"ImageObject\",\"@id\":\"https:\/\/lafrenchcoop.fr\/site\/parole-adherents\/le-produit-prefere-de-mirabelle#primaryimage\",\"inLanguage\":\"fr-FR\",\"url\":\"https:\/\/lafrenchcoop.fr\/site\/wp-content\/uploads\/2021\/10\/Clotilde_cover.jpg\",\"contentUrl\":\"https:\/\/lafrenchcoop.fr\/site\/wp-content\/uploads\/2021\/10\/Clotilde_cover.jpg\",\"width\":834,\"height\":557,\"caption\":\"Adh\\u00e9rente b\\u00e9n\\u00e9vole GT communication Les Amis de La French Coop Kombucha\"},{\"@type\":\"WebPage\",\"@id\":\"https:\/\/lafrenchcoop.fr\/site\/parole-adherents\/le-produit-prefere-de-mirabelle#webpage\",\"url\":\"https:\/\/lafrenchcoop.fr\/site\/parole-adherents\/le-produit-prefere-de-mirabelle\",\"name\":\"La parole aux adh\\u00e9rents - Le produit pr\\u00e9f\\u00e9r\\u00e9 de Mirabelle\",\"isPartOf\":{\"@id\":\"https:\/\/lafrenchcoop.fr\/site\/#website\"},\"primaryImageOfPage\":{\"@id\":\"https:\/\/lafrenchcoop.fr\/site\/parole-adherents\/le-produit-prefere-de-mirabelle#primaryimage\"},\"datePublished\":\"2021-09-28T13:48:35+00:00\",\"dateModified\":\"2021-10-07T20:09:18+00:00\",\"author\":{\"@id\":\"https:\/\/lafrenchcoop.fr\/site\/#\/schema\/person\/ba218cfcafb09c5becc70800de7554bf\"},\"description\":\"Le choix de produits disponibles \\u00e0 l\\u2019\\u00e9picerie n\\u2019a cess\\u00e9 de se d\\u00e9velopper et j\\u2019ai \\u00e9t\\u00e9 super ravie d\\u2019y trouver de la kombucha biologique ! Si vous ne connaissez pas, c\\u2019est LA nouvelle boisson phare de vos ap\\u00e9ros, picnic ou d\\u00eeners !\",\"breadcrumb\":{\"@id\":\"https:\/\/lafrenchcoop.fr\/site\/parole-adherents\/le-produit-prefere-de-mirabelle#breadcrumb\"},\"inLanguage\":\"fr-FR\",\"potentialAction\":[{\"@type\":\"ReadAction\",\"target\":[\"https:\/\/lafrenchcoop.fr\/site\/parole-adherents\/le-produit-prefere-de-mirabelle\"]}]},{\"@type\":\"BreadcrumbList\",\"@id\":\"https:\/\/lafrenchcoop.fr\/site\/parole-adherents\/le-produit-prefere-de-mirabelle#breadcrumb\",\"itemListElement\":[{\"@type\":\"ListItem\",\"position\":1,\"name\":\"Accueil\",\"item\":\"https:\/\/lafrenchcoop.fr\/site\/\"},{\"@type\":\"ListItem\",\"position\":2,\"name\":\"Le produit pr\\u00e9f\\u00e9r\\u00e9 de Mirabelle\"}]},{\"@type\":\"Person\",\"@id\":\"https:\/\/lafrenchcoop.fr\/site\/#\/schema\/person\/ba218cfcafb09c5becc70800de7554bf\",\"name\":\"lafrenchcoop\",\"image\":{\"@type\":\"ImageObject\",\"@id\":\"https:\/\/lafrenchcoop.fr\/site\/#personlogo\",\"inLanguage\":\"fr-FR\",\"url\":\"https:\/\/secure.gravatar.com\/avatar\/f35efd74c5723ad71a999ece82bb95f4?s=96&d=mm&r=g\",\"contentUrl\":\"https:\/\/secure.gravatar.com\/avatar\/f35efd74c5723ad71a999ece82bb95f4?s=96&d=mm&r=g\",\"caption\":\"lafrenchcoop\"},\"url\":\"https:\/\/lafrenchcoop.fr\/site\/author\/lafrenchcoop\"}]}<\/script>\n<!-- \/ Yoast SEO plugin. -->","yoast_head_json":{"title":"La parole aux adh\u00e9rents - Le produit pr\u00e9f\u00e9r\u00e9 de Mirabelle","description":"Le choix de produits disponibles \u00e0 l\u2019\u00e9picerie n\u2019a cess\u00e9 de se d\u00e9velopper et j\u2019ai \u00e9t\u00e9 super ravie d\u2019y trouver de la kombucha biologique ! Si vous ne connaissez pas, c\u2019est LA nouvelle boisson phare de vos ap\u00e9ros, picnic ou d\u00eeners !","robots":{"index":"index","follow":"follow","max-snippet":"max-snippet:-1","max-image-preview":"max-image-preview:large","max-video-preview":"max-video-preview:-1"},"canonical":"https:\/\/lafrenchcoop.fr\/site\/parole-adherents\/le-produit-prefere-de-mirabelle","og_locale":"fr_FR","og_type":"article","og_title":"La parole aux adh\u00e9rents - Le produit pr\u00e9f\u00e9r\u00e9 de Mirabelle","og_description":"Le choix de produits disponibles \u00e0 l\u2019\u00e9picerie n\u2019a cess\u00e9 de se d\u00e9velopper et j\u2019ai \u00e9t\u00e9 super ravie d\u2019y trouver de la kombucha biologique ! Si vous ne connaissez pas, c\u2019est LA nouvelle boisson phare de vos ap\u00e9ros, picnic ou d\u00eeners !","og_url":"https:\/\/lafrenchcoop.fr\/site\/parole-adherents\/le-produit-prefere-de-mirabelle","og_site_name":"La French Coop","article_publisher":"https:\/\/www.facebook.com\/lafrenchcoop\/","article_published_time":"2021-09-28T13:48:35+00:00","article_modified_time":"2021-10-07T20:09:18+00:00","og_image":[{"width":834,"height":557,"url":"https:\/\/lafrenchcoop.fr\/site\/wp-content\/uploads\/2021\/10\/Clotilde_cover.jpg","type":"image\/jpeg"}],"twitter_card":"summary_large_image","twitter_creator":"@FrenchCoop","twitter_site":"@FrenchCoop","twitter_misc":{"\u00c9crit par":"lafrenchcoop","Dur\u00e9e de lecture estim\u00e9e":"2 minutes"},"schema":{"@context":"https:\/\/schema.org","@graph":[{"@type":"WebSite","@id":"https:\/\/lafrenchcoop.fr\/site\/#website","url":"https:\/\/lafrenchcoop.fr\/site\/","name":"La French Coop","description":"L&#039;\u00e9picerie coop\u00e9rative et participative d&#039;Asni\u00e8res-sur-Seine !","potentialAction":[{"@type":"SearchAction","target":{"@type":"EntryPoint","urlTemplate":"https:\/\/lafrenchcoop.fr\/site\/?s={search_term_string}"},"query-input":"required name=search_term_string"}],"inLanguage":"fr-FR"},{"@type":"ImageObject","@id":"https:\/\/lafrenchcoop.fr\/site\/parole-adherents\/le-produit-prefere-de-mirabelle#primaryimage","inLanguage":"fr-FR","url":"https:\/\/lafrenchcoop.fr\/site\/wp-content\/uploads\/2021\/10\/Clotilde_cover.jpg","contentUrl":"https:\/\/lafrenchcoop.fr\/site\/wp-content\/uploads\/2021\/10\/Clotilde_cover.jpg","width":834,"height":557,"caption":"Adh\u00e9rente b\u00e9n\u00e9vole GT communication Les Amis de La French Coop Kombucha"},{"@type":"WebPage","@id":"https:\/\/lafrenchcoop.fr\/site\/parole-adherents\/le-produit-prefere-de-mirabelle#webpage","url":"https:\/\/lafrenchcoop.fr\/site\/parole-adherents\/le-produit-prefere-de-mirabelle","name":"La parole aux adh\u00e9rents - Le produit pr\u00e9f\u00e9r\u00e9 de Mirabelle","isPartOf":{"@id":"https:\/\/lafrenchcoop.fr\/site\/#website"},"primaryImageOfPage":{"@id":"https:\/\/lafrenchcoop.fr\/site\/parole-adherents\/le-produit-prefere-de-mirabelle#primaryimage"},"datePublished":"2021-09-28T13:48:35+00:00","dateModified":"2021-10-07T20:09:18+00:00","author":{"@id":"https:\/\/lafrenchcoop.fr\/site\/#\/schema\/person\/ba218cfcafb09c5becc70800de7554bf"},"description":"Le choix de produits disponibles \u00e0 l\u2019\u00e9picerie n\u2019a cess\u00e9 de se d\u00e9velopper et j\u2019ai \u00e9t\u00e9 super ravie d\u2019y trouver de la kombucha biologique ! Si vous ne connaissez pas, c\u2019est LA nouvelle boisson phare de vos ap\u00e9ros, picnic ou d\u00eeners !","breadcrumb":{"@id":"https:\/\/lafrenchcoop.fr\/site\/parole-adherents\/le-produit-prefere-de-mirabelle#breadcrumb"},"inLanguage":"fr-FR","potentialAction":[{"@type":"ReadAction","target":["https:\/\/lafrenchcoop.fr\/site\/parole-adherents\/le-produit-prefere-de-mirabelle"]}]},{"@type":"BreadcrumbList","@id":"https:\/\/lafrenchcoop.fr\/site\/parole-adherents\/le-produit-prefere-de-mirabelle#breadcrumb","itemListElement":[{"@type":"ListItem","position":1,"name":"Accueil","item":"https:\/\/lafrenchcoop.fr\/site\/"},{"@type":"ListItem","position":2,"name":"Le produit pr\u00e9f\u00e9r\u00e9 de Mirabelle"}]},{"@type":"Person","@id":"https:\/\/lafrenchcoop.fr\/site\/#\/schema\/person\/ba218cfcafb09c5becc70800de7554bf","name":"lafrenchcoop","image":{"@type":"ImageObject","@id":"https:\/\/lafrenchcoop.fr\/site\/#personlogo","inLanguage":"fr-FR","url":"https:\/\/secure.gravatar.com\/avatar\/f35efd74c5723ad71a999ece82bb95f4?s=96&d=mm&r=g","contentUrl":"https:\/\/secure.gravatar.com\/avatar\/f35efd74c5723ad71a999ece82bb95f4?s=96&d=mm&r=g","caption":"lafrenchcoop"},"url":"https:\/\/lafrenchcoop.fr\/site\/author\/lafrenchcoop"}]}},"_links":{"self":[{"href":"https:\/\/lafrenchcoop.fr\/site\/wp-json\/wp\/v2\/posts\/193388"}],"collection":[{"href":"https:\/\/lafrenchcoop.fr\/site\/wp-json\/wp\/v2\/posts"}],"about":[{"href":"https:\/\/lafrenchcoop.fr\/site\/wp-json\/wp\/v2\/types\/post"}],"author":[{"embeddable":true,"href":"https:\/\/lafrenchcoop.fr\/site\/wp-json\/wp\/v2\/users\/4"}],"replies":[{"embeddable":true,"href":"https:\/\/lafrenchcoop.fr\/site\/wp-json\/wp\/v2\/comments?post=193388"}],"version-history":[{"count":20,"href":"https:\/\/lafrenchcoop.fr\/site\/wp-json\/wp\/v2\/posts\/193388\/revisions"}],"predecessor-version":[{"id":193510,"href":"https:\/\/lafrenchcoop.fr\/site\/wp-json\/wp\/v2\/posts\/193388\/revisions\/193510"}],"wp:featuredmedia":[{"embeddable":true,"href":"https:\/\/lafrenchcoop.fr\/site\/wp-json\/wp\/v2\/media\/193480"}],"wp:attachment":[{"href":"https:\/\/lafrenchcoop.fr\/site\/wp-json\/wp\/v2\/media?parent=193388"}],"wp:term":[{"taxonomy":"category","embeddable":true,"href":"https:\/\/lafrenchcoop.fr\/site\/wp-json\/wp\/v2\/categories?post=193388"},{"taxonomy":"post_tag","embeddable":true,"href":"https:\/\/lafrenchcoop.fr\/site\/wp-json\/wp\/v2\/tags?post=193388"}],"curies":[{"name":"wp","href":"https:\/\/api.w.org\/{rel}","templated":true}]}}