{"id":193571,"date":"2021-11-14T22:47:39","date_gmt":"2021-11-14T21:47:39","guid":{"rendered":"https:\/\/lafrenchcoop.fr\/site\/?p=193571"},"modified":"2022-08-27T13:03:02","modified_gmt":"2022-08-27T11:03:02","slug":"cest-vote-passage-en-cooperative","status":"publish","type":"post","link":"https:\/\/lafrenchcoop.fr\/site\/evenements\/cest-vote-passage-en-cooperative","title":{"rendered":"C\u2019est vot\u00e9 : passage en coop\u00e9rative !"},"content":{"rendered":"\n<div class=\"wp-block-image\"><figure class=\"alignleft size-large is-resized\"><img loading=\"lazy\" src=\"https:\/\/lafrenchcoop.fr\/site\/wp-content\/uploads\/2021\/11\/IMG_20211015_1910432-1024x660.jpg\" alt=\"Accueil de l'AGE\" class=\"wp-image-193573\" width=\"392\" height=\"254\" title=\"\" srcset=\"https:\/\/lafrenchcoop.fr\/site\/wp-content\/uploads\/2021\/11\/IMG_20211015_1910432-1024x660.jpg 1024w, https:\/\/lafrenchcoop.fr\/site\/wp-content\/uploads\/2021\/11\/IMG_20211015_1910432-768x495.jpg 768w, https:\/\/lafrenchcoop.fr\/site\/wp-content\/uploads\/2021\/11\/IMG_20211015_1910432-1536x990.jpg 1536w, https:\/\/lafrenchcoop.fr\/site\/wp-content\/uploads\/2021\/11\/IMG_20211015_1910432-2048x1320.jpg 2048w\" sizes=\"(max-width: 392px) 100vw, 392px\" \/><figcaption><sup><sub>B\u00e9atrice, Jeannine et Anne sont heureuses de souhaiter la bienvenue aux adh\u00e9rents.<\/sub><\/sup><\/figcaption><\/figure><\/div>\n\n\n\n<p class=\"has-text-align-left has-accent-color has-text-color has-medium-font-size\">L\u2019AGE (Assembl\u00e9e G\u00e9n\u00e9rale Extraordinaire) du 15 octobre 2021 marque une grande \u00e9tape dans l\u2019histoire de l\u2019aventure <em>Les Amis de La French Coop<\/em>. <strong>Nous passons d\u2019une association aux principes coop\u00e9ratifs \u00e0 une Coop\u00e9rative\u00a0!<\/strong><\/p>\n\n\n\n<div style=\"height:4px\" aria-hidden=\"true\" class=\"wp-block-spacer\"><\/div>\n\n\n\n<p>Les sourires \u00e9taient pr\u00e9sents sur chaque visage ce soir-l\u00e0. <strong>La joie de se retrouver en pr\u00e9sentiel et pour une r\u00e9union \u00f4 combien importante<\/strong>. \u00c0 l&rsquo;accueil, une \u00e9quipe de b\u00e9n\u00e9voles s\u2019occupe du listing, contr\u00f4le les documents de d\u00e9rogation, et la salle se remplit peu \u00e0 peu. B\u00e9atrice, Jeannine et Anne sont heureuses de souhaiter la bienvenue aux adh\u00e9rents qui font la queue, en attendant chacun discute, les uns mettent enfin un visage sur un pr\u00e9nom, les autres \u00e9changent des bons plans recette sur des produits de saison.<\/p>\n\n\n\n<h2 class=\"has-text-align-left has-accent-color has-text-color\">\u00ab\u00a0c\u2019est aussi et avant tout un lieu d\u2019\u00e9change\u00a0\u00bb<\/h2>\n\n\n\n<p>Richard est en charge de la retransmission LIVE pour ceux qui souhaitent suivre en distanciel : comme d\u2019habitude, on s\u2019adapte et tout marche \u00e0 la perfection, <strong>la r\u00e9union peut commencer <\/strong>!<\/p>\n\n\n\n<div class=\"wp-block-media-text alignwide is-stacked-on-mobile\" style=\"grid-template-columns:46% auto\"><figure class=\"wp-block-media-text__media\"><img loading=\"lazy\" width=\"1024\" height=\"512\" src=\"https:\/\/lafrenchcoop.fr\/site\/wp-content\/uploads\/2021\/11\/IMG_20211015_2009402-1024x512.jpg\" alt=\"AGE, St\u00e9phanie, la Pr\u00e9sidente Les Amis de la French Coop, partage un bilan de l\u2019ann\u00e9e 2021\" class=\"wp-image-193575 size-full\" srcset=\"https:\/\/lafrenchcoop.fr\/site\/wp-content\/uploads\/2021\/11\/IMG_20211015_2009402-1024x512.jpg 1024w, https:\/\/lafrenchcoop.fr\/site\/wp-content\/uploads\/2021\/11\/IMG_20211015_2009402-500x250.jpg 500w, https:\/\/lafrenchcoop.fr\/site\/wp-content\/uploads\/2021\/11\/IMG_20211015_2009402-768x384.jpg 768w, https:\/\/lafrenchcoop.fr\/site\/wp-content\/uploads\/2021\/11\/IMG_20211015_2009402-1536x768.jpg 1536w, https:\/\/lafrenchcoop.fr\/site\/wp-content\/uploads\/2021\/11\/IMG_20211015_2009402-2048x1024.jpg 2048w\" sizes=\"(max-width: 1024px) 100vw, 1024px\" \/><\/figure><div class=\"wp-block-media-text__content\">\n<div style=\"height:19px\" aria-hidden=\"true\" class=\"wp-block-spacer\"><\/div>\n\n\n\n<p>L\u2019AGE d\u00e9bute et St\u00e9phanie, la Pr\u00e9sidente <em>Les Amis de la French Coop<\/em>, partage un bilan de l\u2019ann\u00e9e 2021. Les r\u00e9alisations, les r\u00e9ussites, mais aussi les challenges\u00a0: il faut renforcer l\u2019engagement de TOUS, car c\u2019est \u00e0 la base de la r\u00e9ussite de l\u2019association. <\/p>\n<\/div><\/div>\n\n\n\n<div style=\"height:21px\" aria-hidden=\"true\" class=\"wp-block-spacer\"><\/div>\n\n\n\n<p>Pour ceux qui n\u2019arrivent pas \u00e0 faire leur cr\u00e9neau, il est possible de contribuer diff\u00e9remment : s\u2019engager dans un GT (groupe de travail), participer \u00e0 l\u2019organisation d\u2019un \u00e9v\u00e9nement ponctuel (des cr\u00e9neaux sont r\u00e9guli\u00e8rement ajout\u00e9s dans l\u2019interface de planning), rejoindre Catherine sur une session de tractage.<\/p>\n\n\n\n<p><em>Les Amis de la French Coop<\/em>, \u00e7a n\u2019est pas juste de bons produits, \u00e9thiques et responsables, c\u2019est aussi et avant tout <strong>un lieu d\u2019\u00e9change et de construction par, et pour tous ses membres\u00a0!<\/strong><\/p>\n\n\n\n<p>Puis on aborde le sujet du soir\u00a0: <strong>pour ou contre le passage en coop\u00e9rative<\/strong>\u00a0? Et qu\u2019est-ce que \u00e7a change\u00a0? Mais tout\u00a0!\u00a0<\/p>\n\n\n\n<p>A commencer par les perspectives du projet. <strong>C\u2019est un feu vert pour avancer et acc\u00e9l\u00e9rer sur l\u2019ouverture de la Grande Epicerie<\/strong> dont on parle depuis si longtemps\u00a0! En devenant une coop\u00e9rative, il est possible de faire un pr\u00eat bancaire, et de se positionner sur un local plus grand dans le quartier. \u00c7a tombe bien, l\u2019\u00e9quipe a bien travaill\u00e9 et <strong>pr\u00e9sente des pistes concr\u00e8tes<\/strong> sur ce sujet. On entend des \u2018Haah\u2019 des \u2018Oooh\u2019 des \u2018ha mais oui je vois o\u00f9 c\u2019est\u00a0!\u2019.<\/p>\n\n\n\n<div class=\"wp-block-image\"><figure class=\"aligncenter size-large is-resized\"><img loading=\"lazy\" src=\"https:\/\/lafrenchcoop.fr\/site\/wp-content\/uploads\/2021\/11\/IMG_20211015_2025142-1024x632.jpg\" alt=\"Pr\u00e9sentation AGE\" class=\"wp-image-193577\" width=\"654\" height=\"403\" srcset=\"https:\/\/lafrenchcoop.fr\/site\/wp-content\/uploads\/2021\/11\/IMG_20211015_2025142-1024x632.jpg 1024w, https:\/\/lafrenchcoop.fr\/site\/wp-content\/uploads\/2021\/11\/IMG_20211015_2025142-500x308.jpg 500w, https:\/\/lafrenchcoop.fr\/site\/wp-content\/uploads\/2021\/11\/IMG_20211015_2025142-768x474.jpg 768w, https:\/\/lafrenchcoop.fr\/site\/wp-content\/uploads\/2021\/11\/IMG_20211015_2025142-1536x948.jpg 1536w, https:\/\/lafrenchcoop.fr\/site\/wp-content\/uploads\/2021\/11\/IMG_20211015_2025142-2048x1264.jpg 2048w\" sizes=\"(max-width: 654px) 100vw, 654px\" \/><figcaption><sub><sup>Arnaud explique le business plan mais aussi le fait de passer d\u2019une adh\u00e9sion associative \u00e0 devenir soci\u00e9taire<\/sup><\/sub><\/figcaption><\/figure><\/div>\n\n\n\n<p>Qui dit banque, dit budget. <strong>Arnaud explique le business plan mais aussi le fait de passer d\u2019une adh\u00e9sion associative \u00e0 devenir soci\u00e9taire<\/strong>, ce qui implique d\u00e9tenir une part ou des parts, c\u2019est un budget (r\u00e9cup\u00e9rable si on s\u2019en va). Tout cela reste \u00e0 affiner mais les grandes lignes sont claires. <strong><em>Les Amis de la French Coop<\/em> suit les \u00e9tapes de cette transformation, d\u00e9j\u00e0 exp\u00e9riment\u00e9es par de nombreuses coop\u00e9ratives\u00a0: elles sont pass\u00e9es par l\u00e0 aussi.<\/strong><\/p>\n\n\n\n<h2 class=\"has-text-align-left has-accent-color has-text-color\">\u00ab&nbsp;le bureau est \u00e9mu&nbsp;!&nbsp;\u00bb<\/h2>\n\n\n\n<div class=\"wp-block-columns\">\n<div class=\"wp-block-column\">\n<div style=\"height:13px\" aria-hidden=\"true\" class=\"wp-block-spacer\"><\/div>\n\n\n\n<p><strong>S\u2019agrandir, c\u2019est aussi attirer plus de consommacteurs et collaborer avec plus de producteurs, proposer une gamme plus large de produits. <\/strong>Tout est li\u00e9 et si on veut avancer ainsi, il faut statuer.<\/p>\n\n\n\n<p>Vient le temps du vote.<\/p>\n<\/div>\n\n\n\n<div class=\"wp-block-column\">\n<figure class=\"wp-block-image size-large is-resized\"><img loading=\"lazy\" src=\"https:\/\/lafrenchcoop.fr\/site\/wp-content\/uploads\/2021\/11\/IMG_20211015_2012212-1024x512.jpg\" alt=\"Apr\u00e8s quelques minutes de suspens, le r\u00e9sultat tombe ! C\u2019est vot\u00e9 : passage en coop\u00e9rative !\" class=\"wp-image-193576\" width=\"436\" height=\"218\" srcset=\"https:\/\/lafrenchcoop.fr\/site\/wp-content\/uploads\/2021\/11\/IMG_20211015_2012212-1024x512.jpg 1024w, https:\/\/lafrenchcoop.fr\/site\/wp-content\/uploads\/2021\/11\/IMG_20211015_2012212-500x250.jpg 500w, https:\/\/lafrenchcoop.fr\/site\/wp-content\/uploads\/2021\/11\/IMG_20211015_2012212-768x384.jpg 768w, https:\/\/lafrenchcoop.fr\/site\/wp-content\/uploads\/2021\/11\/IMG_20211015_2012212-1536x768.jpg 1536w, https:\/\/lafrenchcoop.fr\/site\/wp-content\/uploads\/2021\/11\/IMG_20211015_2012212-2048x1024.jpg 2048w\" sizes=\"(max-width: 436px) 100vw, 436px\" \/><\/figure>\n<\/div>\n<\/div>\n\n\n\n<p>Apr\u00e8s quelques minutes de suspens, le r\u00e9sultat tombe !<\/p>\n\n\n\n<p class=\"has-accent-color has-text-color\"><strong>C\u2019est vot\u00e9\u00a0: passage en coop\u00e9rative\u00a0!\u00a0<\/strong><\/p>\n\n\n\n<p><strong>Les adh\u00e9rents sont contents et le bureau est \u00e9mu\u00a0<\/strong>! Un v\u00e9ritable coup de boost qui pousse chacun \u00e0 se retrousser les manches (encore plus) pour passer aux prochaines \u00e9tapes de cette nouvelle naissance, \u00e0 quelques jours de la c\u00e9l\u00e9bration du <strong><span class=\"has-inline-color has-accent-color\">2eme anniversaire de la boutique<\/span><\/strong> ! <\/p>\n\n\n\n<p class=\"has-text-align-center has-accent-color has-text-color\"><strong>Des festivit\u00e9s seront pr\u00e9vues le 21 novembre, adh\u00e9rents ou non-adh\u00e9rents, <\/strong><br><strong>venez partager \u00e7a avec la French Coop\u00a0!<\/strong> <\/p>\n\n\n\n<p><strong>On offre le caf\u00e9 \u00e0 10h00 au 23 rue de Bretagne, vous y croiserez des adh\u00e9rents dynamiques et engag\u00e9s\u00a0!<\/strong><\/p>\n\n\n\n<div style=\"height:20px\" aria-hidden=\"true\" class=\"wp-block-spacer\"><\/div>\n","protected":false},"excerpt":{"rendered":"<p>L\u2019AGE (Assembl\u00e9e G\u00e9n\u00e9rale Extraordinaire) du 15 octobre 2021 marque une grande \u00e9tape dans l\u2019histoire de l\u2019aventure Les Amis de La French Coop. Nous passons d\u2019une association aux principes coop\u00e9ratifs \u00e0 une Coop\u00e9rative\u00a0! Les sourires \u00e9taient pr\u00e9sents sur chaque visage ce soir-l\u00e0. La joie de se retrouver en pr\u00e9sentiel et pour [&hellip;]<\/p>\n","protected":false},"author":4,"featured_media":193575,"comment_status":"open","ping_status":"open","sticky":false,"template":"","format":"standard","meta":[],"categories":[10,11],"tags":[22,42,55],"yoast_head":"<!-- This site is optimized with the Yoast SEO plugin v17.9 - https:\/\/yoast.com\/wordpress\/plugins\/seo\/ -->\n<title>\u00c9v\u00e8nements - C\u2019est vot\u00e9 : passage en coop\u00e9rative !<\/title>\n<meta name=\"description\" content=\"L\u2019AGE (Assembl\u00e9e G\u00e9n\u00e9rale Extraordinaire) du 15 octobre 2021 marque une grande \u00e9tape dans l\u2019histoire de l\u2019aventure Les Amis de La French Coop. Nous passons d\u2019une association aux principes coop\u00e9ratifs \u00e0 une Coop\u00e9rative\u00a0!\" \/>\n<meta name=\"robots\" content=\"index, follow, max-snippet:-1, max-image-preview:large, max-video-preview:-1\" \/>\n<link rel=\"canonical\" href=\"https:\/\/lafrenchcoop.fr\/site\/evenements\/cest-vote-passage-en-cooperative\" \/>\n<meta property=\"og:locale\" content=\"fr_FR\" \/>\n<meta property=\"og:type\" content=\"article\" \/>\n<meta property=\"og:title\" content=\"\u00c9v\u00e8nements - C\u2019est vot\u00e9 : passage en coop\u00e9rative !\" \/>\n<meta property=\"og:description\" content=\"L\u2019AGE (Assembl\u00e9e G\u00e9n\u00e9rale Extraordinaire) du 15 octobre 2021 marque une grande \u00e9tape dans l\u2019histoire de l\u2019aventure Les Amis de La French Coop. Nous passons d\u2019une association aux principes coop\u00e9ratifs \u00e0 une Coop\u00e9rative\u00a0!\" \/>\n<meta property=\"og:url\" content=\"https:\/\/lafrenchcoop.fr\/site\/evenements\/cest-vote-passage-en-cooperative\" \/>\n<meta property=\"og:site_name\" content=\"La French Coop\" \/>\n<meta property=\"article:publisher\" content=\"https:\/\/www.facebook.com\/lafrenchcoop\/\" \/>\n<meta property=\"article:published_time\" content=\"2021-11-14T21:47:39+00:00\" \/>\n<meta property=\"article:modified_time\" content=\"2022-08-27T11:03:02+00:00\" \/>\n<meta property=\"og:image\" content=\"https:\/\/lafrenchcoop.fr\/site\/wp-content\/uploads\/2021\/11\/IMG_20211015_2009402-scaled.jpg\" \/>\n\t<meta property=\"og:image:width\" content=\"2560\" \/>\n\t<meta property=\"og:image:height\" content=\"1280\" \/>\n\t<meta property=\"og:image:type\" content=\"image\/jpeg\" \/>\n<meta name=\"twitter:card\" content=\"summary_large_image\" \/>\n<meta name=\"twitter:creator\" content=\"@FrenchCoop\" \/>\n<meta name=\"twitter:site\" content=\"@FrenchCoop\" \/>\n<meta name=\"twitter:label1\" content=\"\u00c9crit par\" \/>\n\t<meta name=\"twitter:data1\" content=\"lafrenchcoop\" \/>\n\t<meta name=\"twitter:label2\" content=\"Dur\u00e9e de lecture estim\u00e9e\" \/>\n\t<meta name=\"twitter:data2\" content=\"4 minutes\" \/>\n<script type=\"application\/ld+json\" class=\"yoast-schema-graph\">{\"@context\":\"https:\/\/schema.org\",\"@graph\":[{\"@type\":\"WebSite\",\"@id\":\"https:\/\/lafrenchcoop.fr\/site\/#website\",\"url\":\"https:\/\/lafrenchcoop.fr\/site\/\",\"name\":\"La French Coop\",\"description\":\"L&#039;\\u00e9picerie coop\\u00e9rative et participative d&#039;Asni\\u00e8res-sur-Seine !\",\"potentialAction\":[{\"@type\":\"SearchAction\",\"target\":{\"@type\":\"EntryPoint\",\"urlTemplate\":\"https:\/\/lafrenchcoop.fr\/site\/?s={search_term_string}\"},\"query-input\":\"required name=search_term_string\"}],\"inLanguage\":\"fr-FR\"},{\"@type\":\"ImageObject\",\"@id\":\"https:\/\/lafrenchcoop.fr\/site\/evenements\/cest-vote-passage-en-cooperative#primaryimage\",\"inLanguage\":\"fr-FR\",\"url\":\"https:\/\/lafrenchcoop.fr\/site\/wp-content\/uploads\/2021\/11\/IMG_20211015_2009402-scaled.jpg\",\"contentUrl\":\"https:\/\/lafrenchcoop.fr\/site\/wp-content\/uploads\/2021\/11\/IMG_20211015_2009402-scaled.jpg\",\"width\":2560,\"height\":1280,\"caption\":\"AGE, St\\u00e9phanie, la Pr\\u00e9sidente Les Amis de la French Coop, partage un bilan de l\\u2019ann\\u00e9e 2021\"},{\"@type\":\"WebPage\",\"@id\":\"https:\/\/lafrenchcoop.fr\/site\/evenements\/cest-vote-passage-en-cooperative#webpage\",\"url\":\"https:\/\/lafrenchcoop.fr\/site\/evenements\/cest-vote-passage-en-cooperative\",\"name\":\"\\u00c9v\\u00e8nements - C\\u2019est vot\\u00e9 : passage en coop\\u00e9rative !\",\"isPartOf\":{\"@id\":\"https:\/\/lafrenchcoop.fr\/site\/#website\"},\"primaryImageOfPage\":{\"@id\":\"https:\/\/lafrenchcoop.fr\/site\/evenements\/cest-vote-passage-en-cooperative#primaryimage\"},\"datePublished\":\"2021-11-14T21:47:39+00:00\",\"dateModified\":\"2022-08-27T11:03:02+00:00\",\"author\":{\"@id\":\"https:\/\/lafrenchcoop.fr\/site\/#\/schema\/person\/ba218cfcafb09c5becc70800de7554bf\"},\"description\":\"L\\u2019AGE (Assembl\\u00e9e G\\u00e9n\\u00e9rale Extraordinaire) du 15 octobre 2021 marque une grande \\u00e9tape dans l\\u2019histoire de l\\u2019aventure Les Amis de La French Coop. Nous passons d\\u2019une association aux principes coop\\u00e9ratifs \\u00e0 une Coop\\u00e9rative\\u00a0!\",\"breadcrumb\":{\"@id\":\"https:\/\/lafrenchcoop.fr\/site\/evenements\/cest-vote-passage-en-cooperative#breadcrumb\"},\"inLanguage\":\"fr-FR\",\"potentialAction\":[{\"@type\":\"ReadAction\",\"target\":[\"https:\/\/lafrenchcoop.fr\/site\/evenements\/cest-vote-passage-en-cooperative\"]}]},{\"@type\":\"BreadcrumbList\",\"@id\":\"https:\/\/lafrenchcoop.fr\/site\/evenements\/cest-vote-passage-en-cooperative#breadcrumb\",\"itemListElement\":[{\"@type\":\"ListItem\",\"position\":1,\"name\":\"Accueil\",\"item\":\"https:\/\/lafrenchcoop.fr\/site\/\"},{\"@type\":\"ListItem\",\"position\":2,\"name\":\"C\\u2019est vot\\u00e9 : passage en coop\\u00e9rative !\"}]},{\"@type\":\"Person\",\"@id\":\"https:\/\/lafrenchcoop.fr\/site\/#\/schema\/person\/ba218cfcafb09c5becc70800de7554bf\",\"name\":\"lafrenchcoop\",\"image\":{\"@type\":\"ImageObject\",\"@id\":\"https:\/\/lafrenchcoop.fr\/site\/#personlogo\",\"inLanguage\":\"fr-FR\",\"url\":\"https:\/\/secure.gravatar.com\/avatar\/f35efd74c5723ad71a999ece82bb95f4?s=96&d=mm&r=g\",\"contentUrl\":\"https:\/\/secure.gravatar.com\/avatar\/f35efd74c5723ad71a999ece82bb95f4?s=96&d=mm&r=g\",\"caption\":\"lafrenchcoop\"},\"url\":\"https:\/\/lafrenchcoop.fr\/site\/author\/lafrenchcoop\"}]}<\/script>\n<!-- \/ Yoast SEO plugin. -->","yoast_head_json":{"title":"\u00c9v\u00e8nements - C\u2019est vot\u00e9 : passage en coop\u00e9rative !","description":"L\u2019AGE (Assembl\u00e9e G\u00e9n\u00e9rale Extraordinaire) du 15 octobre 2021 marque une grande \u00e9tape dans l\u2019histoire de l\u2019aventure Les Amis de La French Coop. Nous passons d\u2019une association aux principes coop\u00e9ratifs \u00e0 une Coop\u00e9rative\u00a0!","robots":{"index":"index","follow":"follow","max-snippet":"max-snippet:-1","max-image-preview":"max-image-preview:large","max-video-preview":"max-video-preview:-1"},"canonical":"https:\/\/lafrenchcoop.fr\/site\/evenements\/cest-vote-passage-en-cooperative","og_locale":"fr_FR","og_type":"article","og_title":"\u00c9v\u00e8nements - C\u2019est vot\u00e9 : passage en coop\u00e9rative !","og_description":"L\u2019AGE (Assembl\u00e9e G\u00e9n\u00e9rale Extraordinaire) du 15 octobre 2021 marque une grande \u00e9tape dans l\u2019histoire de l\u2019aventure Les Amis de La French Coop. Nous passons d\u2019une association aux principes coop\u00e9ratifs \u00e0 une Coop\u00e9rative\u00a0!","og_url":"https:\/\/lafrenchcoop.fr\/site\/evenements\/cest-vote-passage-en-cooperative","og_site_name":"La French Coop","article_publisher":"https:\/\/www.facebook.com\/lafrenchcoop\/","article_published_time":"2021-11-14T21:47:39+00:00","article_modified_time":"2022-08-27T11:03:02+00:00","og_image":[{"width":2560,"height":1280,"url":"https:\/\/lafrenchcoop.fr\/site\/wp-content\/uploads\/2021\/11\/IMG_20211015_2009402-scaled.jpg","type":"image\/jpeg"}],"twitter_card":"summary_large_image","twitter_creator":"@FrenchCoop","twitter_site":"@FrenchCoop","twitter_misc":{"\u00c9crit par":"lafrenchcoop","Dur\u00e9e de lecture estim\u00e9e":"4 minutes"},"schema":{"@context":"https:\/\/schema.org","@graph":[{"@type":"WebSite","@id":"https:\/\/lafrenchcoop.fr\/site\/#website","url":"https:\/\/lafrenchcoop.fr\/site\/","name":"La French Coop","description":"L&#039;\u00e9picerie coop\u00e9rative et participative d&#039;Asni\u00e8res-sur-Seine !","potentialAction":[{"@type":"SearchAction","target":{"@type":"EntryPoint","urlTemplate":"https:\/\/lafrenchcoop.fr\/site\/?s={search_term_string}"},"query-input":"required name=search_term_string"}],"inLanguage":"fr-FR"},{"@type":"ImageObject","@id":"https:\/\/lafrenchcoop.fr\/site\/evenements\/cest-vote-passage-en-cooperative#primaryimage","inLanguage":"fr-FR","url":"https:\/\/lafrenchcoop.fr\/site\/wp-content\/uploads\/2021\/11\/IMG_20211015_2009402-scaled.jpg","contentUrl":"https:\/\/lafrenchcoop.fr\/site\/wp-content\/uploads\/2021\/11\/IMG_20211015_2009402-scaled.jpg","width":2560,"height":1280,"caption":"AGE, St\u00e9phanie, la Pr\u00e9sidente Les Amis de la French Coop, partage un bilan de l\u2019ann\u00e9e 2021"},{"@type":"WebPage","@id":"https:\/\/lafrenchcoop.fr\/site\/evenements\/cest-vote-passage-en-cooperative#webpage","url":"https:\/\/lafrenchcoop.fr\/site\/evenements\/cest-vote-passage-en-cooperative","name":"\u00c9v\u00e8nements - C\u2019est vot\u00e9 : passage en coop\u00e9rative !","isPartOf":{"@id":"https:\/\/lafrenchcoop.fr\/site\/#website"},"primaryImageOfPage":{"@id":"https:\/\/lafrenchcoop.fr\/site\/evenements\/cest-vote-passage-en-cooperative#primaryimage"},"datePublished":"2021-11-14T21:47:39+00:00","dateModified":"2022-08-27T11:03:02+00:00","author":{"@id":"https:\/\/lafrenchcoop.fr\/site\/#\/schema\/person\/ba218cfcafb09c5becc70800de7554bf"},"description":"L\u2019AGE (Assembl\u00e9e G\u00e9n\u00e9rale Extraordinaire) du 15 octobre 2021 marque une grande \u00e9tape dans l\u2019histoire de l\u2019aventure Les Amis de La French Coop. Nous passons d\u2019une association aux principes coop\u00e9ratifs \u00e0 une Coop\u00e9rative\u00a0!","breadcrumb":{"@id":"https:\/\/lafrenchcoop.fr\/site\/evenements\/cest-vote-passage-en-cooperative#breadcrumb"},"inLanguage":"fr-FR","potentialAction":[{"@type":"ReadAction","target":["https:\/\/lafrenchcoop.fr\/site\/evenements\/cest-vote-passage-en-cooperative"]}]},{"@type":"BreadcrumbList","@id":"https:\/\/lafrenchcoop.fr\/site\/evenements\/cest-vote-passage-en-cooperative#breadcrumb","itemListElement":[{"@type":"ListItem","position":1,"name":"Accueil","item":"https:\/\/lafrenchcoop.fr\/site\/"},{"@type":"ListItem","position":2,"name":"C\u2019est vot\u00e9 : passage en coop\u00e9rative !"}]},{"@type":"Person","@id":"https:\/\/lafrenchcoop.fr\/site\/#\/schema\/person\/ba218cfcafb09c5becc70800de7554bf","name":"lafrenchcoop","image":{"@type":"ImageObject","@id":"https:\/\/lafrenchcoop.fr\/site\/#personlogo","inLanguage":"fr-FR","url":"https:\/\/secure.gravatar.com\/avatar\/f35efd74c5723ad71a999ece82bb95f4?s=96&d=mm&r=g","contentUrl":"https:\/\/secure.gravatar.com\/avatar\/f35efd74c5723ad71a999ece82bb95f4?s=96&d=mm&r=g","caption":"lafrenchcoop"},"url":"https:\/\/lafrenchcoop.fr\/site\/author\/lafrenchcoop"}]}},"_links":{"self":[{"href":"https:\/\/lafrenchcoop.fr\/site\/wp-json\/wp\/v2\/posts\/193571"}],"collection":[{"href":"https:\/\/lafrenchcoop.fr\/site\/wp-json\/wp\/v2\/posts"}],"about":[{"href":"https:\/\/lafrenchcoop.fr\/site\/wp-json\/wp\/v2\/types\/post"}],"author":[{"embeddable":true,"href":"https:\/\/lafrenchcoop.fr\/site\/wp-json\/wp\/v2\/users\/4"}],"replies":[{"embeddable":true,"href":"https:\/\/lafrenchcoop.fr\/site\/wp-json\/wp\/v2\/comments?post=193571"}],"version-history":[{"count":15,"href":"https:\/\/lafrenchcoop.fr\/site\/wp-json\/wp\/v2\/posts\/193571\/revisions"}],"predecessor-version":[{"id":193590,"href":"https:\/\/lafrenchcoop.fr\/site\/wp-json\/wp\/v2\/posts\/193571\/revisions\/193590"}],"wp:featuredmedia":[{"embeddable":true,"href":"https:\/\/lafrenchcoop.fr\/site\/wp-json\/wp\/v2\/media\/193575"}],"wp:attachment":[{"href":"https:\/\/lafrenchcoop.fr\/site\/wp-json\/wp\/v2\/media?parent=193571"}],"wp:term":[{"taxonomy":"category","embeddable":true,"href":"https:\/\/lafrenchcoop.fr\/site\/wp-json\/wp\/v2\/categories?post=193571"},{"taxonomy":"post_tag","embeddable":true,"href":"https:\/\/lafrenchcoop.fr\/site\/wp-json\/wp\/v2\/tags?post=193571"}],"curies":[{"name":"wp","href":"https:\/\/api.w.org\/{rel}","templated":true}]}}