{"id":193606,"date":"2021-12-04T08:00:00","date_gmt":"2021-12-04T07:00:00","guid":{"rendered":"https:\/\/lafrenchcoop.fr\/site\/?p=193606"},"modified":"2021-12-22T17:27:00","modified_gmt":"2021-12-22T16:27:00","slug":"les-2-ans-de-la-french-coop-comme-si-vous-y-etiez","status":"publish","type":"post","link":"https:\/\/lafrenchcoop.fr\/site\/evenements\/les-2-ans-de-la-french-coop-comme-si-vous-y-etiez","title":{"rendered":"Les 2\u00a0ans de La French Coop, comme si vous y \u00e9tiez\u00a0!"},"content":{"rendered":"\n<p class=\"has-accent-color has-text-color\"><strong>Joyeux, instructif, gourmand\u2026 le 2<sup>e<\/sup>&nbsp;anniversaire de l\u2019\u00e9picerie La French Coop a fait le plein ce dimanche&nbsp;21&nbsp;novembre 2021. Retour sur les 2 ans de La French Coop, comme si vous y \u00e9tiez !<\/strong><\/p>\n\n\n\n<div style=\"height:5px\" aria-hidden=\"true\" class=\"wp-block-spacer\"><\/div>\n\n\n\n<div class=\"wp-block-image\"><figure class=\"alignright size-medium is-resized\"><img loading=\"lazy\" src=\"https:\/\/lafrenchcoop.fr\/site\/wp-content\/uploads\/2021\/12\/Anniv2ans_epicerie2-500x750.jpg\" alt=\"Les 2 ans de La French Coop comme si vous y \u00e9tiez ! Caf\u00e9 d'accueil \u00e0 l'\u00e9picerie\" class=\"wp-image-193618\" width=\"250\" height=\"375\" srcset=\"https:\/\/lafrenchcoop.fr\/site\/wp-content\/uploads\/2021\/12\/Anniv2ans_epicerie2-500x750.jpg 500w, https:\/\/lafrenchcoop.fr\/site\/wp-content\/uploads\/2021\/12\/Anniv2ans_epicerie2-683x1024.jpg 683w, https:\/\/lafrenchcoop.fr\/site\/wp-content\/uploads\/2021\/12\/Anniv2ans_epicerie2-768x1152.jpg 768w, https:\/\/lafrenchcoop.fr\/site\/wp-content\/uploads\/2021\/12\/Anniv2ans_epicerie2.jpg 787w\" sizes=\"(max-width: 250px) 100vw, 250px\" \/><figcaption><sup><sub>Caf\u00e9 d\u2019accueil \u00e0 l&rsquo;\u00e9picerie<\/sub><\/sup><\/figcaption><\/figure><\/div>\n\n\n\n<p>La journ\u00e9e d\u00e9bute dans le quartier de la Gare, autour d\u2019un caf\u00e9 d\u2019accueil Grain de Sail (une marque tr\u00e8s appr\u00e9ci\u00e9e des adh\u00e9rents pour sa vision du transport de marchandises en voilier-cargo), au 23 rue de Bretagne. Des adh\u00e9rentes comme Alice et Mirabelle y renseignent les curieux qui s\u2019y arr\u00eatent.<\/p>\n\n\n\n<p>Puis direction le quartier de la Mairie pour des festivit\u00e9s hautes en couleur.<br><em>\u00ab&nbsp;Nous sommes fiers et heureux&nbsp;!&nbsp;\u00bb<\/em>. En 2&nbsp;mots,<strong> St\u00e9phanie, pr\u00e9sidente de La French Coop<\/strong>, d\u00e9crit l\u2019\u00e9tat d\u2019esprit des adh\u00e9rent.e.s. Et dans la salle Art d\u00e9co du Petit th\u00e9\u00e2tre d\u2019Asni\u00e8res-sur-Seine, la fiert\u00e9 et le bonheur se lisent sur les visages de la cinquantaine de personnes venues f\u00eater le 2<sup>e<\/sup>&nbsp;anniversaire de la French Coop l\u2019\u00e9picerie.<\/p>\n\n\n\n<div style=\"height:5px\" aria-hidden=\"true\" class=\"wp-block-spacer\"><\/div>\n\n\n\n<h2 class=\"has-accent-color has-text-color\"><em>\u00ab&nbsp;c\u2019est un gros challenge et je compte sur vous&nbsp;\u00bb<\/em><\/h2>\n\n\n\n<div class=\"wp-block-image\"><figure class=\"alignright size-medium is-resized\"><img loading=\"lazy\" src=\"https:\/\/lafrenchcoop.fr\/site\/wp-content\/uploads\/2021\/12\/Anniv2ans_stephanie-1-500x353.jpg\" alt=\"Les 2 ans de La French Coop comme si vous y \u00e9tiez ! Discours d'ouverture de St\u00e9phanie, Pr\u00e9sidente de l'association Les Amis de La French Coop\" class=\"wp-image-193627\" width=\"250\" height=\"177\" srcset=\"https:\/\/lafrenchcoop.fr\/site\/wp-content\/uploads\/2021\/12\/Anniv2ans_stephanie-1-500x353.jpg 500w, https:\/\/lafrenchcoop.fr\/site\/wp-content\/uploads\/2021\/12\/Anniv2ans_stephanie-1-768x542.jpg 768w, https:\/\/lafrenchcoop.fr\/site\/wp-content\/uploads\/2021\/12\/Anniv2ans_stephanie-1.jpg 903w\" sizes=\"(max-width: 250px) 100vw, 250px\" \/><figcaption><sub><sup>St\u00e9phanie, pr\u00e9sidente de La French Coop<\/sup><\/sub><\/figcaption><\/figure><\/div>\n\n\n\n<p>Apr\u00e8s cette ann\u00e9e difficile, se retrouver pour c\u00e9l\u00e9brer est un vrai bonheur. <\/p>\n\n\n\n<blockquote class=\"wp-block-quote\"><p><em>\u00ab\u00a0Ce projet est un succ\u00e8s, affirme St\u00e9phanie en souriant. Nous avons cr\u00e9\u00e9 un laboratoire et le test a r\u00e9ussi. Ainsi, nous avons r\u00e9alis\u00e9 200\u00a0000\u00a0\u20ac de chiffre d\u2019affaires avec 25\u00a0m\u00b2 et 300\u00a0b\u00e9n\u00e9voles. Nous pouvons nous applaudir\u00a0!\u00a0\u00bb<\/em><\/p><\/blockquote>\n\n\n\n<p>Dans la salle, les adh\u00e9rent.e.s commentent. C\u2019est vrai que pendant la crise sanitaire, l\u2019association <em>Les Amis de La French Coop<\/em> n\u2019a pas ch\u00f4m\u00e9\u00a0: le nombre de produits r\u00e9f\u00e9renc\u00e9s a bien augment\u00e9 (+ de 500), le vrac a fait son entr\u00e9e, les ateliers sont pass\u00e9s en visio, et plus de liens ont \u00e9t\u00e9 renforc\u00e9s avec les producteurs et le tissu local. St\u00e9phanie rappelle le partenariat avec le RCA Rugby, les Voisins Entrep\u2019Renan, la participation au Forum des associations, \u00e0 la Semaine du Go\u00fbt\u2026<\/p>\n\n\n\n<p>Pourtant pour <em>Les Amis de La French Coop<\/em>, pas question de s\u2019asseoir sur ses lauriers, fussent-ils bios et de proximit\u00e9\u2026<\/p>\n\n\n\n<blockquote class=\"wp-block-quote\"><p><em>\u00ab\u00a0Ce laboratoire a une limite,<\/em> encha\u00eene la pr\u00e9sidente. <em>L\u2019ors de l\u2019Assembl\u00e9 g\u00e9n\u00e9rale extraordinaire d\u2019octobre, nous avons vot\u00e9 le changement de mod\u00e8le. <\/em>\u201cLes Amis de La French Coop l\u2019association\u201d<em> se transforme en coop\u00e9rative, en conservant ses valeurs fortes.\u00a0\u00bb<\/em><\/p><\/blockquote>\n\n\n\n<p>Les raisons on les conna\u00eet\u00a0: d\u00e9velopper le projet, p\u00e9renniser l\u2019engagement des b\u00e9n\u00e9voles, disposer de fonds propres, avoir une capacit\u00e9 d\u2019emprunt\u2026 et donc une capacit\u00e9 \u00e0 s\u2019agrandir. Le projet de la Grande \u00e9picerie, c\u2019est 2\u00a0000\u00a0r\u00e9f\u00e9rences, un.e salari\u00e9.e sans doute \u00e0 mi-temps, une chambre froide pour pr\u00e9server les produits en \u00e9t\u00e9 (le r\u00eave du Groupe de Travail Producteurs, ses membres appr\u00e9cieront et tous les autres gourmands \u00e9galement\u00a0!).<\/p>\n\n\n\n<blockquote class=\"wp-block-quote\"><p><em>\u00ab\u00a0C\u2019est un gros challenge et je compte sur vous, conclut la Pr\u00e9sidente. Tous ensemble, nous construisons\u00a0!\u00a0\u00bb<\/em><\/p><\/blockquote>\n\n\n\n<p>Et de passer la parole \u00e0 Monsieur le Maire <strong>Manuel Aeschlimann<\/strong>, venu avec son \u00e9quipe. Il rappelle l\u2019engagement de la ville dans le projet depuis ses d\u00e9buts \u00ab\u00a0f\u00e9licitations \u00e0 tous\u00a0\u00bb et son soutien \u00e0 une alimentation locale et de qualit\u00e9\u2026 <em>\u00ab\u00a0vous apportez de la douceur dans un monde tr\u00e8s dur\u00a0\u00bb<\/em> le type de projet qui renforce les liens entre les citoyens d\u2019un m\u00eame quartier, car La French Coop va au-del\u00e0 du simple magasin, c\u2019est l\u00e0 tout l\u2019int\u00e9r\u00eat\u00a0!<\/p>\n\n\n\n<div class=\"wp-block-image\"><figure class=\"aligncenter size-large is-resized\"><img loading=\"lazy\" src=\"https:\/\/lafrenchcoop.fr\/site\/wp-content\/uploads\/2021\/12\/Anniv2ans_maire-1024x547.jpg\" alt=\"Les 2 ans de La French Coop comme si vous y \u00e9tiez ! Discours Manuel Aeschlimann\" class=\"wp-image-193624\" width=\"768\" height=\"410\" srcset=\"https:\/\/lafrenchcoop.fr\/site\/wp-content\/uploads\/2021\/12\/Anniv2ans_maire-1024x547.jpg 1024w, https:\/\/lafrenchcoop.fr\/site\/wp-content\/uploads\/2021\/12\/Anniv2ans_maire-500x267.jpg 500w, https:\/\/lafrenchcoop.fr\/site\/wp-content\/uploads\/2021\/12\/Anniv2ans_maire-768x410.jpg 768w, https:\/\/lafrenchcoop.fr\/site\/wp-content\/uploads\/2021\/12\/Anniv2ans_maire-1536x820.jpg 1536w, https:\/\/lafrenchcoop.fr\/site\/wp-content\/uploads\/2021\/12\/Anniv2ans_maire.jpg 2036w\" sizes=\"(max-width: 768px) 100vw, 768px\" \/><figcaption><sub><sup>Discours Manuel Aeschlimann<\/sup><\/sub><\/figcaption><\/figure><\/div>\n\n\n\n<div style=\"height:5px\" aria-hidden=\"true\" class=\"wp-block-spacer\"><\/div>\n\n\n\n<h2 class=\"has-accent-color has-text-color\"><em>\u00ab&nbsp;le meilleur d\u00e9chet est celui qu\u2019on ne produit pas\u2026&nbsp;\u00bb<\/em><\/h2>\n\n\n\n<div class=\"wp-block-image\"><figure class=\"alignright size-medium is-resized\"><img loading=\"lazy\" src=\"https:\/\/lafrenchcoop.fr\/site\/wp-content\/uploads\/2021\/12\/Anniv2ans_Tania-Pacheff-500x734.jpg\" alt=\"Les 2 ans de La French Coop comme si vous y \u00e9tiez ! Tania Pacheff\" class=\"wp-image-193628\" width=\"250\" height=\"367\" srcset=\"https:\/\/lafrenchcoop.fr\/site\/wp-content\/uploads\/2021\/12\/Anniv2ans_Tania-Pacheff-500x734.jpg 500w, https:\/\/lafrenchcoop.fr\/site\/wp-content\/uploads\/2021\/12\/Anniv2ans_Tania-Pacheff-698x1024.jpg 698w, https:\/\/lafrenchcoop.fr\/site\/wp-content\/uploads\/2021\/12\/Anniv2ans_Tania-Pacheff-768x1127.jpg 768w, https:\/\/lafrenchcoop.fr\/site\/wp-content\/uploads\/2021\/12\/Anniv2ans_Tania-Pacheff-1046x1536.jpg 1046w, https:\/\/lafrenchcoop.fr\/site\/wp-content\/uploads\/2021\/12\/Anniv2ans_Tania-Pacheff.jpg 1180w\" sizes=\"(max-width: 250px) 100vw, 250px\" \/><figcaption><sub><sup>Tania Pacheff<\/sup><\/sub><\/figcaption><\/figure><\/div>\n\n\n\n<p>L\u2019intervenante suivante sera <strong><a href=\"https:\/\/www.facebook.com\/taniapachefffoodforthought\/\" target=\"_blank\" rel=\"noreferrer noopener\">Tania Pacheff, nutritionniste et consultante en sant\u00e9 environnementale<\/a><\/strong>. Simple, p\u00e9dagogue et souriante, Tania va parler des micro-biotes &#8211; ensemble des populations microbiennes, de leur r\u00f4le dans l\u2019alimentation et de leur impact sur la sant\u00e9.<\/p>\n\n\n\n<p>L\u2019infertilit\u00e9, l\u2019ob\u00e9sit\u00e9, le diab\u00e8te, les troubles du comportement augmentent et chacun peut agir.<\/p>\n\n\n\n<blockquote class=\"wp-block-quote\"><p><em>\u00ab\u00a0Les causes sont nombreuses\u00a0: pollution, bruit, stress, s\u00e9dentarit\u00e9, d\u00e9sinfections r\u00e9currentes\u2026\u00a0\u00bb<\/em>, r\u00e9sume Tania.<\/p><\/blockquote>\n\n\n\n<p>Enlever un facteur emp\u00eache ou retarde l\u2019apparition de la maladie.<\/p>\n\n\n\n<blockquote class=\"wp-block-quote\"><p><em>\u00ab\u00a0Je vous propose de remettre les bact\u00e9ries utiles dans vos assiettes.\u00a0\u00bb<\/em><\/p><\/blockquote>\n\n\n\n<p>Parmi les bonnes pratiques\u00a0alimentaires, on peut citer\u00a0:<\/p>\n\n\n\n<div style=\"height:5px\" aria-hidden=\"true\" class=\"wp-block-spacer\"><\/div>\n\n\n\n<ul><li>pr\u00e9f\u00e9rer le bio (baisse des cancers de 25 %) &#8211; 40 additifs autoris\u00e9s comme 300 en non bio,<\/li><li>diminuer sa consommation de viande et privil\u00e9gier les v\u00e9g\u00e9taux, les c\u00e9r\u00e9ales,<\/li><li>choisir des petits poissons, en d\u00e9but de cha\u00eene alimentaire,<\/li><li>laver le riz \u00e0 grande eau car il produit naturellement de l\u2019arsenic\u2026,<\/li><li>v\u00e9rifier que les \u0153ufs sont indiqu\u00e9s 0 ou 1. \u00c0 partir de 2, les poules sont \u00e9lev\u00e9es en cage\u2026<\/li><\/ul>\n\n\n\n<blockquote class=\"wp-block-quote\"><p><em>\u00ab\u00a0De plus, il faut veiller \u00e0 renouveler les micro-biotes, poursuit la nutritionniste. Pour cela, manger des choses ferment\u00e9es\u00a0tels que choucroute, ail noir, lait Ribot, pain au levain\u00a0; adopter les fibres et les l\u00e9gumineuses, les bananes, les artichauts\u2026\u00a0\u00bb<\/em><\/p><\/blockquote>\n\n\n\n<p>Et faire vraiment attention aux contenants (et aux ustensiles) car le plastique est bourr\u00e9 de perturbateurs endocriniens, dont on profite h\u00e9las encore plus quand le contenant est chauff\u00e9.<\/p>\n\n\n\n<p>Dans la salle, les visages s\u2019assombrissent. Il faut renoncer aux canettes car elles contiennent un film en plastique, abandonner le papier cuisson enduit d\u2019une huile issue du p\u00e9trole, oublier les biberons en plastique, les po\u00eales antiadh\u00e9sives et bien s\u00fbr le papier film et son comparse l\u2019aluminium\u2026 Heureusement, une solution existe&nbsp;: un contenant en verre ou en terre, \u00e0 recouvrir avec des Bee Wraps, l\u2019\u00e9co-emballage qu\u2019on peut acheter ou faire soi-m\u00eame avec de la cire d\u2019abeille chauff\u00e9e et d\u00e9pos\u00e9e sur du tissu.<\/p>\n\n\n\n<p>L\u2019assistance respire. Ces conseils sont simples \u00e0 suivre et en bonus, ils contribuent \u00e0 la protection de l\u2019environnement&nbsp;! On le sait&nbsp;: le meilleur d\u00e9chet est celui qu\u2019on ne produit pas\u2026<\/p>\n\n\n\n<div style=\"height:5px\" aria-hidden=\"true\" class=\"wp-block-spacer\"><\/div>\n\n\n\n<h2 class=\"has-accent-color has-text-color\"><em><em>\u00ab&nbsp;<\/em>je vous invite \u00e0 venir voir tout \u00e7a de plus pr\u00e8s, chez moi<em>&nbsp;\u00bb<\/em><\/em><\/h2>\n\n\n\n<div class=\"wp-block-image\"><figure class=\"aligncenter size-large\"><img loading=\"lazy\" width=\"1024\" height=\"495\" src=\"https:\/\/lafrenchcoop.fr\/site\/wp-content\/uploads\/2021\/12\/Anniv2ans_LaBelleFacon1-1024x495.jpg\" alt=\"Les 2 ans de La French Coop comme si vous y \u00e9tiez ! La Belle Fa\u00e7on\" class=\"wp-image-193620\" srcset=\"https:\/\/lafrenchcoop.fr\/site\/wp-content\/uploads\/2021\/12\/Anniv2ans_LaBelleFacon1-1024x495.jpg 1024w, https:\/\/lafrenchcoop.fr\/site\/wp-content\/uploads\/2021\/12\/Anniv2ans_LaBelleFacon1-500x242.jpg 500w, https:\/\/lafrenchcoop.fr\/site\/wp-content\/uploads\/2021\/12\/Anniv2ans_LaBelleFacon1-768x371.jpg 768w, https:\/\/lafrenchcoop.fr\/site\/wp-content\/uploads\/2021\/12\/Anniv2ans_LaBelleFacon1-1536x742.jpg 1536w, https:\/\/lafrenchcoop.fr\/site\/wp-content\/uploads\/2021\/12\/Anniv2ans_LaBelleFacon1.jpg 2000w\" sizes=\"(max-width: 1024px) 100vw, 1024px\" \/><figcaption><sup><sub>Explications de S\u00e9bastien Lefran\u00e7ois<\/sub><\/sup><\/figcaption><\/figure><\/div>\n\n\n\n<p>Le temps de quelques applaudissements et c\u2019est <strong><a href=\"https:\/\/www.la-belle-facon.fr\/\" target=\"_blank\" rel=\"noreferrer noopener\">S\u00e9bastien Lefran\u00e7ois, boulanger de <em>\u00ab&nbsp;La belle Fa\u00e7on&nbsp;\u00bb<\/em><\/a><\/strong>, qui prend la parole. Cet ex-danseur et chor\u00e9graphe est boulanger depuis 3&nbsp;ans. Et l\u00e0 aussi, les participants sont tout ou\u00efe. Le producteur r\u00e9f\u00e9renc\u00e9 \u00e0 <em>La French Coop<\/em> explique l\u2019int\u00e9r\u00eat des vari\u00e9t\u00e9s anciennes&nbsp;: le gluten est tr\u00e8s bien assimil\u00e9 par l\u2019estomac et elles sont naturellement r\u00e9sistantes aux attaques des insectes et champignons.<\/p>\n\n\n\n<p>Il aborde le sujet qui f\u00e2che, celui du prix de ses pains\u00a0:<\/p>\n\n\n\n<blockquote class=\"wp-block-quote\"><p><em>\u00ab\u00a0Savez-vous qu\u2019un kilo de farine co\u00fbte 34\u00a0centimes pour un industriel, \u00e0 44\u00a0centimes pour un ind\u00e9pendant, 1,20\u00a0\u20ac en bio, 2 \u00e0 3,50\u00a0\u20ac pour une vari\u00e9t\u00e9 ancienne\u00a0? Et que pour faire un vrai levain, celui qui rend le pain digeste, il faut 10\u00a0heures minimum\u00a0?\u00a0\u00bb<\/em><\/p><\/blockquote>\n\n\n\n<p>Comme quoi les <em>\u00ab\u00a0pains au levain\u00a0\u00bb<\/em> industriels n\u2019ont du levain que le nom et la baguette \u00e0 1\u00a0euro a forc\u00e9ment des vices cach\u00e9s\u2026 Ses explications sont passionnantes.<\/p>\n\n\n\n<p>S\u00e9bastien parle aussi p\u00e9trissage manuel, moindre taux en sel&nbsp;: 16&nbsp;g pour les pains de <em>La Belle Fa\u00e7on<\/em> contre 27&nbsp;g pour les pains classiques\u2026 enthousiasm\u00e9 par l\u2019accueil des <em>\u00ab&nbsp;Frenchcoopiens&nbsp;\u00bb<\/em> il lance <em>\u00ab&nbsp;je vous invite \u00e0 venir voir tout \u00e7a de plus pr\u00e8s, chez moi en 2022&nbsp;!&nbsp;\u00bb<\/em>, on ne va pas nous le dire 2&nbsp;fois&nbsp;!<\/p>\n\n\n\n<div class=\"wp-block-image\"><figure class=\"alignleft size-medium is-resized\"><img loading=\"lazy\" src=\"https:\/\/lafrenchcoop.fr\/site\/wp-content\/uploads\/2021\/12\/Anniv2ans_LaBelleFacon2-500x356.jpg\" alt=\"Les 2 ans de La French Coop comme si vous y \u00e9tiez ! La Belle Fa\u00e7on\" class=\"wp-image-193621\" width=\"375\" height=\"267\" srcset=\"https:\/\/lafrenchcoop.fr\/site\/wp-content\/uploads\/2021\/12\/Anniv2ans_LaBelleFacon2-500x356.jpg 500w, https:\/\/lafrenchcoop.fr\/site\/wp-content\/uploads\/2021\/12\/Anniv2ans_LaBelleFacon2-1024x730.jpg 1024w, https:\/\/lafrenchcoop.fr\/site\/wp-content\/uploads\/2021\/12\/Anniv2ans_LaBelleFacon2-768x547.jpg 768w, https:\/\/lafrenchcoop.fr\/site\/wp-content\/uploads\/2021\/12\/Anniv2ans_LaBelleFacon2.jpg 1180w\" sizes=\"(max-width: 375px) 100vw, 375px\" \/><figcaption><sup><sub>D\u00e9gustation des pains de  <em>\u00ab&nbsp;La belle Fa\u00e7on&nbsp;\u00bb<\/em><\/sub><\/sup><\/figcaption><\/figure><\/div>\n\n\n\n<p>En attendant, apr\u00e8s l\u2019heure des interventions, c\u2019est l\u2019heure de la d\u00e9gustation. Des pains de <em>La belle Fa\u00e7on<\/em> d\u2019une part, pain seigle et noix, pain \u00e0 l\u2019ail, pain cacao et orange confite\u2026 d\u2019autre part de tout le buffet amen\u00e9 par les adh\u00e9rents&nbsp;: tartes, cakes, g\u00e2teaux\u2026 et boissons qui plaisent aux grands comme aux petits, dont des nouveaut\u00e9s \u00e0 venir \u00e0 l\u2019\u00e9picerie. Quel r\u00e9gal&nbsp;!<\/p>\n\n\n\n<div style=\"height:5px\" aria-hidden=\"true\" class=\"wp-block-spacer\"><\/div>\n\n\n\n<p>Verre ou quiche aux l\u00e9gumes \u00e0 la main, les adh\u00e9rents discutent, d\u00e9couvrent qui est membre de quel GT (groupe de travail), visitent les stands&nbsp;: <strong><em><a href=\"https:\/\/www.cyanodream.com\/\" target=\"_blank\" rel=\"noreferrer noopener\">Cyanodream<\/a><\/em><\/strong> et la po\u00e9sie de ses tableaux bleut\u00e9s\u2026 <em><strong>L\u2019Enjoliveuse<\/strong><\/em> et ses lampes up-cycl\u00e9es \u00e9l\u00e9gantes et originales, <em><strong><a href=\"https:\/\/www.bookimini.fr\/\" target=\"_blank\" rel=\"noreferrer noopener\">Bookimini<\/a><\/strong><\/em> et sa box de lecture pour enfant, le <em><strong>SEL<\/strong><\/em> avec des confitures d\u00e9licieuses et des astuces antigaspi o\u00f9 les chaussettes deviennent des lavettes, les t-shirts des sacs \u00e0 linge, les magazines des enveloppes\u2026 Et aussi <em><strong><a href=\"https:\/\/www.lefe-naturel.com\/\" target=\"_blank\" rel=\"noreferrer noopener\">L\u00e9f\u00e9<\/a><\/strong><\/em> dont les jolies bouteilles contiennent des produits d\u2019entretien efficaces et \u00e9cologiques, bient\u00f4t en boutique. Beaucoup de talents et devinez quoi, tou.te.s sont adh\u00e9rent.e.s <em>Les Amis de La French Coop<\/em>&nbsp;!<\/p>\n\n\n\n<div class=\"wp-block-image\"><figure class=\"alignleft size-medium is-resized\"><img loading=\"lazy\" src=\"https:\/\/lafrenchcoop.fr\/site\/wp-content\/uploads\/2021\/12\/Anniv2ans_buffetpublic1-500x653.jpg\" alt=\"Les 2 ans de La French Coop comme si vous y \u00e9tiez ! Buffet\" class=\"wp-image-193615\" width=\"250\" height=\"327\" srcset=\"https:\/\/lafrenchcoop.fr\/site\/wp-content\/uploads\/2021\/12\/Anniv2ans_buffetpublic1-500x653.jpg 500w, https:\/\/lafrenchcoop.fr\/site\/wp-content\/uploads\/2021\/12\/Anniv2ans_buffetpublic1-785x1024.jpg 785w, https:\/\/lafrenchcoop.fr\/site\/wp-content\/uploads\/2021\/12\/Anniv2ans_buffetpublic1-768x1002.jpg 768w, https:\/\/lafrenchcoop.fr\/site\/wp-content\/uploads\/2021\/12\/Anniv2ans_buffetpublic1-1177x1536.jpg 1177w, https:\/\/lafrenchcoop.fr\/site\/wp-content\/uploads\/2021\/12\/Anniv2ans_buffetpublic1.jpg 1180w\" sizes=\"(max-width: 250px) 100vw, 250px\" \/><figcaption><sup><sub>Le buffet participatif<\/sub><\/sup><\/figcaption><\/figure><\/div>\n\n\n\n<figure class=\"wp-block-image size-medium is-resized\"><img loading=\"lazy\" src=\"https:\/\/lafrenchcoop.fr\/site\/wp-content\/uploads\/2021\/12\/Anniv2ans_GTTrombi-500x329.jpg\" alt=\"Les 2 ans de La French Coop comme si vous y \u00e9tiez ! Trombi GT\" class=\"wp-image-193619\" width=\"375\" height=\"247\" srcset=\"https:\/\/lafrenchcoop.fr\/site\/wp-content\/uploads\/2021\/12\/Anniv2ans_GTTrombi-500x329.jpg 500w, https:\/\/lafrenchcoop.fr\/site\/wp-content\/uploads\/2021\/12\/Anniv2ans_GTTrombi-1024x674.jpg 1024w, https:\/\/lafrenchcoop.fr\/site\/wp-content\/uploads\/2021\/12\/Anniv2ans_GTTrombi-768x506.jpg 768w, https:\/\/lafrenchcoop.fr\/site\/wp-content\/uploads\/2021\/12\/Anniv2ans_GTTrombi.jpg 1180w\" sizes=\"(max-width: 375px) 100vw, 375px\" \/><figcaption><sub><sup>Trombinoscope des GT<\/sup><\/sub><\/figcaption><\/figure>\n\n\n\n<div style=\"height:5px\" aria-hidden=\"true\" class=\"wp-block-spacer\"><\/div>\n\n\n\n<div class=\"wp-block-image\"><figure class=\"alignleft size-medium is-resized\"><img loading=\"lazy\" src=\"https:\/\/lafrenchcoop.fr\/site\/wp-content\/uploads\/2021\/12\/Anniv2ans_SEL-500x808.jpg\" alt=\"Les 2 ans de La French Coop comme si vous y \u00e9tiez ! Le SEL astuces antigaspi\" class=\"wp-image-193626\" width=\"250\" height=\"404\" srcset=\"https:\/\/lafrenchcoop.fr\/site\/wp-content\/uploads\/2021\/12\/Anniv2ans_SEL-500x808.jpg 500w, https:\/\/lafrenchcoop.fr\/site\/wp-content\/uploads\/2021\/12\/Anniv2ans_SEL-634x1024.jpg 634w, https:\/\/lafrenchcoop.fr\/site\/wp-content\/uploads\/2021\/12\/Anniv2ans_SEL-768x1241.jpg 768w, https:\/\/lafrenchcoop.fr\/site\/wp-content\/uploads\/2021\/12\/Anniv2ans_SEL-951x1536.jpg 951w, https:\/\/lafrenchcoop.fr\/site\/wp-content\/uploads\/2021\/12\/Anniv2ans_SEL.jpg 1180w\" sizes=\"(max-width: 250px) 100vw, 250px\" \/><figcaption><sub><sup>Le SEL<\/sup><\/sub><\/figcaption><\/figure><\/div>\n\n\n\n<div class=\"wp-block-image\"><figure class=\"alignleft size-medium is-resized\"><img loading=\"lazy\" src=\"https:\/\/lafrenchcoop.fr\/site\/wp-content\/uploads\/2021\/12\/Anniv2ans_Lefe-500x500.jpg\" alt=\"Les 2 ans de La French Coop comme si vous y \u00e9tiez ! L\u00e9f\u00e9\" class=\"wp-image-193622\" width=\"375\" height=\"375\" srcset=\"https:\/\/lafrenchcoop.fr\/site\/wp-content\/uploads\/2021\/12\/Anniv2ans_Lefe-500x500.jpg 500w, https:\/\/lafrenchcoop.fr\/site\/wp-content\/uploads\/2021\/12\/Anniv2ans_Lefe-1024x1024.jpg 1024w, https:\/\/lafrenchcoop.fr\/site\/wp-content\/uploads\/2021\/12\/Anniv2ans_Lefe-150x150.jpg 150w, https:\/\/lafrenchcoop.fr\/site\/wp-content\/uploads\/2021\/12\/Anniv2ans_Lefe-768x768.jpg 768w, https:\/\/lafrenchcoop.fr\/site\/wp-content\/uploads\/2021\/12\/Anniv2ans_Lefe.jpg 1180w\" sizes=\"(max-width: 375px) 100vw, 375px\" \/><figcaption><sub><sup>L\u00e9f\u00e9<\/sup><\/sub><\/figcaption><\/figure><\/div>\n\n\n\n<div style=\"height:5px\" aria-hidden=\"true\" class=\"wp-block-spacer\"><\/div>\n\n\n\n<p>Dans le petit th\u00e9\u00e2tre pr\u00e8s de la Mairie, la f\u00eate d\u2019anniversaire dure jusqu\u2019\u00e0 16&nbsp;h, puis laisse place \u00e0 une session d\u2019accueil en boutique \u00e0 la gare, la boucle est boucl\u00e9e&nbsp;! Apr\u00e8s cette journ\u00e9e autour des 2&nbsp;ans de la boutique, les adh\u00e9rents ont 2&nbsp;souhaits&nbsp;: remercier les organisateurs\u2026 et recommencer en 2022&nbsp;!<\/p>\n\n\n\n<div class=\"wp-block-image\"><figure class=\"aligncenter size-medium is-resized\"><img loading=\"lazy\" src=\"https:\/\/lafrenchcoop.fr\/site\/wp-content\/uploads\/2021\/12\/Anniv2ans_pola-500x889.png\" alt=\"Les 2 ans de La French Coop comme si vous y \u00e9tiez ! Pola\" class=\"wp-image-193625\" width=\"500\" height=\"889\" srcset=\"https:\/\/lafrenchcoop.fr\/site\/wp-content\/uploads\/2021\/12\/Anniv2ans_pola-500x889.png 500w, https:\/\/lafrenchcoop.fr\/site\/wp-content\/uploads\/2021\/12\/Anniv2ans_pola-576x1024.png 576w, https:\/\/lafrenchcoop.fr\/site\/wp-content\/uploads\/2021\/12\/Anniv2ans_pola-768x1365.png 768w, https:\/\/lafrenchcoop.fr\/site\/wp-content\/uploads\/2021\/12\/Anniv2ans_pola-864x1536.png 864w, https:\/\/lafrenchcoop.fr\/site\/wp-content\/uploads\/2021\/12\/Anniv2ans_pola.png 1080w\" sizes=\"(max-width: 500px) 100vw, 500px\" \/><figcaption><sup><sub>S\u00e9ance photos souvenirs !<\/sub><\/sup><\/figcaption><\/figure><\/div>\n\n\n\n<div style=\"height:20px\" aria-hidden=\"true\" class=\"wp-block-spacer\"><\/div>\n\n\n\n<p class=\"has-text-align-center has-accent-color has-text-color has-background\" style=\"background-color:#ecffe4\"><strong>Envie de relire l&rsquo;article sur notre premier anniversaire ? <\/strong><a href=\"https:\/\/lafrenchcoop.fr\/site\/evenements\/anniversaire-epicerie-la-french-coop-asnieres-sur-seine\" target=\"_blank\" rel=\"noreferrer noopener\"><strong>C&rsquo;est par ici !<\/strong><\/a><\/p>\n\n\n\n<div style=\"height:50px\" aria-hidden=\"true\" class=\"wp-block-spacer\"><\/div>\n","protected":false},"excerpt":{"rendered":"<p>Joyeux, instructif, gourmand\u2026 le 2e&nbsp;anniversaire de l\u2019\u00e9picerie La French Coop a fait le plein ce dimanche&nbsp;21&nbsp;novembre 2021. Retour sur les 2 ans de La French Coop, comme si vous y \u00e9tiez ! La journ\u00e9e d\u00e9bute dans le quartier de la Gare, autour d\u2019un caf\u00e9 d\u2019accueil Grain de Sail (une marque [&hellip;]<\/p>\n","protected":false},"author":4,"featured_media":193611,"comment_status":"open","ping_status":"open","sticky":false,"template":"","format":"standard","meta":[],"categories":[10],"tags":[22,23,35],"yoast_head":"<!-- This site is optimized with the Yoast SEO plugin v17.9 - https:\/\/yoast.com\/wordpress\/plugins\/seo\/ -->\n<title>Les 2\u00a0ans de La French Coop, comme si vous y \u00e9tiez\u00a0! - La French Coop<\/title>\n<meta name=\"description\" content=\"Un dimanche 21 novembrejoyeux, instructif, gourmand\u2026 Retour sur l&#039;anniversaire des 2 ans de La French Coop, comme si vous y \u00e9tiez !\" \/>\n<meta name=\"robots\" content=\"index, follow, max-snippet:-1, max-image-preview:large, max-video-preview:-1\" \/>\n<link rel=\"canonical\" href=\"https:\/\/lafrenchcoop.fr\/site\/evenements\/les-2-ans-de-la-french-coop-comme-si-vous-y-etiez\" \/>\n<meta property=\"og:locale\" content=\"fr_FR\" \/>\n<meta property=\"og:type\" content=\"article\" \/>\n<meta property=\"og:title\" content=\"Les 2\u00a0ans de La French Coop, comme si vous y \u00e9tiez\u00a0! - La French Coop\" \/>\n<meta property=\"og:description\" content=\"Un dimanche 21 novembrejoyeux, instructif, gourmand\u2026 Retour sur l&#039;anniversaire des 2 ans de La French Coop, comme si vous y \u00e9tiez !\" \/>\n<meta property=\"og:url\" content=\"https:\/\/lafrenchcoop.fr\/site\/evenements\/les-2-ans-de-la-french-coop-comme-si-vous-y-etiez\" \/>\n<meta property=\"og:site_name\" content=\"La French Coop\" \/>\n<meta property=\"article:publisher\" content=\"https:\/\/www.facebook.com\/lafrenchcoop\/\" \/>\n<meta property=\"article:published_time\" content=\"2021-12-04T07:00:00+00:00\" \/>\n<meta property=\"article:modified_time\" content=\"2021-12-22T16:27:00+00:00\" \/>\n<meta property=\"og:image\" content=\"https:\/\/lafrenchcoop.fr\/site\/wp-content\/uploads\/2021\/12\/Anniv2ans_cover.png\" \/>\n\t<meta property=\"og:image:width\" content=\"902\" \/>\n\t<meta property=\"og:image:height\" content=\"602\" \/>\n\t<meta property=\"og:image:type\" content=\"image\/png\" \/>\n<meta name=\"twitter:card\" content=\"summary_large_image\" \/>\n<meta name=\"twitter:creator\" content=\"@FrenchCoop\" \/>\n<meta name=\"twitter:site\" content=\"@FrenchCoop\" \/>\n<meta name=\"twitter:label1\" content=\"\u00c9crit par\" \/>\n\t<meta name=\"twitter:data1\" content=\"lafrenchcoop\" \/>\n\t<meta name=\"twitter:label2\" content=\"Dur\u00e9e de lecture estim\u00e9e\" \/>\n\t<meta name=\"twitter:data2\" content=\"10 minutes\" \/>\n<script type=\"application\/ld+json\" class=\"yoast-schema-graph\">{\"@context\":\"https:\/\/schema.org\",\"@graph\":[{\"@type\":\"WebSite\",\"@id\":\"https:\/\/lafrenchcoop.fr\/site\/#website\",\"url\":\"https:\/\/lafrenchcoop.fr\/site\/\",\"name\":\"La French Coop\",\"description\":\"L&#039;\\u00e9picerie coop\\u00e9rative et participative d&#039;Asni\\u00e8res-sur-Seine !\",\"potentialAction\":[{\"@type\":\"SearchAction\",\"target\":{\"@type\":\"EntryPoint\",\"urlTemplate\":\"https:\/\/lafrenchcoop.fr\/site\/?s={search_term_string}\"},\"query-input\":\"required name=search_term_string\"}],\"inLanguage\":\"fr-FR\"},{\"@type\":\"ImageObject\",\"@id\":\"https:\/\/lafrenchcoop.fr\/site\/evenements\/les-2-ans-de-la-french-coop-comme-si-vous-y-etiez#primaryimage\",\"inLanguage\":\"fr-FR\",\"url\":\"https:\/\/lafrenchcoop.fr\/site\/wp-content\/uploads\/2021\/12\/Anniv2ans_cover.png\",\"contentUrl\":\"https:\/\/lafrenchcoop.fr\/site\/wp-content\/uploads\/2021\/12\/Anniv2ans_cover.png\",\"width\":902,\"height\":602},{\"@type\":\"WebPage\",\"@id\":\"https:\/\/lafrenchcoop.fr\/site\/evenements\/les-2-ans-de-la-french-coop-comme-si-vous-y-etiez#webpage\",\"url\":\"https:\/\/lafrenchcoop.fr\/site\/evenements\/les-2-ans-de-la-french-coop-comme-si-vous-y-etiez\",\"name\":\"Les 2\\u00a0ans de La French Coop, comme si vous y \\u00e9tiez\\u00a0! - La French Coop\",\"isPartOf\":{\"@id\":\"https:\/\/lafrenchcoop.fr\/site\/#website\"},\"primaryImageOfPage\":{\"@id\":\"https:\/\/lafrenchcoop.fr\/site\/evenements\/les-2-ans-de-la-french-coop-comme-si-vous-y-etiez#primaryimage\"},\"datePublished\":\"2021-12-04T07:00:00+00:00\",\"dateModified\":\"2021-12-22T16:27:00+00:00\",\"author\":{\"@id\":\"https:\/\/lafrenchcoop.fr\/site\/#\/schema\/person\/ba218cfcafb09c5becc70800de7554bf\"},\"description\":\"Un dimanche 21 novembrejoyeux, instructif, gourmand\\u2026 Retour sur l'anniversaire des 2 ans de La French Coop, comme si vous y \\u00e9tiez !\",\"breadcrumb\":{\"@id\":\"https:\/\/lafrenchcoop.fr\/site\/evenements\/les-2-ans-de-la-french-coop-comme-si-vous-y-etiez#breadcrumb\"},\"inLanguage\":\"fr-FR\",\"potentialAction\":[{\"@type\":\"ReadAction\",\"target\":[\"https:\/\/lafrenchcoop.fr\/site\/evenements\/les-2-ans-de-la-french-coop-comme-si-vous-y-etiez\"]}]},{\"@type\":\"BreadcrumbList\",\"@id\":\"https:\/\/lafrenchcoop.fr\/site\/evenements\/les-2-ans-de-la-french-coop-comme-si-vous-y-etiez#breadcrumb\",\"itemListElement\":[{\"@type\":\"ListItem\",\"position\":1,\"name\":\"Accueil\",\"item\":\"https:\/\/lafrenchcoop.fr\/site\/\"},{\"@type\":\"ListItem\",\"position\":2,\"name\":\"Les 2\\u00a0ans de La French Coop, comme si vous y \\u00e9tiez\\u00a0!\"}]},{\"@type\":\"Person\",\"@id\":\"https:\/\/lafrenchcoop.fr\/site\/#\/schema\/person\/ba218cfcafb09c5becc70800de7554bf\",\"name\":\"lafrenchcoop\",\"image\":{\"@type\":\"ImageObject\",\"@id\":\"https:\/\/lafrenchcoop.fr\/site\/#personlogo\",\"inLanguage\":\"fr-FR\",\"url\":\"https:\/\/secure.gravatar.com\/avatar\/f35efd74c5723ad71a999ece82bb95f4?s=96&d=mm&r=g\",\"contentUrl\":\"https:\/\/secure.gravatar.com\/avatar\/f35efd74c5723ad71a999ece82bb95f4?s=96&d=mm&r=g\",\"caption\":\"lafrenchcoop\"},\"url\":\"https:\/\/lafrenchcoop.fr\/site\/author\/lafrenchcoop\"}]}<\/script>\n<!-- \/ Yoast SEO plugin. -->","yoast_head_json":{"title":"Les 2\u00a0ans de La French Coop, comme si vous y \u00e9tiez\u00a0! - La French Coop","description":"Un dimanche 21 novembrejoyeux, instructif, gourmand\u2026 Retour sur l'anniversaire des 2 ans de La French Coop, comme si vous y \u00e9tiez !","robots":{"index":"index","follow":"follow","max-snippet":"max-snippet:-1","max-image-preview":"max-image-preview:large","max-video-preview":"max-video-preview:-1"},"canonical":"https:\/\/lafrenchcoop.fr\/site\/evenements\/les-2-ans-de-la-french-coop-comme-si-vous-y-etiez","og_locale":"fr_FR","og_type":"article","og_title":"Les 2\u00a0ans de La French Coop, comme si vous y \u00e9tiez\u00a0! - La French Coop","og_description":"Un dimanche 21 novembrejoyeux, instructif, gourmand\u2026 Retour sur l'anniversaire des 2 ans de La French Coop, comme si vous y \u00e9tiez !","og_url":"https:\/\/lafrenchcoop.fr\/site\/evenements\/les-2-ans-de-la-french-coop-comme-si-vous-y-etiez","og_site_name":"La French Coop","article_publisher":"https:\/\/www.facebook.com\/lafrenchcoop\/","article_published_time":"2021-12-04T07:00:00+00:00","article_modified_time":"2021-12-22T16:27:00+00:00","og_image":[{"width":902,"height":602,"url":"https:\/\/lafrenchcoop.fr\/site\/wp-content\/uploads\/2021\/12\/Anniv2ans_cover.png","type":"image\/png"}],"twitter_card":"summary_large_image","twitter_creator":"@FrenchCoop","twitter_site":"@FrenchCoop","twitter_misc":{"\u00c9crit par":"lafrenchcoop","Dur\u00e9e de lecture estim\u00e9e":"10 minutes"},"schema":{"@context":"https:\/\/schema.org","@graph":[{"@type":"WebSite","@id":"https:\/\/lafrenchcoop.fr\/site\/#website","url":"https:\/\/lafrenchcoop.fr\/site\/","name":"La French Coop","description":"L&#039;\u00e9picerie coop\u00e9rative et participative d&#039;Asni\u00e8res-sur-Seine !","potentialAction":[{"@type":"SearchAction","target":{"@type":"EntryPoint","urlTemplate":"https:\/\/lafrenchcoop.fr\/site\/?s={search_term_string}"},"query-input":"required name=search_term_string"}],"inLanguage":"fr-FR"},{"@type":"ImageObject","@id":"https:\/\/lafrenchcoop.fr\/site\/evenements\/les-2-ans-de-la-french-coop-comme-si-vous-y-etiez#primaryimage","inLanguage":"fr-FR","url":"https:\/\/lafrenchcoop.fr\/site\/wp-content\/uploads\/2021\/12\/Anniv2ans_cover.png","contentUrl":"https:\/\/lafrenchcoop.fr\/site\/wp-content\/uploads\/2021\/12\/Anniv2ans_cover.png","width":902,"height":602},{"@type":"WebPage","@id":"https:\/\/lafrenchcoop.fr\/site\/evenements\/les-2-ans-de-la-french-coop-comme-si-vous-y-etiez#webpage","url":"https:\/\/lafrenchcoop.fr\/site\/evenements\/les-2-ans-de-la-french-coop-comme-si-vous-y-etiez","name":"Les 2\u00a0ans de La French Coop, comme si vous y \u00e9tiez\u00a0! - La French Coop","isPartOf":{"@id":"https:\/\/lafrenchcoop.fr\/site\/#website"},"primaryImageOfPage":{"@id":"https:\/\/lafrenchcoop.fr\/site\/evenements\/les-2-ans-de-la-french-coop-comme-si-vous-y-etiez#primaryimage"},"datePublished":"2021-12-04T07:00:00+00:00","dateModified":"2021-12-22T16:27:00+00:00","author":{"@id":"https:\/\/lafrenchcoop.fr\/site\/#\/schema\/person\/ba218cfcafb09c5becc70800de7554bf"},"description":"Un dimanche 21 novembrejoyeux, instructif, gourmand\u2026 Retour sur l'anniversaire des 2 ans de La French Coop, comme si vous y \u00e9tiez !","breadcrumb":{"@id":"https:\/\/lafrenchcoop.fr\/site\/evenements\/les-2-ans-de-la-french-coop-comme-si-vous-y-etiez#breadcrumb"},"inLanguage":"fr-FR","potentialAction":[{"@type":"ReadAction","target":["https:\/\/lafrenchcoop.fr\/site\/evenements\/les-2-ans-de-la-french-coop-comme-si-vous-y-etiez"]}]},{"@type":"BreadcrumbList","@id":"https:\/\/lafrenchcoop.fr\/site\/evenements\/les-2-ans-de-la-french-coop-comme-si-vous-y-etiez#breadcrumb","itemListElement":[{"@type":"ListItem","position":1,"name":"Accueil","item":"https:\/\/lafrenchcoop.fr\/site\/"},{"@type":"ListItem","position":2,"name":"Les 2\u00a0ans de La French Coop, comme si vous y \u00e9tiez\u00a0!"}]},{"@type":"Person","@id":"https:\/\/lafrenchcoop.fr\/site\/#\/schema\/person\/ba218cfcafb09c5becc70800de7554bf","name":"lafrenchcoop","image":{"@type":"ImageObject","@id":"https:\/\/lafrenchcoop.fr\/site\/#personlogo","inLanguage":"fr-FR","url":"https:\/\/secure.gravatar.com\/avatar\/f35efd74c5723ad71a999ece82bb95f4?s=96&d=mm&r=g","contentUrl":"https:\/\/secure.gravatar.com\/avatar\/f35efd74c5723ad71a999ece82bb95f4?s=96&d=mm&r=g","caption":"lafrenchcoop"},"url":"https:\/\/lafrenchcoop.fr\/site\/author\/lafrenchcoop"}]}},"_links":{"self":[{"href":"https:\/\/lafrenchcoop.fr\/site\/wp-json\/wp\/v2\/posts\/193606"}],"collection":[{"href":"https:\/\/lafrenchcoop.fr\/site\/wp-json\/wp\/v2\/posts"}],"about":[{"href":"https:\/\/lafrenchcoop.fr\/site\/wp-json\/wp\/v2\/types\/post"}],"author":[{"embeddable":true,"href":"https:\/\/lafrenchcoop.fr\/site\/wp-json\/wp\/v2\/users\/4"}],"replies":[{"embeddable":true,"href":"https:\/\/lafrenchcoop.fr\/site\/wp-json\/wp\/v2\/comments?post=193606"}],"version-history":[{"count":38,"href":"https:\/\/lafrenchcoop.fr\/site\/wp-json\/wp\/v2\/posts\/193606\/revisions"}],"predecessor-version":[{"id":193707,"href":"https:\/\/lafrenchcoop.fr\/site\/wp-json\/wp\/v2\/posts\/193606\/revisions\/193707"}],"wp:featuredmedia":[{"embeddable":true,"href":"https:\/\/lafrenchcoop.fr\/site\/wp-json\/wp\/v2\/media\/193611"}],"wp:attachment":[{"href":"https:\/\/lafrenchcoop.fr\/site\/wp-json\/wp\/v2\/media?parent=193606"}],"wp:term":[{"taxonomy":"category","embeddable":true,"href":"https:\/\/lafrenchcoop.fr\/site\/wp-json\/wp\/v2\/categories?post=193606"},{"taxonomy":"post_tag","embeddable":true,"href":"https:\/\/lafrenchcoop.fr\/site\/wp-json\/wp\/v2\/tags?post=193606"}],"curies":[{"name":"wp","href":"https:\/\/api.w.org\/{rel}","templated":true}]}}