{"id":193978,"date":"2022-06-21T13:13:17","date_gmt":"2022-06-21T11:13:17","guid":{"rendered":"https:\/\/lafrenchcoop.fr\/site\/?p=193978"},"modified":"2022-06-21T13:13:19","modified_gmt":"2022-06-21T11:13:19","slug":"des-questions-sur-la-cooperative","status":"publish","type":"post","link":"https:\/\/lafrenchcoop.fr\/site\/infos\/des-questions-sur-la-cooperative","title":{"rendered":"Des questions sur la Coop\u00e9rative?"},"content":{"rendered":"\n<p class=\"has-accent-color has-text-color has-medium-font-size\"><strong><strong>Aujourd&rsquo;hui la French Coop est une Coop\u00e9rative et une Association. <\/strong><\/strong><\/p>\n\n\n\n<h2 class=\"has-accent-color has-text-color\">Pourquoi cette transformation?  <\/h2>\n\n\n\n<p>Vos amis ou voisins ont des questions sur la Coop\u00e9rative La French Coop? Voici des r\u00e9ponses \u00e0 partager.<\/p>\n\n\n\n<figure class=\"wp-block-image size-large is-resized\"><img loading=\"lazy\" src=\"https:\/\/lafrenchcoop.fr\/site\/wp-content\/uploads\/2022\/05\/Apero_01-1024x768.jpg\" alt=\"\" class=\"wp-image-193936\" width=\"768\" height=\"576\" srcset=\"https:\/\/lafrenchcoop.fr\/site\/wp-content\/uploads\/2022\/05\/Apero_01-1024x768.jpg 1024w, https:\/\/lafrenchcoop.fr\/site\/wp-content\/uploads\/2022\/05\/Apero_01-500x375.jpg 500w, https:\/\/lafrenchcoop.fr\/site\/wp-content\/uploads\/2022\/05\/Apero_01-768x576.jpg 768w, https:\/\/lafrenchcoop.fr\/site\/wp-content\/uploads\/2022\/05\/Apero_01.jpg 1200w\" sizes=\"(max-width: 768px) 100vw, 768px\" \/><figcaption><em>St\u00e9phanie, Pr\u00e9sidente de La French Coop (\u00e0 gauche sur la photo), avec quelques membres des GT (groupes de travail)<\/em>.<\/figcaption><\/figure>\n\n\n\n<p><strong>Le passage en coop\u00e9rative \u00e9tait-il inh\u00e9rent&nbsp;au projet initial de l\u2019association ?<\/strong><\/p>\n\n\n\n<p>Oui. C\u2019est le sch\u00e9ma classique des projets d\u2019\u00e9picerie. D\u2019abord il y a une phase de laboratoire, en mode associatif. Ensuite, si le test est r\u00e9ussi, on peut voir plus grand. Pour la French coop, le test est r\u00e9ussi&nbsp;: 200&nbsp;000 \u20ac de chiffre d\u2019affaires, des b\u00e9n\u00e9fices, un nombre croissant d\u2019adh\u00e9rents. Malgr\u00e9 cela, on constate un essoufflement des b\u00e9n\u00e9voles.<\/p>\n\n\n\n<div class=\"wp-block-media-text is-stacked-on-mobile\" style=\"grid-template-columns:15% auto\"><figure class=\"wp-block-media-text__media\"><img loading=\"lazy\" width=\"450\" height=\"800\" src=\"https:\/\/lafrenchcoop.fr\/site\/wp-content\/uploads\/2022\/06\/IMG_20211127_161831.jpg\" alt=\"\" class=\"wp-image-193981 size-full\" \/><\/figure><div class=\"wp-block-media-text__content\">\n<p style=\"font-size:22px\">Cette \u00e9tape est <strong>classique <\/strong>elle aussi, comme l\u2019a expliqu\u00e9 Tom Booth de la coop\u00e9rative La Louve. <br>Le nombre limit\u00e9 de produits r\u00e9f\u00e9renc\u00e9s \u00e0 l\u2019\u00e9picerie d\u00e9couragent certains b\u00e9n\u00e9voles qui font leurs courses ailleurs. D\u2019o\u00f9 l\u2019id\u00e9e de redonner du souffle avec une autre surface proposant plus de r\u00e9f\u00e9rences.<\/p>\n<\/div><\/div>\n\n\n\n<figure class=\"wp-block-image size-full is-resized\"><img loading=\"lazy\" src=\"https:\/\/lafrenchcoop.fr\/site\/wp-content\/uploads\/2022\/06\/IMG_20211127_155507.jpg\" alt=\"\" class=\"wp-image-193980\" width=\"600\" height=\"338\" srcset=\"https:\/\/lafrenchcoop.fr\/site\/wp-content\/uploads\/2022\/06\/IMG_20211127_155507.jpg 800w, https:\/\/lafrenchcoop.fr\/site\/wp-content\/uploads\/2022\/06\/IMG_20211127_155507-500x281.jpg 500w, https:\/\/lafrenchcoop.fr\/site\/wp-content\/uploads\/2022\/06\/IMG_20211127_155507-768x432.jpg 768w\" sizes=\"(max-width: 600px) 100vw, 600px\" \/><figcaption><em>La French Coop a rencontr\u00e9 Tom Booth, pour \u00e9changer sur le parcours de La Louve (Paris)<\/em><\/figcaption><\/figure>\n\n\n\n<p><\/p>\n\n\n\n<p><strong>Quels sont les avantages du statut de coop\u00e9rative&nbsp;?<\/strong><\/p>\n\n\n\n<p><strong>Ce statut permet de disposer de fonds propres et de se constituer un capital.<\/strong> Il ouvre l\u2019acc\u00e8s aux emprunts bancaires contrairement au statut associatif. Cr\u00e9er une grande \u00e9picerie requiert des fonds pour les travaux et l\u2019achat du mat\u00e9riel&nbsp;: climatisation, frigos, rayonnages, logiciel de gestion performant (comptabilit\u00e9, adh\u00e9sions, pr\u00e9commande\u2026). <br><strong>Le changement de statut est donc une \u00e9tape indispensable&nbsp;!<\/strong><\/p>\n\n\n\n<p>Ensuite, avec le statut de coop\u00e9rative, nous allons d\u00e9velopper l\u2019esprit collectif. C\u2019est plus engageant d\u2019\u00eatre coop\u00e9rateur, c\u2019est-\u00e0-dire <strong>propri\u00e9taire d\u2019une partie de l\u2019\u00e9picerie<\/strong>.<\/p>\n\n\n\n<p>Nous aurons alors tout en main pour recruter de nouveaux adh\u00e9rents, sensibiliser sur les modes de consommation durables, d\u00e9velopper le lien social\u2026 et m\u00eame faire de l\u2019insertion. Car la Grande \u00e9picerie c\u2019est aussi le recrutement d\u2018un salari\u00e9 \u00e0 mi-temps pour coordonner les commandes des produits sensibles&nbsp;: frais, viande\u2026, \u00e9viter les pertes et les ruptures de stock (en partenariat avec le groupe de travail Producteurs).&nbsp;<\/p>\n\n\n\n<p><\/p>\n\n\n\n<p><strong>Parlons un peu de la souscription\u2026<\/strong><\/p>\n\n\n\n<figure class=\"wp-block-image size-full is-resized\"><img loading=\"lazy\" src=\"https:\/\/lafrenchcoop.fr\/site\/wp-content\/uploads\/2022\/06\/vitrine_juin2022.jpg\" alt=\"\" class=\"wp-image-193985\" width=\"600\" height=\"450\" srcset=\"https:\/\/lafrenchcoop.fr\/site\/wp-content\/uploads\/2022\/06\/vitrine_juin2022.jpg 600w, https:\/\/lafrenchcoop.fr\/site\/wp-content\/uploads\/2022\/06\/vitrine_juin2022-500x375.jpg 500w\" sizes=\"(max-width: 600px) 100vw, 600px\" \/><figcaption><em>La French Coop, au 23 rue de Bretagne, \u00e0 quelques m\u00e8tres de la Gare d&rsquo;Asni\u00e8res-sur-Seine.<\/em><\/figcaption><\/figure>\n\n\n\n<p>Le montant minimum de la souscription \u2018standard\u2019 s\u2019\u00e9l\u00e8ve \u00e0 100 euros (soit 10 parts de 10 \u20ac) . Le paiement se fait soit par ch\u00e8que ou par virement. Si la somme de 100 \u20ac peut \u00eatre lourde \u00e0 financer, il y a des solutions\u00a0:<\/p>\n\n\n\n<ul><li>Il est possible de payer en plusieurs fois<\/li><li>Pour les personnes relevant des minima sociaux, la part n\u2019est que de 10 \u20ac<\/li><\/ul>\n\n\n\n<p><strong>Je pr\u00e9cise qu\u2019il s\u2019agit d\u2019un paiement unique&nbsp;: on est coop\u00e9rateur \u00e0 vie&nbsp;!<\/strong> Concernant une demande de remboursement des parts, c\u2019est possible comme dans toutes coop\u00e9ratives (il y a un d\u00e9lai l\u00e9gal maximum de 5 ans maximum, \u00e0 partir de la date de la demande). Des accords au cas par cas peuvent \u00eatre conclus pour rembourser les coop\u00e9rateurs qui en feraient la demande (article 14).<\/p>\n\n\n\n<p>Chaque coop\u00e9rateur reste adh\u00e9rent de l\u2019association, sans cotisation. En effet, l\u2019association perdure et portera comme maintenant la vie associative&nbsp;: ateliers, conf\u00e9rences\u2026 De m\u00eame, les groupes de travail restent \u00e0 l\u2019identique.<\/p>\n\n\n\n<p><\/p>\n\n\n\n<p><strong>Quel part prend le coop\u00e9rateur \u00e0 la gouvernance&nbsp;?<\/strong><\/p>\n\n\n\n<p>1 coop\u00e9rateur = 1 voix. Chaque coop\u00e9rateur pourra participer \u00e0 l\u2019<a href=\"https:\/\/lafrenchcoop.fr\/site\/evenements\/le-temps-des-votes\" target=\"_blank\" rel=\"noreferrer noopener\">Assembl\u00e9e G\u00e9n\u00e9rale<\/a> ou s\u2019y faire repr\u00e9senter par un autre soci\u00e9taire. Il pourra donc d\u00e9battre et voter sur toute question soumise \u00e0 l\u2019ordre du jour. <strong>Pour rappel, l\u2019assembl\u00e9e G\u00e9n\u00e9rale est l\u2019organe souverain de la Coop\u00e9rative.<\/strong> Elle repr\u00e9sente et oblige l\u2019universalit\u00e9 des coop\u00e9rateurs.&nbsp;<\/p>\n\n\n\n<p><em>Merci \u00e0 St\u00e9phanie notre Pr\u00e9sidente, pour ses r\u00e9ponses sur <a href=\"https:\/\/lafrenchcoop.fr\/site\/evenements\/cest-vote-passage-en-cooperative\" target=\"_blank\" rel=\"noreferrer noopener\">ce passage en coop\u00e9rative<\/a>.<\/em> <\/p>\n\n\n\n<p><em>Vous avez d&rsquo;autres questions? Vous pouvez les envoyer \u00e0 communication@lafrenchcoop.fr.<\/em><\/p>\n\n\n\n<p><\/p>\n\n\n\n<p><strong>Appel \u00e0 renforts: les GT (groupes de travail) recherchent des b\u00e9n\u00e9voles !<\/strong><\/p>\n\n\n\n<p>Prenez contact et rejoignez un ou plusieurs groupes !<\/p>\n\n\n\n<p>Producteurs (<a href=\"mailto:groupeachats@lafrenchcoop.fr\">groupeachats@lafrenchcoop.fr<\/a>),<\/p>\n\n\n\n<p>R\u00e9f\u00e9rents (<a href=\"mailto:membres@lafrenchcoop.fr\">membres@lafrenchcoop.fr<\/a>),<\/p>\n\n\n\n<p>Communication (<a href=\"mailto:communication@lafrenchcoop.fr\">communication@lafrenchcoop.fr<\/a>),<\/p>\n\n\n\n<p>Vie Associative (<a href=\"mailto:vieassociative@lafrenchcoop.fr\">vieassociative@lafrenchcoop.fr<\/a>),<\/p>\n\n\n\n<p>Informatique (<a href=\"mailto:informatique@lafrenchcoop.fr\">informatique@lafrenchcoop.fr<\/a>),<\/p>\n\n\n\n<p>Mais aussi Finance, Tractage, M\u00e9nage, Inventaire, etc. &nbsp;Pour ceux-l\u00e0, n\u2019h\u00e9sitez pas \u00e0 demander aux r\u00e9f\u00e9rent.e.s ou \u00e0 la communication.<\/p>\n\n\n\n<p class=\"has-accent-color has-text-color\"><strong>Vous partagez les m\u00eames valeurs ? N&rsquo;h\u00e9sitez pas: passez \u00e0 la boutique aux horaires d&rsquo;ouverture ou contactez-nous, afin de vous renseigner pour rejoindre <em>La French Coop<\/em>&nbsp;!<\/strong><\/p>\n\n\n\n<p>Ci-dessous, le bulletin de souscription pour souscrire \u00e0 la Coop\u00e9rative :<\/p>\n\n\n\n<div class=\"wp-block-file\"><a href=\"https:\/\/lafrenchcoop.fr\/site\/wp-content\/uploads\/2022\/03\/220214_La_French_Coop_bulletin-de-souscription-V3.fev22.pdf\">220214_La_French_Coop_bulletin de souscription V3.fev22<\/a><a href=\"https:\/\/lafrenchcoop.fr\/site\/wp-content\/uploads\/2022\/03\/220214_La_French_Coop_bulletin-de-souscription-V3.fev22.pdf\" class=\"wp-block-file__button\" download>T\u00e9l\u00e9charger<\/a><\/div>\n\n\n\n<div style=\"height:20px\" aria-hidden=\"true\" class=\"wp-block-spacer\"><\/div>\n\n\n\n<p><\/p>\n","protected":false},"excerpt":{"rendered":"<p>Aujourd&rsquo;hui la French Coop est une Coop\u00e9rative et une Association. Pourquoi cette transformation? Vos amis ou voisins ont des questions sur la Coop\u00e9rative La French Coop? Voici des r\u00e9ponses \u00e0 partager. Le passage en coop\u00e9rative \u00e9tait-il inh\u00e9rent&nbsp;au projet initial de l\u2019association ? Oui. C\u2019est le sch\u00e9ma classique des projets d\u2019\u00e9picerie. [&hellip;]<\/p>\n","protected":false},"author":4,"featured_media":193985,"comment_status":"open","ping_status":"open","sticky":false,"template":"","format":"standard","meta":[],"categories":[38,10,11],"tags":[22,42,55,35],"yoast_head":"<!-- This site is optimized with the Yoast SEO plugin v17.9 - https:\/\/yoast.com\/wordpress\/plugins\/seo\/ -->\n<title>Des questions sur la Coop\u00e9rative? - La French Coop<\/title>\n<meta name=\"description\" content=\"Retrouvez les r\u00e9ponses de la Pr\u00e9sidente de la French Coop sur le statut de Coop\u00e9rative\" \/>\n<meta name=\"robots\" content=\"index, follow, max-snippet:-1, max-image-preview:large, max-video-preview:-1\" \/>\n<link rel=\"canonical\" href=\"https:\/\/lafrenchcoop.fr\/site\/infos\/des-questions-sur-la-cooperative\" \/>\n<meta property=\"og:locale\" content=\"fr_FR\" \/>\n<meta property=\"og:type\" content=\"article\" \/>\n<meta property=\"og:title\" content=\"Des questions sur la Coop\u00e9rative? - La French Coop\" \/>\n<meta property=\"og:description\" content=\"Retrouvez les r\u00e9ponses de la Pr\u00e9sidente de la French Coop sur le statut de Coop\u00e9rative\" \/>\n<meta property=\"og:url\" content=\"https:\/\/lafrenchcoop.fr\/site\/infos\/des-questions-sur-la-cooperative\" \/>\n<meta property=\"og:site_name\" content=\"La French Coop\" \/>\n<meta property=\"article:publisher\" content=\"https:\/\/www.facebook.com\/lafrenchcoop\/\" \/>\n<meta property=\"article:published_time\" content=\"2022-06-21T11:13:17+00:00\" \/>\n<meta property=\"article:modified_time\" content=\"2022-06-21T11:13:19+00:00\" \/>\n<meta property=\"og:image\" content=\"https:\/\/lafrenchcoop.fr\/site\/wp-content\/uploads\/2022\/06\/vitrine_juin2022.jpg\" \/>\n\t<meta property=\"og:image:width\" content=\"600\" \/>\n\t<meta property=\"og:image:height\" content=\"450\" \/>\n\t<meta property=\"og:image:type\" content=\"image\/jpeg\" \/>\n<meta name=\"twitter:card\" content=\"summary_large_image\" \/>\n<meta name=\"twitter:creator\" content=\"@FrenchCoop\" \/>\n<meta name=\"twitter:site\" content=\"@FrenchCoop\" \/>\n<meta name=\"twitter:label1\" content=\"\u00c9crit par\" \/>\n\t<meta name=\"twitter:data1\" content=\"lafrenchcoop\" \/>\n\t<meta name=\"twitter:label2\" content=\"Dur\u00e9e de lecture estim\u00e9e\" \/>\n\t<meta name=\"twitter:data2\" content=\"5 minutes\" \/>\n<script type=\"application\/ld+json\" class=\"yoast-schema-graph\">{\"@context\":\"https:\/\/schema.org\",\"@graph\":[{\"@type\":\"WebSite\",\"@id\":\"https:\/\/lafrenchcoop.fr\/site\/#website\",\"url\":\"https:\/\/lafrenchcoop.fr\/site\/\",\"name\":\"La French Coop\",\"description\":\"L&#039;\\u00e9picerie coop\\u00e9rative et participative d&#039;Asni\\u00e8res-sur-Seine !\",\"potentialAction\":[{\"@type\":\"SearchAction\",\"target\":{\"@type\":\"EntryPoint\",\"urlTemplate\":\"https:\/\/lafrenchcoop.fr\/site\/?s={search_term_string}\"},\"query-input\":\"required name=search_term_string\"}],\"inLanguage\":\"fr-FR\"},{\"@type\":\"ImageObject\",\"@id\":\"https:\/\/lafrenchcoop.fr\/site\/infos\/des-questions-sur-la-cooperative#primaryimage\",\"inLanguage\":\"fr-FR\",\"url\":\"https:\/\/lafrenchcoop.fr\/site\/wp-content\/uploads\/2022\/06\/vitrine_juin2022.jpg\",\"contentUrl\":\"https:\/\/lafrenchcoop.fr\/site\/wp-content\/uploads\/2022\/06\/vitrine_juin2022.jpg\",\"width\":600,\"height\":450},{\"@type\":\"WebPage\",\"@id\":\"https:\/\/lafrenchcoop.fr\/site\/infos\/des-questions-sur-la-cooperative#webpage\",\"url\":\"https:\/\/lafrenchcoop.fr\/site\/infos\/des-questions-sur-la-cooperative\",\"name\":\"Des questions sur la Coop\\u00e9rative? - La French Coop\",\"isPartOf\":{\"@id\":\"https:\/\/lafrenchcoop.fr\/site\/#website\"},\"primaryImageOfPage\":{\"@id\":\"https:\/\/lafrenchcoop.fr\/site\/infos\/des-questions-sur-la-cooperative#primaryimage\"},\"datePublished\":\"2022-06-21T11:13:17+00:00\",\"dateModified\":\"2022-06-21T11:13:19+00:00\",\"author\":{\"@id\":\"https:\/\/lafrenchcoop.fr\/site\/#\/schema\/person\/ba218cfcafb09c5becc70800de7554bf\"},\"description\":\"Retrouvez les r\\u00e9ponses de la Pr\\u00e9sidente de la French Coop sur le statut de Coop\\u00e9rative\",\"breadcrumb\":{\"@id\":\"https:\/\/lafrenchcoop.fr\/site\/infos\/des-questions-sur-la-cooperative#breadcrumb\"},\"inLanguage\":\"fr-FR\",\"potentialAction\":[{\"@type\":\"ReadAction\",\"target\":[\"https:\/\/lafrenchcoop.fr\/site\/infos\/des-questions-sur-la-cooperative\"]}]},{\"@type\":\"BreadcrumbList\",\"@id\":\"https:\/\/lafrenchcoop.fr\/site\/infos\/des-questions-sur-la-cooperative#breadcrumb\",\"itemListElement\":[{\"@type\":\"ListItem\",\"position\":1,\"name\":\"Accueil\",\"item\":\"https:\/\/lafrenchcoop.fr\/site\/\"},{\"@type\":\"ListItem\",\"position\":2,\"name\":\"Des questions sur la Coop\\u00e9rative?\"}]},{\"@type\":\"Person\",\"@id\":\"https:\/\/lafrenchcoop.fr\/site\/#\/schema\/person\/ba218cfcafb09c5becc70800de7554bf\",\"name\":\"lafrenchcoop\",\"image\":{\"@type\":\"ImageObject\",\"@id\":\"https:\/\/lafrenchcoop.fr\/site\/#personlogo\",\"inLanguage\":\"fr-FR\",\"url\":\"https:\/\/secure.gravatar.com\/avatar\/f35efd74c5723ad71a999ece82bb95f4?s=96&d=mm&r=g\",\"contentUrl\":\"https:\/\/secure.gravatar.com\/avatar\/f35efd74c5723ad71a999ece82bb95f4?s=96&d=mm&r=g\",\"caption\":\"lafrenchcoop\"},\"url\":\"https:\/\/lafrenchcoop.fr\/site\/author\/lafrenchcoop\"}]}<\/script>\n<!-- \/ Yoast SEO plugin. -->","yoast_head_json":{"title":"Des questions sur la Coop\u00e9rative? - La French Coop","description":"Retrouvez les r\u00e9ponses de la Pr\u00e9sidente de la French Coop sur le statut de Coop\u00e9rative","robots":{"index":"index","follow":"follow","max-snippet":"max-snippet:-1","max-image-preview":"max-image-preview:large","max-video-preview":"max-video-preview:-1"},"canonical":"https:\/\/lafrenchcoop.fr\/site\/infos\/des-questions-sur-la-cooperative","og_locale":"fr_FR","og_type":"article","og_title":"Des questions sur la Coop\u00e9rative? - La French Coop","og_description":"Retrouvez les r\u00e9ponses de la Pr\u00e9sidente de la French Coop sur le statut de Coop\u00e9rative","og_url":"https:\/\/lafrenchcoop.fr\/site\/infos\/des-questions-sur-la-cooperative","og_site_name":"La French Coop","article_publisher":"https:\/\/www.facebook.com\/lafrenchcoop\/","article_published_time":"2022-06-21T11:13:17+00:00","article_modified_time":"2022-06-21T11:13:19+00:00","og_image":[{"width":600,"height":450,"url":"https:\/\/lafrenchcoop.fr\/site\/wp-content\/uploads\/2022\/06\/vitrine_juin2022.jpg","type":"image\/jpeg"}],"twitter_card":"summary_large_image","twitter_creator":"@FrenchCoop","twitter_site":"@FrenchCoop","twitter_misc":{"\u00c9crit par":"lafrenchcoop","Dur\u00e9e de lecture estim\u00e9e":"5 minutes"},"schema":{"@context":"https:\/\/schema.org","@graph":[{"@type":"WebSite","@id":"https:\/\/lafrenchcoop.fr\/site\/#website","url":"https:\/\/lafrenchcoop.fr\/site\/","name":"La French Coop","description":"L&#039;\u00e9picerie coop\u00e9rative et participative d&#039;Asni\u00e8res-sur-Seine !","potentialAction":[{"@type":"SearchAction","target":{"@type":"EntryPoint","urlTemplate":"https:\/\/lafrenchcoop.fr\/site\/?s={search_term_string}"},"query-input":"required name=search_term_string"}],"inLanguage":"fr-FR"},{"@type":"ImageObject","@id":"https:\/\/lafrenchcoop.fr\/site\/infos\/des-questions-sur-la-cooperative#primaryimage","inLanguage":"fr-FR","url":"https:\/\/lafrenchcoop.fr\/site\/wp-content\/uploads\/2022\/06\/vitrine_juin2022.jpg","contentUrl":"https:\/\/lafrenchcoop.fr\/site\/wp-content\/uploads\/2022\/06\/vitrine_juin2022.jpg","width":600,"height":450},{"@type":"WebPage","@id":"https:\/\/lafrenchcoop.fr\/site\/infos\/des-questions-sur-la-cooperative#webpage","url":"https:\/\/lafrenchcoop.fr\/site\/infos\/des-questions-sur-la-cooperative","name":"Des questions sur la Coop\u00e9rative? - La French Coop","isPartOf":{"@id":"https:\/\/lafrenchcoop.fr\/site\/#website"},"primaryImageOfPage":{"@id":"https:\/\/lafrenchcoop.fr\/site\/infos\/des-questions-sur-la-cooperative#primaryimage"},"datePublished":"2022-06-21T11:13:17+00:00","dateModified":"2022-06-21T11:13:19+00:00","author":{"@id":"https:\/\/lafrenchcoop.fr\/site\/#\/schema\/person\/ba218cfcafb09c5becc70800de7554bf"},"description":"Retrouvez les r\u00e9ponses de la Pr\u00e9sidente de la French Coop sur le statut de Coop\u00e9rative","breadcrumb":{"@id":"https:\/\/lafrenchcoop.fr\/site\/infos\/des-questions-sur-la-cooperative#breadcrumb"},"inLanguage":"fr-FR","potentialAction":[{"@type":"ReadAction","target":["https:\/\/lafrenchcoop.fr\/site\/infos\/des-questions-sur-la-cooperative"]}]},{"@type":"BreadcrumbList","@id":"https:\/\/lafrenchcoop.fr\/site\/infos\/des-questions-sur-la-cooperative#breadcrumb","itemListElement":[{"@type":"ListItem","position":1,"name":"Accueil","item":"https:\/\/lafrenchcoop.fr\/site\/"},{"@type":"ListItem","position":2,"name":"Des questions sur la Coop\u00e9rative?"}]},{"@type":"Person","@id":"https:\/\/lafrenchcoop.fr\/site\/#\/schema\/person\/ba218cfcafb09c5becc70800de7554bf","name":"lafrenchcoop","image":{"@type":"ImageObject","@id":"https:\/\/lafrenchcoop.fr\/site\/#personlogo","inLanguage":"fr-FR","url":"https:\/\/secure.gravatar.com\/avatar\/f35efd74c5723ad71a999ece82bb95f4?s=96&d=mm&r=g","contentUrl":"https:\/\/secure.gravatar.com\/avatar\/f35efd74c5723ad71a999ece82bb95f4?s=96&d=mm&r=g","caption":"lafrenchcoop"},"url":"https:\/\/lafrenchcoop.fr\/site\/author\/lafrenchcoop"}]}},"_links":{"self":[{"href":"https:\/\/lafrenchcoop.fr\/site\/wp-json\/wp\/v2\/posts\/193978"}],"collection":[{"href":"https:\/\/lafrenchcoop.fr\/site\/wp-json\/wp\/v2\/posts"}],"about":[{"href":"https:\/\/lafrenchcoop.fr\/site\/wp-json\/wp\/v2\/types\/post"}],"author":[{"embeddable":true,"href":"https:\/\/lafrenchcoop.fr\/site\/wp-json\/wp\/v2\/users\/4"}],"replies":[{"embeddable":true,"href":"https:\/\/lafrenchcoop.fr\/site\/wp-json\/wp\/v2\/comments?post=193978"}],"version-history":[{"count":6,"href":"https:\/\/lafrenchcoop.fr\/site\/wp-json\/wp\/v2\/posts\/193978\/revisions"}],"predecessor-version":[{"id":193987,"href":"https:\/\/lafrenchcoop.fr\/site\/wp-json\/wp\/v2\/posts\/193978\/revisions\/193987"}],"wp:featuredmedia":[{"embeddable":true,"href":"https:\/\/lafrenchcoop.fr\/site\/wp-json\/wp\/v2\/media\/193985"}],"wp:attachment":[{"href":"https:\/\/lafrenchcoop.fr\/site\/wp-json\/wp\/v2\/media?parent=193978"}],"wp:term":[{"taxonomy":"category","embeddable":true,"href":"https:\/\/lafrenchcoop.fr\/site\/wp-json\/wp\/v2\/categories?post=193978"},{"taxonomy":"post_tag","embeddable":true,"href":"https:\/\/lafrenchcoop.fr\/site\/wp-json\/wp\/v2\/tags?post=193978"}],"curies":[{"name":"wp","href":"https:\/\/api.w.org\/{rel}","templated":true}]}}