{"id":194146,"date":"2022-09-17T19:44:13","date_gmt":"2022-09-17T17:44:13","guid":{"rendered":"https:\/\/lafrenchcoop.fr\/site\/?p=194146"},"modified":"2022-10-02T20:48:11","modified_gmt":"2022-10-02T18:48:11","slug":"forum-des-associations-2022-2023","status":"publish","type":"post","link":"https:\/\/lafrenchcoop.fr\/site\/evenements\/forum-des-associations-2022-2023","title":{"rendered":"Forum des associations 2022-2023"},"content":{"rendered":"\n<p class=\"has-text-align-center has-accent-color has-text-color has-medium-font-size\">Merci pour tous les \u00e9changes sur le stand de la French Coop au Forum!<\/p>\n\n\n\n<p><\/p>\n\n\n\n<p>Une tr\u00e8s belle \u00e9dition du Forum 2022-2023, avec beaucoup d&rsquo;\u00e9changes avec les b\u00e9n\u00e9voles de la French Coop !<\/p>\n\n\n\n<figure class=\"wp-block-image size-large is-resized\"><img loading=\"lazy\" src=\"https:\/\/lafrenchcoop.fr\/site\/wp-content\/uploads\/2022\/10\/forum_banner_ville-1024x577.jpg\" alt=\"\" class=\"wp-image-194148\" width=\"512\" height=\"289\" srcset=\"https:\/\/lafrenchcoop.fr\/site\/wp-content\/uploads\/2022\/10\/forum_banner_ville-1024x577.jpg 1024w, https:\/\/lafrenchcoop.fr\/site\/wp-content\/uploads\/2022\/10\/forum_banner_ville-500x282.jpg 500w, https:\/\/lafrenchcoop.fr\/site\/wp-content\/uploads\/2022\/10\/forum_banner_ville-768x433.jpg 768w, https:\/\/lafrenchcoop.fr\/site\/wp-content\/uploads\/2022\/10\/forum_banner_ville-1536x865.jpg 1536w, https:\/\/lafrenchcoop.fr\/site\/wp-content\/uploads\/2022\/10\/forum_banner_ville.jpg 1670w\" sizes=\"(max-width: 512px) 100vw, 512px\" \/><\/figure>\n\n\n\n<div style=\"height:20px\" aria-hidden=\"true\" class=\"wp-block-spacer\"><\/div>\n\n\n\n<figure class=\"wp-block-image size-large\"><img loading=\"lazy\" width=\"1024\" height=\"535\" src=\"https:\/\/lafrenchcoop.fr\/site\/wp-content\/uploads\/2022\/10\/forum2022-1024x535.jpg\" alt=\"\" class=\"wp-image-194147\" srcset=\"https:\/\/lafrenchcoop.fr\/site\/wp-content\/uploads\/2022\/10\/forum2022-1024x535.jpg 1024w, https:\/\/lafrenchcoop.fr\/site\/wp-content\/uploads\/2022\/10\/forum2022-500x261.jpg 500w, https:\/\/lafrenchcoop.fr\/site\/wp-content\/uploads\/2022\/10\/forum2022-768x402.jpg 768w, https:\/\/lafrenchcoop.fr\/site\/wp-content\/uploads\/2022\/10\/forum2022-1536x803.jpg 1536w, https:\/\/lafrenchcoop.fr\/site\/wp-content\/uploads\/2022\/10\/forum2022.jpg 1666w\" sizes=\"(max-width: 1024px) 100vw, 1024px\" \/><\/figure>\n\n\n\n<p>Bienvenue aux nouveaux membres! Pour les autres, il n&rsquo;est jamais trop tard!<\/p>\n\n\n\n<p>Vous souhaitez une activit\u00e9 conviviale? Participative? Qui tisse des liens forts avec d&rsquo;autres?<\/p>\n\n\n\n<p>Vous avez des valeurs fortes et vous aimez les exprimer dans tout ce que vous faites? <\/p>\n\n\n\n<p>Vous aimez d\u00e9couvrir l&rsquo;histoire de producteurs passionn\u00e9s? Le go\u00fbt et la qualit\u00e9 sont importants pour vous?<\/p>\n\n\n\n<p>Vous \u00eates motiv\u00e9.e \u00e0 l&rsquo;id\u00e9e de reprendre la main sur vos habitudes de consommation et de passer \u00e0 la consom&rsquo;action?<\/p>\n\n\n\n<p>Vous appr\u00e9ciez soutenir la juste r\u00e9mun\u00e9ration des producteurs et d\u00e9couvrir des produits \u00e9co-responsables? <\/p>\n\n\n\n<p>Vous pensez que le dynamisme d&rsquo;un quartier se voit renforc\u00e9 par l&rsquo;engagement de ses habitants? <\/p>\n\n\n\n<p>On est fait pour s&rsquo;entendre \ud83d\ude00! <\/p>\n\n\n\n<p>Venez \u00e0 nos <a href=\"https:\/\/lafrenchcoop.fr\/site\/evenements\/prochaine-reunion-dinfo-le-13-octobre\" target=\"_blank\" rel=\"noreferrer noopener\">r\u00e9unions d&rsquo;information<\/a>, tous les 13 du mois \u00e0 la <strong>French Coop au 23 rue de Bretagne <\/strong>\u00e0 c\u00f4t\u00e9 de la gare d&rsquo;Asni\u00e8res-sur-Seine! <\/p>\n\n\n\n<p><\/p>\n\n\n\n<h3 class=\"has-accent-color has-text-color\">A bient\u00f4t en boutique !<\/h3>\n\n\n\n<p><\/p>\n\n\n\n<div style=\"height:20px\" aria-hidden=\"true\" class=\"wp-block-spacer\"><\/div>\n","protected":false},"excerpt":{"rendered":"<p>Merci pour tous les \u00e9changes sur le stand de la French Coop au Forum! Une tr\u00e8s belle \u00e9dition du Forum 2022-2023, avec beaucoup d&rsquo;\u00e9changes avec les b\u00e9n\u00e9voles de la French Coop ! Bienvenue aux nouveaux membres! Pour les autres, il n&rsquo;est jamais trop tard! Vous souhaitez une activit\u00e9 conviviale? Participative? [&hellip;]<\/p>\n","protected":false},"author":4,"featured_media":194149,"comment_status":"open","ping_status":"open","sticky":false,"template":"","format":"standard","meta":[],"categories":[10],"tags":[22,42,23,49,35],"yoast_head":"<!-- This site is optimized with the Yoast SEO plugin v17.9 - https:\/\/yoast.com\/wordpress\/plugins\/seo\/ -->\n<title>\u00c9v\u00e8nements - Forum des associations 2022-2023<\/title>\n<meta name=\"description\" content=\"Apr\u00e8s un dynamique Forum des Associations, la French Coop vous donne rendez-vous en boutique pour des sessions d&#039;information.\" \/>\n<meta name=\"robots\" content=\"index, follow, max-snippet:-1, max-image-preview:large, max-video-preview:-1\" \/>\n<link rel=\"canonical\" href=\"https:\/\/lafrenchcoop.fr\/site\/evenements\/forum-des-associations-2022-2023\" \/>\n<meta property=\"og:locale\" content=\"fr_FR\" \/>\n<meta property=\"og:type\" content=\"article\" \/>\n<meta property=\"og:title\" content=\"\u00c9v\u00e8nements - Forum des associations 2022-2023\" \/>\n<meta property=\"og:description\" content=\"Apr\u00e8s un dynamique Forum des Associations, la French Coop vous donne rendez-vous en boutique pour des sessions d&#039;information.\" \/>\n<meta property=\"og:url\" content=\"https:\/\/lafrenchcoop.fr\/site\/evenements\/forum-des-associations-2022-2023\" \/>\n<meta property=\"og:site_name\" content=\"La French Coop\" \/>\n<meta property=\"article:publisher\" content=\"https:\/\/www.facebook.com\/lafrenchcoop\/\" \/>\n<meta property=\"article:published_time\" content=\"2022-09-17T17:44:13+00:00\" \/>\n<meta property=\"article:modified_time\" content=\"2022-10-02T18:48:11+00:00\" \/>\n<meta property=\"og:image\" content=\"https:\/\/lafrenchcoop.fr\/site\/wp-content\/uploads\/2022\/10\/IMG_20220903_181454.jpg\" \/>\n\t<meta property=\"og:image:width\" content=\"900\" \/>\n\t<meta property=\"og:image:height\" content=\"1600\" \/>\n\t<meta property=\"og:image:type\" content=\"image\/jpeg\" \/>\n<meta name=\"twitter:card\" content=\"summary_large_image\" \/>\n<meta name=\"twitter:creator\" content=\"@FrenchCoop\" \/>\n<meta name=\"twitter:site\" content=\"@FrenchCoop\" \/>\n<meta name=\"twitter:label1\" content=\"\u00c9crit par\" \/>\n\t<meta name=\"twitter:data1\" content=\"lafrenchcoop\" \/>\n\t<meta name=\"twitter:label2\" content=\"Dur\u00e9e de lecture estim\u00e9e\" \/>\n\t<meta name=\"twitter:data2\" content=\"2 minutes\" \/>\n<script type=\"application\/ld+json\" class=\"yoast-schema-graph\">{\"@context\":\"https:\/\/schema.org\",\"@graph\":[{\"@type\":\"WebSite\",\"@id\":\"https:\/\/lafrenchcoop.fr\/site\/#website\",\"url\":\"https:\/\/lafrenchcoop.fr\/site\/\",\"name\":\"La French Coop\",\"description\":\"L&#039;\\u00e9picerie coop\\u00e9rative et participative d&#039;Asni\\u00e8res-sur-Seine !\",\"potentialAction\":[{\"@type\":\"SearchAction\",\"target\":{\"@type\":\"EntryPoint\",\"urlTemplate\":\"https:\/\/lafrenchcoop.fr\/site\/?s={search_term_string}\"},\"query-input\":\"required name=search_term_string\"}],\"inLanguage\":\"fr-FR\"},{\"@type\":\"ImageObject\",\"@id\":\"https:\/\/lafrenchcoop.fr\/site\/evenements\/forum-des-associations-2022-2023#primaryimage\",\"inLanguage\":\"fr-FR\",\"url\":\"https:\/\/lafrenchcoop.fr\/site\/wp-content\/uploads\/2022\/10\/IMG_20220903_181454.jpg\",\"contentUrl\":\"https:\/\/lafrenchcoop.fr\/site\/wp-content\/uploads\/2022\/10\/IMG_20220903_181454.jpg\",\"width\":900,\"height\":1600},{\"@type\":\"WebPage\",\"@id\":\"https:\/\/lafrenchcoop.fr\/site\/evenements\/forum-des-associations-2022-2023#webpage\",\"url\":\"https:\/\/lafrenchcoop.fr\/site\/evenements\/forum-des-associations-2022-2023\",\"name\":\"\\u00c9v\\u00e8nements - Forum des associations 2022-2023\",\"isPartOf\":{\"@id\":\"https:\/\/lafrenchcoop.fr\/site\/#website\"},\"primaryImageOfPage\":{\"@id\":\"https:\/\/lafrenchcoop.fr\/site\/evenements\/forum-des-associations-2022-2023#primaryimage\"},\"datePublished\":\"2022-09-17T17:44:13+00:00\",\"dateModified\":\"2022-10-02T18:48:11+00:00\",\"author\":{\"@id\":\"https:\/\/lafrenchcoop.fr\/site\/#\/schema\/person\/ba218cfcafb09c5becc70800de7554bf\"},\"description\":\"Apr\\u00e8s un dynamique Forum des Associations, la French Coop vous donne rendez-vous en boutique pour des sessions d'information.\",\"breadcrumb\":{\"@id\":\"https:\/\/lafrenchcoop.fr\/site\/evenements\/forum-des-associations-2022-2023#breadcrumb\"},\"inLanguage\":\"fr-FR\",\"potentialAction\":[{\"@type\":\"ReadAction\",\"target\":[\"https:\/\/lafrenchcoop.fr\/site\/evenements\/forum-des-associations-2022-2023\"]}]},{\"@type\":\"BreadcrumbList\",\"@id\":\"https:\/\/lafrenchcoop.fr\/site\/evenements\/forum-des-associations-2022-2023#breadcrumb\",\"itemListElement\":[{\"@type\":\"ListItem\",\"position\":1,\"name\":\"Accueil\",\"item\":\"https:\/\/lafrenchcoop.fr\/site\/\"},{\"@type\":\"ListItem\",\"position\":2,\"name\":\"Forum des associations 2022-2023\"}]},{\"@type\":\"Person\",\"@id\":\"https:\/\/lafrenchcoop.fr\/site\/#\/schema\/person\/ba218cfcafb09c5becc70800de7554bf\",\"name\":\"lafrenchcoop\",\"image\":{\"@type\":\"ImageObject\",\"@id\":\"https:\/\/lafrenchcoop.fr\/site\/#personlogo\",\"inLanguage\":\"fr-FR\",\"url\":\"https:\/\/secure.gravatar.com\/avatar\/f35efd74c5723ad71a999ece82bb95f4?s=96&d=mm&r=g\",\"contentUrl\":\"https:\/\/secure.gravatar.com\/avatar\/f35efd74c5723ad71a999ece82bb95f4?s=96&d=mm&r=g\",\"caption\":\"lafrenchcoop\"},\"url\":\"https:\/\/lafrenchcoop.fr\/site\/author\/lafrenchcoop\"}]}<\/script>\n<!-- \/ Yoast SEO plugin. -->","yoast_head_json":{"title":"\u00c9v\u00e8nements - Forum des associations 2022-2023","description":"Apr\u00e8s un dynamique Forum des Associations, la French Coop vous donne rendez-vous en boutique pour des sessions d'information.","robots":{"index":"index","follow":"follow","max-snippet":"max-snippet:-1","max-image-preview":"max-image-preview:large","max-video-preview":"max-video-preview:-1"},"canonical":"https:\/\/lafrenchcoop.fr\/site\/evenements\/forum-des-associations-2022-2023","og_locale":"fr_FR","og_type":"article","og_title":"\u00c9v\u00e8nements - Forum des associations 2022-2023","og_description":"Apr\u00e8s un dynamique Forum des Associations, la French Coop vous donne rendez-vous en boutique pour des sessions d'information.","og_url":"https:\/\/lafrenchcoop.fr\/site\/evenements\/forum-des-associations-2022-2023","og_site_name":"La French Coop","article_publisher":"https:\/\/www.facebook.com\/lafrenchcoop\/","article_published_time":"2022-09-17T17:44:13+00:00","article_modified_time":"2022-10-02T18:48:11+00:00","og_image":[{"width":900,"height":1600,"url":"https:\/\/lafrenchcoop.fr\/site\/wp-content\/uploads\/2022\/10\/IMG_20220903_181454.jpg","type":"image\/jpeg"}],"twitter_card":"summary_large_image","twitter_creator":"@FrenchCoop","twitter_site":"@FrenchCoop","twitter_misc":{"\u00c9crit par":"lafrenchcoop","Dur\u00e9e de lecture estim\u00e9e":"2 minutes"},"schema":{"@context":"https:\/\/schema.org","@graph":[{"@type":"WebSite","@id":"https:\/\/lafrenchcoop.fr\/site\/#website","url":"https:\/\/lafrenchcoop.fr\/site\/","name":"La French Coop","description":"L&#039;\u00e9picerie coop\u00e9rative et participative d&#039;Asni\u00e8res-sur-Seine !","potentialAction":[{"@type":"SearchAction","target":{"@type":"EntryPoint","urlTemplate":"https:\/\/lafrenchcoop.fr\/site\/?s={search_term_string}"},"query-input":"required name=search_term_string"}],"inLanguage":"fr-FR"},{"@type":"ImageObject","@id":"https:\/\/lafrenchcoop.fr\/site\/evenements\/forum-des-associations-2022-2023#primaryimage","inLanguage":"fr-FR","url":"https:\/\/lafrenchcoop.fr\/site\/wp-content\/uploads\/2022\/10\/IMG_20220903_181454.jpg","contentUrl":"https:\/\/lafrenchcoop.fr\/site\/wp-content\/uploads\/2022\/10\/IMG_20220903_181454.jpg","width":900,"height":1600},{"@type":"WebPage","@id":"https:\/\/lafrenchcoop.fr\/site\/evenements\/forum-des-associations-2022-2023#webpage","url":"https:\/\/lafrenchcoop.fr\/site\/evenements\/forum-des-associations-2022-2023","name":"\u00c9v\u00e8nements - Forum des associations 2022-2023","isPartOf":{"@id":"https:\/\/lafrenchcoop.fr\/site\/#website"},"primaryImageOfPage":{"@id":"https:\/\/lafrenchcoop.fr\/site\/evenements\/forum-des-associations-2022-2023#primaryimage"},"datePublished":"2022-09-17T17:44:13+00:00","dateModified":"2022-10-02T18:48:11+00:00","author":{"@id":"https:\/\/lafrenchcoop.fr\/site\/#\/schema\/person\/ba218cfcafb09c5becc70800de7554bf"},"description":"Apr\u00e8s un dynamique Forum des Associations, la French Coop vous donne rendez-vous en boutique pour des sessions d'information.","breadcrumb":{"@id":"https:\/\/lafrenchcoop.fr\/site\/evenements\/forum-des-associations-2022-2023#breadcrumb"},"inLanguage":"fr-FR","potentialAction":[{"@type":"ReadAction","target":["https:\/\/lafrenchcoop.fr\/site\/evenements\/forum-des-associations-2022-2023"]}]},{"@type":"BreadcrumbList","@id":"https:\/\/lafrenchcoop.fr\/site\/evenements\/forum-des-associations-2022-2023#breadcrumb","itemListElement":[{"@type":"ListItem","position":1,"name":"Accueil","item":"https:\/\/lafrenchcoop.fr\/site\/"},{"@type":"ListItem","position":2,"name":"Forum des associations 2022-2023"}]},{"@type":"Person","@id":"https:\/\/lafrenchcoop.fr\/site\/#\/schema\/person\/ba218cfcafb09c5becc70800de7554bf","name":"lafrenchcoop","image":{"@type":"ImageObject","@id":"https:\/\/lafrenchcoop.fr\/site\/#personlogo","inLanguage":"fr-FR","url":"https:\/\/secure.gravatar.com\/avatar\/f35efd74c5723ad71a999ece82bb95f4?s=96&d=mm&r=g","contentUrl":"https:\/\/secure.gravatar.com\/avatar\/f35efd74c5723ad71a999ece82bb95f4?s=96&d=mm&r=g","caption":"lafrenchcoop"},"url":"https:\/\/lafrenchcoop.fr\/site\/author\/lafrenchcoop"}]}},"_links":{"self":[{"href":"https:\/\/lafrenchcoop.fr\/site\/wp-json\/wp\/v2\/posts\/194146"}],"collection":[{"href":"https:\/\/lafrenchcoop.fr\/site\/wp-json\/wp\/v2\/posts"}],"about":[{"href":"https:\/\/lafrenchcoop.fr\/site\/wp-json\/wp\/v2\/types\/post"}],"author":[{"embeddable":true,"href":"https:\/\/lafrenchcoop.fr\/site\/wp-json\/wp\/v2\/users\/4"}],"replies":[{"embeddable":true,"href":"https:\/\/lafrenchcoop.fr\/site\/wp-json\/wp\/v2\/comments?post=194146"}],"version-history":[{"count":1,"href":"https:\/\/lafrenchcoop.fr\/site\/wp-json\/wp\/v2\/posts\/194146\/revisions"}],"predecessor-version":[{"id":194150,"href":"https:\/\/lafrenchcoop.fr\/site\/wp-json\/wp\/v2\/posts\/194146\/revisions\/194150"}],"wp:featuredmedia":[{"embeddable":true,"href":"https:\/\/lafrenchcoop.fr\/site\/wp-json\/wp\/v2\/media\/194149"}],"wp:attachment":[{"href":"https:\/\/lafrenchcoop.fr\/site\/wp-json\/wp\/v2\/media?parent=194146"}],"wp:term":[{"taxonomy":"category","embeddable":true,"href":"https:\/\/lafrenchcoop.fr\/site\/wp-json\/wp\/v2\/categories?post=194146"},{"taxonomy":"post_tag","embeddable":true,"href":"https:\/\/lafrenchcoop.fr\/site\/wp-json\/wp\/v2\/tags?post=194146"}],"curies":[{"name":"wp","href":"https:\/\/api.w.org\/{rel}","templated":true}]}}