{"id":194159,"date":"2022-10-15T15:06:59","date_gmt":"2022-10-15T13:06:59","guid":{"rendered":"https:\/\/lafrenchcoop.fr\/site\/?p=194159"},"modified":"2025-09-24T18:51:59","modified_gmt":"2025-09-24T16:51:59","slug":"horaires-douverture-venez-quand-vous-voulez","status":"publish","type":"post","link":"https:\/\/lafrenchcoop.fr\/site\/evenements\/horaires-douverture-venez-quand-vous-voulez","title":{"rendered":"[Horaires d&rsquo;ouverture] Venez quand vous voulez !"},"content":{"rendered":"\n<p class=\"has-text-align-left has-accent-color has-text-color has-medium-font-size\">Mais au moins quand c&rsquo;est ouvert \ud83d\ude01 !<\/p>\n\n\n\n<figure class=\"wp-block-gallery aligncenter columns-1\"><ul class=\"blocks-gallery-grid\"><li class=\"blocks-gallery-item\"><figure><img loading=\"lazy\" width=\"500\" height=\"471\" src=\"https:\/\/lafrenchcoop.fr\/site\/wp-content\/uploads\/2022\/10\/IMG_20221015_1238172-500x471.jpg\" alt=\"\" data-id=\"194160\" data-full-url=\"https:\/\/lafrenchcoop.fr\/site\/wp-content\/uploads\/2022\/10\/IMG_20221015_1238172.jpg\" data-link=\"https:\/\/lafrenchcoop.fr\/site\/?attachment_id=194160\" class=\"wp-image-194160\" srcset=\"https:\/\/lafrenchcoop.fr\/site\/wp-content\/uploads\/2022\/10\/IMG_20221015_1238172-500x471.jpg 500w, https:\/\/lafrenchcoop.fr\/site\/wp-content\/uploads\/2022\/10\/IMG_20221015_1238172-1024x965.jpg 1024w, https:\/\/lafrenchcoop.fr\/site\/wp-content\/uploads\/2022\/10\/IMG_20221015_1238172-768x724.jpg 768w, https:\/\/lafrenchcoop.fr\/site\/wp-content\/uploads\/2022\/10\/IMG_20221015_1238172-1536x1448.jpg 1536w, https:\/\/lafrenchcoop.fr\/site\/wp-content\/uploads\/2022\/10\/IMG_20221015_1238172-2048x1930.jpg 2048w\" sizes=\"(max-width: 500px) 100vw, 500px\" \/><\/figure><\/li><\/ul><\/figure>\n\n\n\n<div style=\"height:20px\" aria-hidden=\"true\" class=\"wp-block-spacer\"><\/div>\n\n\n\n<p><strong>La French Coop, \u00e7a n&rsquo;est pas un supermarch\u00e9 : c&rsquo;est bien plus !<\/strong><\/p>\n\n\n\n<p>Parce que la boutique, la coop\u00e9rative et l&rsquo;association vivent gr\u00e2ce \u00e0 l&rsquo;implication de chaque membre, les horaires de l&rsquo;\u00e9picerie d\u00e9pendent aussi de la disponibilit\u00e9 des volontaires. <br>M\u00eame si les horaires sont assez r\u00e9guliers, il y a parfois des variations (ex: pendant les vacances), donc voici les horaires en vigueur habituellement :<\/p>\n\n\n\n<p><\/p>\n\n\n\n<blockquote class=\"wp-block-quote\"><p>MAJ le 24\/09\/2025 :<\/p><p>lundi : 18h-20h<\/p><p>mardi : 18h-20h<\/p><p>mercredi : 11h-13h et 16h30-20h30<\/p><p>jeudi : 11h-13h et 18h30-20h30<\/p><p>vendredi : 11h-13h et 16h30-20h30<\/p><p>samedi : 09h30-13h30 et  15h00-19h00<\/p><p>dimanche : 10h30-12h30<\/p><\/blockquote>\n\n\n\n<div class=\"wp-block-columns\">\n<div class=\"wp-block-column\"><\/div>\n<\/div>\n\n\n\n<h3 class=\"has-accent-color has-text-color\">N&rsquo;h\u00e9sitez pas \u00e0 passer&#8230; mais pendant les horaires d&rsquo;ouverture bien s\u00fbr \ud83d\ude03!<\/h3>\n\n\n\n<div style=\"height:20px\" aria-hidden=\"true\" class=\"wp-block-spacer\"><\/div>\n","protected":false},"excerpt":{"rendered":"<p>Mais au moins quand c&rsquo;est ouvert \ud83d\ude01 ! La French Coop, \u00e7a n&rsquo;est pas un supermarch\u00e9 : c&rsquo;est bien plus ! Parce que la boutique, la coop\u00e9rative et l&rsquo;association vivent gr\u00e2ce \u00e0 l&rsquo;implication de chaque membre, les horaires de l&rsquo;\u00e9picerie d\u00e9pendent aussi de la disponibilit\u00e9 des volontaires. M\u00eame si les [&hellip;]<\/p>\n","protected":false},"author":4,"featured_media":194160,"comment_status":"open","ping_status":"open","sticky":false,"template":"","format":"standard","meta":[],"categories":[38,10,11],"tags":[22,42,35],"yoast_head":"<!-- This site is optimized with the Yoast SEO plugin v17.9 - https:\/\/yoast.com\/wordpress\/plugins\/seo\/ -->\n<title>\u00c9v\u00e8nements - [Horaires d&#039;ouverture] Venez quand vous voulez !<\/title>\n<meta name=\"description\" content=\"Quels sont les horaires de la boutique en ce moment?\" \/>\n<meta name=\"robots\" content=\"index, follow, max-snippet:-1, max-image-preview:large, max-video-preview:-1\" \/>\n<link rel=\"canonical\" href=\"https:\/\/lafrenchcoop.fr\/site\/evenements\/horaires-douverture-venez-quand-vous-voulez\" \/>\n<meta property=\"og:locale\" content=\"fr_FR\" \/>\n<meta property=\"og:type\" content=\"article\" \/>\n<meta property=\"og:title\" content=\"\u00c9v\u00e8nements - [Horaires d&#039;ouverture] Venez quand vous voulez !\" \/>\n<meta property=\"og:description\" content=\"Quels sont les horaires de la boutique en ce moment?\" \/>\n<meta property=\"og:url\" content=\"https:\/\/lafrenchcoop.fr\/site\/evenements\/horaires-douverture-venez-quand-vous-voulez\" \/>\n<meta property=\"og:site_name\" content=\"La French Coop\" \/>\n<meta property=\"article:publisher\" content=\"https:\/\/www.facebook.com\/lafrenchcoop\/\" \/>\n<meta property=\"article:published_time\" content=\"2022-10-15T13:06:59+00:00\" \/>\n<meta property=\"article:modified_time\" content=\"2025-09-24T16:51:59+00:00\" \/>\n<meta property=\"og:image\" content=\"https:\/\/lafrenchcoop.fr\/site\/wp-content\/uploads\/2022\/10\/IMG_20221015_1238172.jpg\" \/>\n\t<meta property=\"og:image:width\" content=\"2157\" \/>\n\t<meta property=\"og:image:height\" content=\"2033\" \/>\n\t<meta property=\"og:image:type\" content=\"image\/jpeg\" \/>\n<meta name=\"twitter:card\" content=\"summary_large_image\" \/>\n<meta name=\"twitter:creator\" content=\"@FrenchCoop\" \/>\n<meta name=\"twitter:site\" content=\"@FrenchCoop\" \/>\n<meta name=\"twitter:label1\" content=\"\u00c9crit par\" \/>\n\t<meta name=\"twitter:data1\" content=\"lafrenchcoop\" \/>\n\t<meta name=\"twitter:label2\" content=\"Dur\u00e9e de lecture estim\u00e9e\" \/>\n\t<meta name=\"twitter:data2\" content=\"1 minute\" \/>\n<script type=\"application\/ld+json\" class=\"yoast-schema-graph\">{\"@context\":\"https:\/\/schema.org\",\"@graph\":[{\"@type\":\"WebSite\",\"@id\":\"https:\/\/lafrenchcoop.fr\/site\/#website\",\"url\":\"https:\/\/lafrenchcoop.fr\/site\/\",\"name\":\"La French Coop\",\"description\":\"L&#039;\\u00e9picerie coop\\u00e9rative et participative d&#039;Asni\\u00e8res-sur-Seine !\",\"potentialAction\":[{\"@type\":\"SearchAction\",\"target\":{\"@type\":\"EntryPoint\",\"urlTemplate\":\"https:\/\/lafrenchcoop.fr\/site\/?s={search_term_string}\"},\"query-input\":\"required name=search_term_string\"}],\"inLanguage\":\"fr-FR\"},{\"@type\":\"ImageObject\",\"@id\":\"https:\/\/lafrenchcoop.fr\/site\/evenements\/horaires-douverture-venez-quand-vous-voulez#primaryimage\",\"inLanguage\":\"fr-FR\",\"url\":\"https:\/\/lafrenchcoop.fr\/site\/wp-content\/uploads\/2022\/10\/IMG_20221015_1238172.jpg\",\"contentUrl\":\"https:\/\/lafrenchcoop.fr\/site\/wp-content\/uploads\/2022\/10\/IMG_20221015_1238172.jpg\",\"width\":2157,\"height\":2033},{\"@type\":\"WebPage\",\"@id\":\"https:\/\/lafrenchcoop.fr\/site\/evenements\/horaires-douverture-venez-quand-vous-voulez#webpage\",\"url\":\"https:\/\/lafrenchcoop.fr\/site\/evenements\/horaires-douverture-venez-quand-vous-voulez\",\"name\":\"\\u00c9v\\u00e8nements - [Horaires d'ouverture] Venez quand vous voulez !\",\"isPartOf\":{\"@id\":\"https:\/\/lafrenchcoop.fr\/site\/#website\"},\"primaryImageOfPage\":{\"@id\":\"https:\/\/lafrenchcoop.fr\/site\/evenements\/horaires-douverture-venez-quand-vous-voulez#primaryimage\"},\"datePublished\":\"2022-10-15T13:06:59+00:00\",\"dateModified\":\"2025-09-24T16:51:59+00:00\",\"author\":{\"@id\":\"https:\/\/lafrenchcoop.fr\/site\/#\/schema\/person\/ba218cfcafb09c5becc70800de7554bf\"},\"description\":\"Quels sont les horaires de la boutique en ce moment?\",\"breadcrumb\":{\"@id\":\"https:\/\/lafrenchcoop.fr\/site\/evenements\/horaires-douverture-venez-quand-vous-voulez#breadcrumb\"},\"inLanguage\":\"fr-FR\",\"potentialAction\":[{\"@type\":\"ReadAction\",\"target\":[\"https:\/\/lafrenchcoop.fr\/site\/evenements\/horaires-douverture-venez-quand-vous-voulez\"]}]},{\"@type\":\"BreadcrumbList\",\"@id\":\"https:\/\/lafrenchcoop.fr\/site\/evenements\/horaires-douverture-venez-quand-vous-voulez#breadcrumb\",\"itemListElement\":[{\"@type\":\"ListItem\",\"position\":1,\"name\":\"Accueil\",\"item\":\"https:\/\/lafrenchcoop.fr\/site\/\"},{\"@type\":\"ListItem\",\"position\":2,\"name\":\"[Horaires d&rsquo;ouverture] Venez quand vous voulez !\"}]},{\"@type\":\"Person\",\"@id\":\"https:\/\/lafrenchcoop.fr\/site\/#\/schema\/person\/ba218cfcafb09c5becc70800de7554bf\",\"name\":\"lafrenchcoop\",\"image\":{\"@type\":\"ImageObject\",\"@id\":\"https:\/\/lafrenchcoop.fr\/site\/#personlogo\",\"inLanguage\":\"fr-FR\",\"url\":\"https:\/\/secure.gravatar.com\/avatar\/f35efd74c5723ad71a999ece82bb95f4?s=96&d=mm&r=g\",\"contentUrl\":\"https:\/\/secure.gravatar.com\/avatar\/f35efd74c5723ad71a999ece82bb95f4?s=96&d=mm&r=g\",\"caption\":\"lafrenchcoop\"},\"url\":\"https:\/\/lafrenchcoop.fr\/site\/author\/lafrenchcoop\"}]}<\/script>\n<!-- \/ Yoast SEO plugin. -->","yoast_head_json":{"title":"\u00c9v\u00e8nements - [Horaires d'ouverture] Venez quand vous voulez !","description":"Quels sont les horaires de la boutique en ce moment?","robots":{"index":"index","follow":"follow","max-snippet":"max-snippet:-1","max-image-preview":"max-image-preview:large","max-video-preview":"max-video-preview:-1"},"canonical":"https:\/\/lafrenchcoop.fr\/site\/evenements\/horaires-douverture-venez-quand-vous-voulez","og_locale":"fr_FR","og_type":"article","og_title":"\u00c9v\u00e8nements - [Horaires d'ouverture] Venez quand vous voulez !","og_description":"Quels sont les horaires de la boutique en ce moment?","og_url":"https:\/\/lafrenchcoop.fr\/site\/evenements\/horaires-douverture-venez-quand-vous-voulez","og_site_name":"La French Coop","article_publisher":"https:\/\/www.facebook.com\/lafrenchcoop\/","article_published_time":"2022-10-15T13:06:59+00:00","article_modified_time":"2025-09-24T16:51:59+00:00","og_image":[{"width":2157,"height":2033,"url":"https:\/\/lafrenchcoop.fr\/site\/wp-content\/uploads\/2022\/10\/IMG_20221015_1238172.jpg","type":"image\/jpeg"}],"twitter_card":"summary_large_image","twitter_creator":"@FrenchCoop","twitter_site":"@FrenchCoop","twitter_misc":{"\u00c9crit par":"lafrenchcoop","Dur\u00e9e de lecture estim\u00e9e":"1 minute"},"schema":{"@context":"https:\/\/schema.org","@graph":[{"@type":"WebSite","@id":"https:\/\/lafrenchcoop.fr\/site\/#website","url":"https:\/\/lafrenchcoop.fr\/site\/","name":"La French Coop","description":"L&#039;\u00e9picerie coop\u00e9rative et participative d&#039;Asni\u00e8res-sur-Seine !","potentialAction":[{"@type":"SearchAction","target":{"@type":"EntryPoint","urlTemplate":"https:\/\/lafrenchcoop.fr\/site\/?s={search_term_string}"},"query-input":"required name=search_term_string"}],"inLanguage":"fr-FR"},{"@type":"ImageObject","@id":"https:\/\/lafrenchcoop.fr\/site\/evenements\/horaires-douverture-venez-quand-vous-voulez#primaryimage","inLanguage":"fr-FR","url":"https:\/\/lafrenchcoop.fr\/site\/wp-content\/uploads\/2022\/10\/IMG_20221015_1238172.jpg","contentUrl":"https:\/\/lafrenchcoop.fr\/site\/wp-content\/uploads\/2022\/10\/IMG_20221015_1238172.jpg","width":2157,"height":2033},{"@type":"WebPage","@id":"https:\/\/lafrenchcoop.fr\/site\/evenements\/horaires-douverture-venez-quand-vous-voulez#webpage","url":"https:\/\/lafrenchcoop.fr\/site\/evenements\/horaires-douverture-venez-quand-vous-voulez","name":"\u00c9v\u00e8nements - [Horaires d'ouverture] Venez quand vous voulez !","isPartOf":{"@id":"https:\/\/lafrenchcoop.fr\/site\/#website"},"primaryImageOfPage":{"@id":"https:\/\/lafrenchcoop.fr\/site\/evenements\/horaires-douverture-venez-quand-vous-voulez#primaryimage"},"datePublished":"2022-10-15T13:06:59+00:00","dateModified":"2025-09-24T16:51:59+00:00","author":{"@id":"https:\/\/lafrenchcoop.fr\/site\/#\/schema\/person\/ba218cfcafb09c5becc70800de7554bf"},"description":"Quels sont les horaires de la boutique en ce moment?","breadcrumb":{"@id":"https:\/\/lafrenchcoop.fr\/site\/evenements\/horaires-douverture-venez-quand-vous-voulez#breadcrumb"},"inLanguage":"fr-FR","potentialAction":[{"@type":"ReadAction","target":["https:\/\/lafrenchcoop.fr\/site\/evenements\/horaires-douverture-venez-quand-vous-voulez"]}]},{"@type":"BreadcrumbList","@id":"https:\/\/lafrenchcoop.fr\/site\/evenements\/horaires-douverture-venez-quand-vous-voulez#breadcrumb","itemListElement":[{"@type":"ListItem","position":1,"name":"Accueil","item":"https:\/\/lafrenchcoop.fr\/site\/"},{"@type":"ListItem","position":2,"name":"[Horaires d&rsquo;ouverture] Venez quand vous voulez !"}]},{"@type":"Person","@id":"https:\/\/lafrenchcoop.fr\/site\/#\/schema\/person\/ba218cfcafb09c5becc70800de7554bf","name":"lafrenchcoop","image":{"@type":"ImageObject","@id":"https:\/\/lafrenchcoop.fr\/site\/#personlogo","inLanguage":"fr-FR","url":"https:\/\/secure.gravatar.com\/avatar\/f35efd74c5723ad71a999ece82bb95f4?s=96&d=mm&r=g","contentUrl":"https:\/\/secure.gravatar.com\/avatar\/f35efd74c5723ad71a999ece82bb95f4?s=96&d=mm&r=g","caption":"lafrenchcoop"},"url":"https:\/\/lafrenchcoop.fr\/site\/author\/lafrenchcoop"}]}},"_links":{"self":[{"href":"https:\/\/lafrenchcoop.fr\/site\/wp-json\/wp\/v2\/posts\/194159"}],"collection":[{"href":"https:\/\/lafrenchcoop.fr\/site\/wp-json\/wp\/v2\/posts"}],"about":[{"href":"https:\/\/lafrenchcoop.fr\/site\/wp-json\/wp\/v2\/types\/post"}],"author":[{"embeddable":true,"href":"https:\/\/lafrenchcoop.fr\/site\/wp-json\/wp\/v2\/users\/4"}],"replies":[{"embeddable":true,"href":"https:\/\/lafrenchcoop.fr\/site\/wp-json\/wp\/v2\/comments?post=194159"}],"version-history":[{"count":8,"href":"https:\/\/lafrenchcoop.fr\/site\/wp-json\/wp\/v2\/posts\/194159\/revisions"}],"predecessor-version":[{"id":194485,"href":"https:\/\/lafrenchcoop.fr\/site\/wp-json\/wp\/v2\/posts\/194159\/revisions\/194485"}],"wp:featuredmedia":[{"embeddable":true,"href":"https:\/\/lafrenchcoop.fr\/site\/wp-json\/wp\/v2\/media\/194160"}],"wp:attachment":[{"href":"https:\/\/lafrenchcoop.fr\/site\/wp-json\/wp\/v2\/media?parent=194159"}],"wp:term":[{"taxonomy":"category","embeddable":true,"href":"https:\/\/lafrenchcoop.fr\/site\/wp-json\/wp\/v2\/categories?post=194159"},{"taxonomy":"post_tag","embeddable":true,"href":"https:\/\/lafrenchcoop.fr\/site\/wp-json\/wp\/v2\/tags?post=194159"}],"curies":[{"name":"wp","href":"https:\/\/api.w.org\/{rel}","templated":true}]}}