{"id":194170,"date":"2022-11-05T15:52:40","date_gmt":"2022-11-05T14:52:40","guid":{"rendered":"https:\/\/lafrenchcoop.fr\/site\/?p=194170"},"modified":"2022-11-05T15:52:42","modified_gmt":"2022-11-05T14:52:42","slug":"prochaine-reunion-dinfo-le-lundi-14-novembre","status":"publish","type":"post","link":"https:\/\/lafrenchcoop.fr\/site\/evenements\/prochaine-reunion-dinfo-le-lundi-14-novembre","title":{"rendered":"Prochaine r\u00e9union d&rsquo;info le lundi 14 novembre"},"content":{"rendered":"\n<h3 class=\"has-accent-color has-text-color\"><strong>Les prix sont-ils abordables? Cela prend-il du temps? Toutes les questions trouveront leurs r\u00e9ponses !<\/strong><\/h3>\n\n\n\n<p class=\"has-text-align-left has-black-color has-text-color has-medium-font-size\"><strong>Adh\u00e9rents, Futurs adh\u00e9rents, la r\u00e9union d\u2018information est l\u00e0 pour vous&nbsp;!<\/strong><\/p>\n\n\n\n<p>L\u2019\u00e9quipe de la French Coop ouvre les portes de l\u2019\u00e9picerie une fois par mois, pour une r\u00e9union d\u2019information et de rencontre, \u00e0 la boutique. Attention, sur le mois de novembre, ce sera le 14 au lieu du 13 ! <\/p>\n\n\n\n<p><strong>Rendez-vous donc le lundi 14 au soir!<\/strong><\/p>\n\n\n\n<figure class=\"wp-block-image size-large is-resized\"><img src=\"https:\/\/lafrenchcoop.fr\/site\/wp-content\/uploads\/2022\/11\/IMG_20211216_182441-576x1024.jpg\" alt=\"\" class=\"wp-image-194175\" width=\"400\" srcset=\"https:\/\/lafrenchcoop.fr\/site\/wp-content\/uploads\/2022\/11\/IMG_20211216_182441-576x1024.jpg 576w, https:\/\/lafrenchcoop.fr\/site\/wp-content\/uploads\/2022\/11\/IMG_20211216_182441-500x889.jpg 500w, https:\/\/lafrenchcoop.fr\/site\/wp-content\/uploads\/2022\/11\/IMG_20211216_182441-768x1365.jpg 768w, https:\/\/lafrenchcoop.fr\/site\/wp-content\/uploads\/2022\/11\/IMG_20211216_182441-864x1536.jpg 864w, https:\/\/lafrenchcoop.fr\/site\/wp-content\/uploads\/2022\/11\/IMG_20211216_182441-1152x2048.jpg 1152w, https:\/\/lafrenchcoop.fr\/site\/wp-content\/uploads\/2022\/11\/IMG_20211216_182441-scaled.jpg 1440w\" sizes=\"(max-width: 576px) 100vw, 576px\" \/><\/figure>\n\n\n\n<p>Comment se passent ces r\u00e9unions\u00a0?<\/p>\n\n\n\n<p><strong>A partir de 20h00&nbsp;:<\/strong> visite de la boutique, explication du fonctionnement, r\u00e9ponses aux questions sur l\u2019organisation, les produits, les permanences, les activit\u00e9s associatives. Et surtout l&rsquo;opportunit\u00e9 de comprendre pourquoi la French Coop \u00e7a n&rsquo;est ni un supermarch\u00e9, ni une \u00e9picerie, ni un magasin bio, mais &#8230; bien plus !<\/p>\n\n\n\n<blockquote class=\"wp-block-quote\"><p>On vient avant tout pour les valeurs, le projet !<\/p><\/blockquote>\n\n\n\n<p><strong>Vers 20h30, <\/strong>les cooperat.eur.rice.s sont les bienvenus pour partager leur exp\u00e9rience, et un verre, car c\u2019est aussi l\u2019occasion de go\u00fbter quelques produits&nbsp;! Jus, vins, bi\u00e8res, d\u00e9couverte de la Kombutcha pour certain, petits crakers \u00e9co-responsables, biscuits sucr\u00e9s.<\/p>\n\n\n\n<p>On peut d\u00e9couvrir ainsi certains produits et on a \u00e9galement des explications suppl\u00e9mentaires pour d\u00e9couvrir l\u2019histoire des producteurs s\u00e9lectionn\u00e9s par le Groupe de Travail Producteurs et avoir des avis de ce qui est propos\u00e9 en rayon.<\/p>\n\n\n\n<blockquote class=\"wp-block-quote\"><p>On d\u00e9couvre non seulement les produits, mais aussi les histoires derri\u00e8re: les producteurs, leurs m\u00e9thodes, leurs engagements. Parfois on a m\u00eame la possibilit\u00e9 d&rsquo;aller les voir, comme on a fait avec notre brasseur et notre boulanger !<\/p><\/blockquote>\n\n\n\n<figure class=\"wp-block-image size-large is-resized\"><img loading=\"lazy\" src=\"https:\/\/lafrenchcoop.fr\/site\/wp-content\/uploads\/2022\/09\/20220913_reunionvisuels-1024x242.jpg\" alt=\"\" class=\"wp-image-194140\" width=\"512\" height=\"121\" srcset=\"https:\/\/lafrenchcoop.fr\/site\/wp-content\/uploads\/2022\/09\/20220913_reunionvisuels-1024x242.jpg 1024w, https:\/\/lafrenchcoop.fr\/site\/wp-content\/uploads\/2022\/09\/20220913_reunionvisuels-500x118.jpg 500w, https:\/\/lafrenchcoop.fr\/site\/wp-content\/uploads\/2022\/09\/20220913_reunionvisuels-768x181.jpg 768w, https:\/\/lafrenchcoop.fr\/site\/wp-content\/uploads\/2022\/09\/20220913_reunionvisuels.jpg 1064w\" sizes=\"(max-width: 512px) 100vw, 512px\" \/><\/figure>\n\n\n\n<p>N\u2019h\u00e9sitez pas \u00e0 venir pour d\u00e9couvrir la coop\u00e9rative La French Coop, en boutique au 23 rue de Bretagne\u00a0!<\/p>\n\n\n\n<p>Vous voulez en savoir plus? <strong>Venez \u00e0 la r\u00e9union d&rsquo;information !<\/strong><\/p>\n\n\n\n<div style=\"height:20px\" aria-hidden=\"true\" class=\"wp-block-spacer\"><\/div>\n\n\n\n<div style=\"height:20px\" aria-hidden=\"true\" class=\"wp-block-spacer\"><\/div>\n","protected":false},"excerpt":{"rendered":"<p>Les prix sont-ils abordables? Cela prend-il du temps? Toutes les questions trouveront leurs r\u00e9ponses ! Adh\u00e9rents, Futurs adh\u00e9rents, la r\u00e9union d\u2018information est l\u00e0 pour vous&nbsp;! L\u2019\u00e9quipe de la French Coop ouvre les portes de l\u2019\u00e9picerie une fois par mois, pour une r\u00e9union d\u2019information et de rencontre, \u00e0 la boutique. Attention, [&hellip;]<\/p>\n","protected":false},"author":4,"featured_media":194175,"comment_status":"open","ping_status":"open","sticky":false,"template":"","format":"standard","meta":[],"categories":[10],"tags":[22,42,23,49,35],"yoast_head":"<!-- This site is optimized with the Yoast SEO plugin v17.9 - https:\/\/yoast.com\/wordpress\/plugins\/seo\/ -->\n<title>\u00c9v\u00e8nements - Prochaine r\u00e9union d&#039;info le lundi 14 novembre<\/title>\n<meta name=\"description\" content=\"Vous souhaitez en savoir plus sur la French Coop, l&#039;\u00e9picerie coop\u00e9rative d&#039;Asni\u00e8res-sur-Seine? Venez \u00e0 la r\u00e9union d&#039;information une fois par mois \u00e0 20h en boutique !\" \/>\n<meta name=\"robots\" content=\"index, follow, max-snippet:-1, max-image-preview:large, max-video-preview:-1\" \/>\n<link rel=\"canonical\" href=\"https:\/\/lafrenchcoop.fr\/site\/evenements\/prochaine-reunion-dinfo-le-lundi-14-novembre\" \/>\n<meta property=\"og:locale\" content=\"fr_FR\" \/>\n<meta property=\"og:type\" content=\"article\" \/>\n<meta property=\"og:title\" content=\"\u00c9v\u00e8nements - Prochaine r\u00e9union d&#039;info le lundi 14 novembre\" \/>\n<meta property=\"og:description\" content=\"Vous souhaitez en savoir plus sur la French Coop, l&#039;\u00e9picerie coop\u00e9rative d&#039;Asni\u00e8res-sur-Seine? Venez \u00e0 la r\u00e9union d&#039;information une fois par mois \u00e0 20h en boutique !\" \/>\n<meta property=\"og:url\" content=\"https:\/\/lafrenchcoop.fr\/site\/evenements\/prochaine-reunion-dinfo-le-lundi-14-novembre\" \/>\n<meta property=\"og:site_name\" content=\"La French Coop\" \/>\n<meta property=\"article:publisher\" content=\"https:\/\/www.facebook.com\/lafrenchcoop\/\" \/>\n<meta property=\"article:published_time\" content=\"2022-11-05T14:52:40+00:00\" \/>\n<meta property=\"article:modified_time\" content=\"2022-11-05T14:52:42+00:00\" \/>\n<meta property=\"og:image\" content=\"https:\/\/lafrenchcoop.fr\/site\/wp-content\/uploads\/2022\/11\/IMG_20211216_182441-scaled.jpg\" \/>\n\t<meta property=\"og:image:width\" content=\"1440\" \/>\n\t<meta property=\"og:image:height\" content=\"2560\" \/>\n\t<meta property=\"og:image:type\" content=\"image\/jpeg\" \/>\n<meta name=\"twitter:card\" content=\"summary_large_image\" \/>\n<meta name=\"twitter:creator\" content=\"@FrenchCoop\" \/>\n<meta name=\"twitter:site\" content=\"@FrenchCoop\" \/>\n<meta name=\"twitter:label1\" content=\"\u00c9crit par\" \/>\n\t<meta name=\"twitter:data1\" content=\"lafrenchcoop\" \/>\n\t<meta name=\"twitter:label2\" content=\"Dur\u00e9e de lecture estim\u00e9e\" \/>\n\t<meta name=\"twitter:data2\" content=\"2 minutes\" \/>\n<script type=\"application\/ld+json\" class=\"yoast-schema-graph\">{\"@context\":\"https:\/\/schema.org\",\"@graph\":[{\"@type\":\"WebSite\",\"@id\":\"https:\/\/lafrenchcoop.fr\/site\/#website\",\"url\":\"https:\/\/lafrenchcoop.fr\/site\/\",\"name\":\"La French Coop\",\"description\":\"L&#039;\\u00e9picerie coop\\u00e9rative et participative d&#039;Asni\\u00e8res-sur-Seine !\",\"potentialAction\":[{\"@type\":\"SearchAction\",\"target\":{\"@type\":\"EntryPoint\",\"urlTemplate\":\"https:\/\/lafrenchcoop.fr\/site\/?s={search_term_string}\"},\"query-input\":\"required name=search_term_string\"}],\"inLanguage\":\"fr-FR\"},{\"@type\":\"ImageObject\",\"@id\":\"https:\/\/lafrenchcoop.fr\/site\/evenements\/prochaine-reunion-dinfo-le-lundi-14-novembre#primaryimage\",\"inLanguage\":\"fr-FR\",\"url\":\"https:\/\/lafrenchcoop.fr\/site\/wp-content\/uploads\/2022\/11\/IMG_20211216_182441-scaled.jpg\",\"contentUrl\":\"https:\/\/lafrenchcoop.fr\/site\/wp-content\/uploads\/2022\/11\/IMG_20211216_182441-scaled.jpg\",\"width\":1440,\"height\":2560},{\"@type\":\"WebPage\",\"@id\":\"https:\/\/lafrenchcoop.fr\/site\/evenements\/prochaine-reunion-dinfo-le-lundi-14-novembre#webpage\",\"url\":\"https:\/\/lafrenchcoop.fr\/site\/evenements\/prochaine-reunion-dinfo-le-lundi-14-novembre\",\"name\":\"\\u00c9v\\u00e8nements - Prochaine r\\u00e9union d'info le lundi 14 novembre\",\"isPartOf\":{\"@id\":\"https:\/\/lafrenchcoop.fr\/site\/#website\"},\"primaryImageOfPage\":{\"@id\":\"https:\/\/lafrenchcoop.fr\/site\/evenements\/prochaine-reunion-dinfo-le-lundi-14-novembre#primaryimage\"},\"datePublished\":\"2022-11-05T14:52:40+00:00\",\"dateModified\":\"2022-11-05T14:52:42+00:00\",\"author\":{\"@id\":\"https:\/\/lafrenchcoop.fr\/site\/#\/schema\/person\/ba218cfcafb09c5becc70800de7554bf\"},\"description\":\"Vous souhaitez en savoir plus sur la French Coop, l'\\u00e9picerie coop\\u00e9rative d'Asni\\u00e8res-sur-Seine? Venez \\u00e0 la r\\u00e9union d'information une fois par mois \\u00e0 20h en boutique !\",\"breadcrumb\":{\"@id\":\"https:\/\/lafrenchcoop.fr\/site\/evenements\/prochaine-reunion-dinfo-le-lundi-14-novembre#breadcrumb\"},\"inLanguage\":\"fr-FR\",\"potentialAction\":[{\"@type\":\"ReadAction\",\"target\":[\"https:\/\/lafrenchcoop.fr\/site\/evenements\/prochaine-reunion-dinfo-le-lundi-14-novembre\"]}]},{\"@type\":\"BreadcrumbList\",\"@id\":\"https:\/\/lafrenchcoop.fr\/site\/evenements\/prochaine-reunion-dinfo-le-lundi-14-novembre#breadcrumb\",\"itemListElement\":[{\"@type\":\"ListItem\",\"position\":1,\"name\":\"Accueil\",\"item\":\"https:\/\/lafrenchcoop.fr\/site\/\"},{\"@type\":\"ListItem\",\"position\":2,\"name\":\"Prochaine r\\u00e9union d&rsquo;info le lundi 14 novembre\"}]},{\"@type\":\"Person\",\"@id\":\"https:\/\/lafrenchcoop.fr\/site\/#\/schema\/person\/ba218cfcafb09c5becc70800de7554bf\",\"name\":\"lafrenchcoop\",\"image\":{\"@type\":\"ImageObject\",\"@id\":\"https:\/\/lafrenchcoop.fr\/site\/#personlogo\",\"inLanguage\":\"fr-FR\",\"url\":\"https:\/\/secure.gravatar.com\/avatar\/f35efd74c5723ad71a999ece82bb95f4?s=96&d=mm&r=g\",\"contentUrl\":\"https:\/\/secure.gravatar.com\/avatar\/f35efd74c5723ad71a999ece82bb95f4?s=96&d=mm&r=g\",\"caption\":\"lafrenchcoop\"},\"url\":\"https:\/\/lafrenchcoop.fr\/site\/author\/lafrenchcoop\"}]}<\/script>\n<!-- \/ Yoast SEO plugin. -->","yoast_head_json":{"title":"\u00c9v\u00e8nements - Prochaine r\u00e9union d'info le lundi 14 novembre","description":"Vous souhaitez en savoir plus sur la French Coop, l'\u00e9picerie coop\u00e9rative d'Asni\u00e8res-sur-Seine? Venez \u00e0 la r\u00e9union d'information une fois par mois \u00e0 20h en boutique !","robots":{"index":"index","follow":"follow","max-snippet":"max-snippet:-1","max-image-preview":"max-image-preview:large","max-video-preview":"max-video-preview:-1"},"canonical":"https:\/\/lafrenchcoop.fr\/site\/evenements\/prochaine-reunion-dinfo-le-lundi-14-novembre","og_locale":"fr_FR","og_type":"article","og_title":"\u00c9v\u00e8nements - Prochaine r\u00e9union d'info le lundi 14 novembre","og_description":"Vous souhaitez en savoir plus sur la French Coop, l'\u00e9picerie coop\u00e9rative d'Asni\u00e8res-sur-Seine? Venez \u00e0 la r\u00e9union d'information une fois par mois \u00e0 20h en boutique !","og_url":"https:\/\/lafrenchcoop.fr\/site\/evenements\/prochaine-reunion-dinfo-le-lundi-14-novembre","og_site_name":"La French Coop","article_publisher":"https:\/\/www.facebook.com\/lafrenchcoop\/","article_published_time":"2022-11-05T14:52:40+00:00","article_modified_time":"2022-11-05T14:52:42+00:00","og_image":[{"width":1440,"height":2560,"url":"https:\/\/lafrenchcoop.fr\/site\/wp-content\/uploads\/2022\/11\/IMG_20211216_182441-scaled.jpg","type":"image\/jpeg"}],"twitter_card":"summary_large_image","twitter_creator":"@FrenchCoop","twitter_site":"@FrenchCoop","twitter_misc":{"\u00c9crit par":"lafrenchcoop","Dur\u00e9e de lecture estim\u00e9e":"2 minutes"},"schema":{"@context":"https:\/\/schema.org","@graph":[{"@type":"WebSite","@id":"https:\/\/lafrenchcoop.fr\/site\/#website","url":"https:\/\/lafrenchcoop.fr\/site\/","name":"La French Coop","description":"L&#039;\u00e9picerie coop\u00e9rative et participative d&#039;Asni\u00e8res-sur-Seine !","potentialAction":[{"@type":"SearchAction","target":{"@type":"EntryPoint","urlTemplate":"https:\/\/lafrenchcoop.fr\/site\/?s={search_term_string}"},"query-input":"required name=search_term_string"}],"inLanguage":"fr-FR"},{"@type":"ImageObject","@id":"https:\/\/lafrenchcoop.fr\/site\/evenements\/prochaine-reunion-dinfo-le-lundi-14-novembre#primaryimage","inLanguage":"fr-FR","url":"https:\/\/lafrenchcoop.fr\/site\/wp-content\/uploads\/2022\/11\/IMG_20211216_182441-scaled.jpg","contentUrl":"https:\/\/lafrenchcoop.fr\/site\/wp-content\/uploads\/2022\/11\/IMG_20211216_182441-scaled.jpg","width":1440,"height":2560},{"@type":"WebPage","@id":"https:\/\/lafrenchcoop.fr\/site\/evenements\/prochaine-reunion-dinfo-le-lundi-14-novembre#webpage","url":"https:\/\/lafrenchcoop.fr\/site\/evenements\/prochaine-reunion-dinfo-le-lundi-14-novembre","name":"\u00c9v\u00e8nements - Prochaine r\u00e9union d'info le lundi 14 novembre","isPartOf":{"@id":"https:\/\/lafrenchcoop.fr\/site\/#website"},"primaryImageOfPage":{"@id":"https:\/\/lafrenchcoop.fr\/site\/evenements\/prochaine-reunion-dinfo-le-lundi-14-novembre#primaryimage"},"datePublished":"2022-11-05T14:52:40+00:00","dateModified":"2022-11-05T14:52:42+00:00","author":{"@id":"https:\/\/lafrenchcoop.fr\/site\/#\/schema\/person\/ba218cfcafb09c5becc70800de7554bf"},"description":"Vous souhaitez en savoir plus sur la French Coop, l'\u00e9picerie coop\u00e9rative d'Asni\u00e8res-sur-Seine? Venez \u00e0 la r\u00e9union d'information une fois par mois \u00e0 20h en boutique !","breadcrumb":{"@id":"https:\/\/lafrenchcoop.fr\/site\/evenements\/prochaine-reunion-dinfo-le-lundi-14-novembre#breadcrumb"},"inLanguage":"fr-FR","potentialAction":[{"@type":"ReadAction","target":["https:\/\/lafrenchcoop.fr\/site\/evenements\/prochaine-reunion-dinfo-le-lundi-14-novembre"]}]},{"@type":"BreadcrumbList","@id":"https:\/\/lafrenchcoop.fr\/site\/evenements\/prochaine-reunion-dinfo-le-lundi-14-novembre#breadcrumb","itemListElement":[{"@type":"ListItem","position":1,"name":"Accueil","item":"https:\/\/lafrenchcoop.fr\/site\/"},{"@type":"ListItem","position":2,"name":"Prochaine r\u00e9union d&rsquo;info le lundi 14 novembre"}]},{"@type":"Person","@id":"https:\/\/lafrenchcoop.fr\/site\/#\/schema\/person\/ba218cfcafb09c5becc70800de7554bf","name":"lafrenchcoop","image":{"@type":"ImageObject","@id":"https:\/\/lafrenchcoop.fr\/site\/#personlogo","inLanguage":"fr-FR","url":"https:\/\/secure.gravatar.com\/avatar\/f35efd74c5723ad71a999ece82bb95f4?s=96&d=mm&r=g","contentUrl":"https:\/\/secure.gravatar.com\/avatar\/f35efd74c5723ad71a999ece82bb95f4?s=96&d=mm&r=g","caption":"lafrenchcoop"},"url":"https:\/\/lafrenchcoop.fr\/site\/author\/lafrenchcoop"}]}},"_links":{"self":[{"href":"https:\/\/lafrenchcoop.fr\/site\/wp-json\/wp\/v2\/posts\/194170"}],"collection":[{"href":"https:\/\/lafrenchcoop.fr\/site\/wp-json\/wp\/v2\/posts"}],"about":[{"href":"https:\/\/lafrenchcoop.fr\/site\/wp-json\/wp\/v2\/types\/post"}],"author":[{"embeddable":true,"href":"https:\/\/lafrenchcoop.fr\/site\/wp-json\/wp\/v2\/users\/4"}],"replies":[{"embeddable":true,"href":"https:\/\/lafrenchcoop.fr\/site\/wp-json\/wp\/v2\/comments?post=194170"}],"version-history":[{"count":1,"href":"https:\/\/lafrenchcoop.fr\/site\/wp-json\/wp\/v2\/posts\/194170\/revisions"}],"predecessor-version":[{"id":194176,"href":"https:\/\/lafrenchcoop.fr\/site\/wp-json\/wp\/v2\/posts\/194170\/revisions\/194176"}],"wp:featuredmedia":[{"embeddable":true,"href":"https:\/\/lafrenchcoop.fr\/site\/wp-json\/wp\/v2\/media\/194175"}],"wp:attachment":[{"href":"https:\/\/lafrenchcoop.fr\/site\/wp-json\/wp\/v2\/media?parent=194170"}],"wp:term":[{"taxonomy":"category","embeddable":true,"href":"https:\/\/lafrenchcoop.fr\/site\/wp-json\/wp\/v2\/categories?post=194170"},{"taxonomy":"post_tag","embeddable":true,"href":"https:\/\/lafrenchcoop.fr\/site\/wp-json\/wp\/v2\/tags?post=194170"}],"curies":[{"name":"wp","href":"https:\/\/api.w.org\/{rel}","templated":true}]}}