{"id":194190,"date":"2022-11-24T23:13:49","date_gmt":"2022-11-24T22:13:49","guid":{"rendered":"https:\/\/lafrenchcoop.fr\/site\/?p=194190"},"modified":"2022-12-06T14:58:08","modified_gmt":"2022-12-06T13:58:08","slug":"livres-de-cuisine-avec-le-sel-et-le-bouquin-volant","status":"publish","type":"post","link":"https:\/\/lafrenchcoop.fr\/site\/evenements\/livres-de-cuisine-avec-le-sel-et-le-bouquin-volant","title":{"rendered":"Livres de Cuisine avec le SEL et le Bouquin Volant"},"content":{"rendered":"\n<p class=\"has-text-align-left has-accent-color has-text-color has-medium-font-size\">De la lecture qui donne l&rsquo;eau \u00e0 la bouche !<\/p>\n\n\n\n<figure class=\"wp-block-image size-large is-resized\"><img loading=\"lazy\" src=\"https:\/\/lafrenchcoop.fr\/site\/wp-content\/uploads\/2022\/12\/livres_IMG_20221119_130645-576x1024.jpg\" alt=\"\" class=\"wp-image-194208\" width=\"432\" height=\"768\" srcset=\"https:\/\/lafrenchcoop.fr\/site\/wp-content\/uploads\/2022\/12\/livres_IMG_20221119_130645-576x1024.jpg 576w, https:\/\/lafrenchcoop.fr\/site\/wp-content\/uploads\/2022\/12\/livres_IMG_20221119_130645-500x888.jpg 500w, https:\/\/lafrenchcoop.fr\/site\/wp-content\/uploads\/2022\/12\/livres_IMG_20221119_130645.jpg 600w\" sizes=\"(max-width: 432px) 100vw, 432px\" \/><\/figure>\n\n\n\n<p><\/p>\n\n\n\n<p>C&rsquo;est dans la lign\u00e9e de l&rsquo;\u00e9v\u00e9nement du SEL, de septembre dernier, qu&rsquo;une <strong>mise en commun de livres<\/strong> \u00e9tait organis\u00e9e \u00e0 l&rsquo;occasion de l&rsquo;anniversaire de la French Coop.<\/p>\n\n\n\n<p>Les coop\u00e9rat.eur.rice.s de la French Coop \u00e9taient invit\u00e9s \u00e0 donner leurs <strong>bouquins de cuisine <\/strong>pour qu&rsquo;ils aient une deuxi\u00e8me vie. Parmi les ouvrages collect\u00e9s, des petits, des grands, des exotiques, des recettes fran\u00e7aises, il y a avait de tout ! <\/p>\n\n\n\n<blockquote class=\"wp-block-quote\"><p>Oooh ce bouquin je l&rsquo;avais chez mes parents ! C&rsquo;est une v\u00e9ritable bible !!<\/p><\/blockquote>\n\n\n\n<p>Aujourd&rsquo;hui les bouquins sont dans le coin caf\u00e9 de la French Coop, en libre service: si l&rsquo;un d&rsquo;eux vous int\u00e9resse, <strong>servez-vous!<\/strong> Et dans quelques jours, une association locale qui \u0153uvre pour l&rsquo;acc\u00e8s \u00e0 la lecture les recevra sous forme de don. De quoi leur offrir une 3eme vie ! <\/p>\n\n\n\n<p><strong>Merci au SEL<\/strong> pour cette coop\u00e9ration.<\/p>\n\n\n\n<p>Passez en boutique pour y jeter un coup d\u2019\u0153il !<\/p>\n\n\n\n<figure class=\"wp-block-image size-large is-resized\"><img loading=\"lazy\" src=\"https:\/\/lafrenchcoop.fr\/site\/wp-content\/uploads\/2022\/12\/IMG_20221127_122725-576x1024.jpg\" alt=\"\" class=\"wp-image-194209\" width=\"432\" height=\"768\" srcset=\"https:\/\/lafrenchcoop.fr\/site\/wp-content\/uploads\/2022\/12\/IMG_20221127_122725-576x1024.jpg 576w, https:\/\/lafrenchcoop.fr\/site\/wp-content\/uploads\/2022\/12\/IMG_20221127_122725-500x888.jpg 500w, https:\/\/lafrenchcoop.fr\/site\/wp-content\/uploads\/2022\/12\/IMG_20221127_122725.jpg 600w\" sizes=\"(max-width: 432px) 100vw, 432px\" \/><\/figure>\n\n\n\n<p><\/p>\n\n\n\n<h3 class=\"has-accent-color has-text-color\">Toutes ces recettes continueront \u00e0 faire leur chemin \ud83d\ude03!<\/h3>\n\n\n\n<div style=\"height:20px\" aria-hidden=\"true\" class=\"wp-block-spacer\"><\/div>\n","protected":false},"excerpt":{"rendered":"<p>De la lecture qui donne l&rsquo;eau \u00e0 la bouche ! C&rsquo;est dans la lign\u00e9e de l&rsquo;\u00e9v\u00e9nement du SEL, de septembre dernier, qu&rsquo;une mise en commun de livres \u00e9tait organis\u00e9e \u00e0 l&rsquo;occasion de l&rsquo;anniversaire de la French Coop. Les coop\u00e9rat.eur.rice.s de la French Coop \u00e9taient invit\u00e9s \u00e0 donner leurs bouquins de [&hellip;]<\/p>\n","protected":false},"author":4,"featured_media":194210,"comment_status":"open","ping_status":"open","sticky":false,"template":"","format":"standard","meta":[],"categories":[10],"tags":[22,42,35],"yoast_head":"<!-- This site is optimized with the Yoast SEO plugin v17.9 - https:\/\/yoast.com\/wordpress\/plugins\/seo\/ -->\n<title>\u00c9v\u00e8nements - Livres de Cuisine avec le SEL et le Bouquin Volant<\/title>\n<meta name=\"description\" content=\"La French Coop avec le SEL proposent une collecte de bouquins de cuisine: r\u00e9unis lors de l&#039;anniversaire de la French Coop, le stock continue \u00e0 vivre sa vie, loin de l&#039;obscurit\u00e9 des placards!\" \/>\n<meta name=\"robots\" content=\"index, follow, max-snippet:-1, max-image-preview:large, max-video-preview:-1\" \/>\n<link rel=\"canonical\" href=\"https:\/\/lafrenchcoop.fr\/site\/evenements\/livres-de-cuisine-avec-le-sel-et-le-bouquin-volant\" \/>\n<meta property=\"og:locale\" content=\"fr_FR\" \/>\n<meta property=\"og:type\" content=\"article\" \/>\n<meta property=\"og:title\" content=\"\u00c9v\u00e8nements - Livres de Cuisine avec le SEL et le Bouquin Volant\" \/>\n<meta property=\"og:description\" content=\"La French Coop avec le SEL proposent une collecte de bouquins de cuisine: r\u00e9unis lors de l&#039;anniversaire de la French Coop, le stock continue \u00e0 vivre sa vie, loin de l&#039;obscurit\u00e9 des placards!\" \/>\n<meta property=\"og:url\" content=\"https:\/\/lafrenchcoop.fr\/site\/evenements\/livres-de-cuisine-avec-le-sel-et-le-bouquin-volant\" \/>\n<meta property=\"og:site_name\" content=\"La French Coop\" \/>\n<meta property=\"article:publisher\" content=\"https:\/\/www.facebook.com\/lafrenchcoop\/\" \/>\n<meta property=\"article:published_time\" content=\"2022-11-24T22:13:49+00:00\" \/>\n<meta property=\"article:modified_time\" content=\"2022-12-06T13:58:08+00:00\" \/>\n<meta property=\"og:image\" content=\"https:\/\/lafrenchcoop.fr\/site\/wp-content\/uploads\/2022\/12\/IMG_20221127_122721.jpg\" \/>\n\t<meta property=\"og:image:width\" content=\"800\" \/>\n\t<meta property=\"og:image:height\" content=\"450\" \/>\n\t<meta property=\"og:image:type\" content=\"image\/jpeg\" \/>\n<meta name=\"twitter:card\" content=\"summary_large_image\" \/>\n<meta name=\"twitter:creator\" content=\"@FrenchCoop\" \/>\n<meta name=\"twitter:site\" content=\"@FrenchCoop\" \/>\n<meta name=\"twitter:label1\" content=\"\u00c9crit par\" \/>\n\t<meta name=\"twitter:data1\" content=\"lafrenchcoop\" \/>\n\t<meta name=\"twitter:label2\" content=\"Dur\u00e9e de lecture estim\u00e9e\" \/>\n\t<meta name=\"twitter:data2\" content=\"2 minutes\" \/>\n<script type=\"application\/ld+json\" class=\"yoast-schema-graph\">{\"@context\":\"https:\/\/schema.org\",\"@graph\":[{\"@type\":\"WebSite\",\"@id\":\"https:\/\/lafrenchcoop.fr\/site\/#website\",\"url\":\"https:\/\/lafrenchcoop.fr\/site\/\",\"name\":\"La French Coop\",\"description\":\"L&#039;\\u00e9picerie coop\\u00e9rative et participative d&#039;Asni\\u00e8res-sur-Seine !\",\"potentialAction\":[{\"@type\":\"SearchAction\",\"target\":{\"@type\":\"EntryPoint\",\"urlTemplate\":\"https:\/\/lafrenchcoop.fr\/site\/?s={search_term_string}\"},\"query-input\":\"required name=search_term_string\"}],\"inLanguage\":\"fr-FR\"},{\"@type\":\"ImageObject\",\"@id\":\"https:\/\/lafrenchcoop.fr\/site\/evenements\/livres-de-cuisine-avec-le-sel-et-le-bouquin-volant#primaryimage\",\"inLanguage\":\"fr-FR\",\"url\":\"https:\/\/lafrenchcoop.fr\/site\/wp-content\/uploads\/2022\/12\/IMG_20221127_122721.jpg\",\"contentUrl\":\"https:\/\/lafrenchcoop.fr\/site\/wp-content\/uploads\/2022\/12\/IMG_20221127_122721.jpg\",\"width\":800,\"height\":450},{\"@type\":\"WebPage\",\"@id\":\"https:\/\/lafrenchcoop.fr\/site\/evenements\/livres-de-cuisine-avec-le-sel-et-le-bouquin-volant#webpage\",\"url\":\"https:\/\/lafrenchcoop.fr\/site\/evenements\/livres-de-cuisine-avec-le-sel-et-le-bouquin-volant\",\"name\":\"\\u00c9v\\u00e8nements - Livres de Cuisine avec le SEL et le Bouquin Volant\",\"isPartOf\":{\"@id\":\"https:\/\/lafrenchcoop.fr\/site\/#website\"},\"primaryImageOfPage\":{\"@id\":\"https:\/\/lafrenchcoop.fr\/site\/evenements\/livres-de-cuisine-avec-le-sel-et-le-bouquin-volant#primaryimage\"},\"datePublished\":\"2022-11-24T22:13:49+00:00\",\"dateModified\":\"2022-12-06T13:58:08+00:00\",\"author\":{\"@id\":\"https:\/\/lafrenchcoop.fr\/site\/#\/schema\/person\/ba218cfcafb09c5becc70800de7554bf\"},\"description\":\"La French Coop avec le SEL proposent une collecte de bouquins de cuisine: r\\u00e9unis lors de l'anniversaire de la French Coop, le stock continue \\u00e0 vivre sa vie, loin de l'obscurit\\u00e9 des placards!\",\"breadcrumb\":{\"@id\":\"https:\/\/lafrenchcoop.fr\/site\/evenements\/livres-de-cuisine-avec-le-sel-et-le-bouquin-volant#breadcrumb\"},\"inLanguage\":\"fr-FR\",\"potentialAction\":[{\"@type\":\"ReadAction\",\"target\":[\"https:\/\/lafrenchcoop.fr\/site\/evenements\/livres-de-cuisine-avec-le-sel-et-le-bouquin-volant\"]}]},{\"@type\":\"BreadcrumbList\",\"@id\":\"https:\/\/lafrenchcoop.fr\/site\/evenements\/livres-de-cuisine-avec-le-sel-et-le-bouquin-volant#breadcrumb\",\"itemListElement\":[{\"@type\":\"ListItem\",\"position\":1,\"name\":\"Accueil\",\"item\":\"https:\/\/lafrenchcoop.fr\/site\/\"},{\"@type\":\"ListItem\",\"position\":2,\"name\":\"Livres de Cuisine avec le SEL et le Bouquin Volant\"}]},{\"@type\":\"Person\",\"@id\":\"https:\/\/lafrenchcoop.fr\/site\/#\/schema\/person\/ba218cfcafb09c5becc70800de7554bf\",\"name\":\"lafrenchcoop\",\"image\":{\"@type\":\"ImageObject\",\"@id\":\"https:\/\/lafrenchcoop.fr\/site\/#personlogo\",\"inLanguage\":\"fr-FR\",\"url\":\"https:\/\/secure.gravatar.com\/avatar\/f35efd74c5723ad71a999ece82bb95f4?s=96&d=mm&r=g\",\"contentUrl\":\"https:\/\/secure.gravatar.com\/avatar\/f35efd74c5723ad71a999ece82bb95f4?s=96&d=mm&r=g\",\"caption\":\"lafrenchcoop\"},\"url\":\"https:\/\/lafrenchcoop.fr\/site\/author\/lafrenchcoop\"}]}<\/script>\n<!-- \/ Yoast SEO plugin. -->","yoast_head_json":{"title":"\u00c9v\u00e8nements - Livres de Cuisine avec le SEL et le Bouquin Volant","description":"La French Coop avec le SEL proposent une collecte de bouquins de cuisine: r\u00e9unis lors de l'anniversaire de la French Coop, le stock continue \u00e0 vivre sa vie, loin de l'obscurit\u00e9 des placards!","robots":{"index":"index","follow":"follow","max-snippet":"max-snippet:-1","max-image-preview":"max-image-preview:large","max-video-preview":"max-video-preview:-1"},"canonical":"https:\/\/lafrenchcoop.fr\/site\/evenements\/livres-de-cuisine-avec-le-sel-et-le-bouquin-volant","og_locale":"fr_FR","og_type":"article","og_title":"\u00c9v\u00e8nements - Livres de Cuisine avec le SEL et le Bouquin Volant","og_description":"La French Coop avec le SEL proposent une collecte de bouquins de cuisine: r\u00e9unis lors de l'anniversaire de la French Coop, le stock continue \u00e0 vivre sa vie, loin de l'obscurit\u00e9 des placards!","og_url":"https:\/\/lafrenchcoop.fr\/site\/evenements\/livres-de-cuisine-avec-le-sel-et-le-bouquin-volant","og_site_name":"La French Coop","article_publisher":"https:\/\/www.facebook.com\/lafrenchcoop\/","article_published_time":"2022-11-24T22:13:49+00:00","article_modified_time":"2022-12-06T13:58:08+00:00","og_image":[{"width":800,"height":450,"url":"https:\/\/lafrenchcoop.fr\/site\/wp-content\/uploads\/2022\/12\/IMG_20221127_122721.jpg","type":"image\/jpeg"}],"twitter_card":"summary_large_image","twitter_creator":"@FrenchCoop","twitter_site":"@FrenchCoop","twitter_misc":{"\u00c9crit par":"lafrenchcoop","Dur\u00e9e de lecture estim\u00e9e":"2 minutes"},"schema":{"@context":"https:\/\/schema.org","@graph":[{"@type":"WebSite","@id":"https:\/\/lafrenchcoop.fr\/site\/#website","url":"https:\/\/lafrenchcoop.fr\/site\/","name":"La French Coop","description":"L&#039;\u00e9picerie coop\u00e9rative et participative d&#039;Asni\u00e8res-sur-Seine !","potentialAction":[{"@type":"SearchAction","target":{"@type":"EntryPoint","urlTemplate":"https:\/\/lafrenchcoop.fr\/site\/?s={search_term_string}"},"query-input":"required name=search_term_string"}],"inLanguage":"fr-FR"},{"@type":"ImageObject","@id":"https:\/\/lafrenchcoop.fr\/site\/evenements\/livres-de-cuisine-avec-le-sel-et-le-bouquin-volant#primaryimage","inLanguage":"fr-FR","url":"https:\/\/lafrenchcoop.fr\/site\/wp-content\/uploads\/2022\/12\/IMG_20221127_122721.jpg","contentUrl":"https:\/\/lafrenchcoop.fr\/site\/wp-content\/uploads\/2022\/12\/IMG_20221127_122721.jpg","width":800,"height":450},{"@type":"WebPage","@id":"https:\/\/lafrenchcoop.fr\/site\/evenements\/livres-de-cuisine-avec-le-sel-et-le-bouquin-volant#webpage","url":"https:\/\/lafrenchcoop.fr\/site\/evenements\/livres-de-cuisine-avec-le-sel-et-le-bouquin-volant","name":"\u00c9v\u00e8nements - Livres de Cuisine avec le SEL et le Bouquin Volant","isPartOf":{"@id":"https:\/\/lafrenchcoop.fr\/site\/#website"},"primaryImageOfPage":{"@id":"https:\/\/lafrenchcoop.fr\/site\/evenements\/livres-de-cuisine-avec-le-sel-et-le-bouquin-volant#primaryimage"},"datePublished":"2022-11-24T22:13:49+00:00","dateModified":"2022-12-06T13:58:08+00:00","author":{"@id":"https:\/\/lafrenchcoop.fr\/site\/#\/schema\/person\/ba218cfcafb09c5becc70800de7554bf"},"description":"La French Coop avec le SEL proposent une collecte de bouquins de cuisine: r\u00e9unis lors de l'anniversaire de la French Coop, le stock continue \u00e0 vivre sa vie, loin de l'obscurit\u00e9 des placards!","breadcrumb":{"@id":"https:\/\/lafrenchcoop.fr\/site\/evenements\/livres-de-cuisine-avec-le-sel-et-le-bouquin-volant#breadcrumb"},"inLanguage":"fr-FR","potentialAction":[{"@type":"ReadAction","target":["https:\/\/lafrenchcoop.fr\/site\/evenements\/livres-de-cuisine-avec-le-sel-et-le-bouquin-volant"]}]},{"@type":"BreadcrumbList","@id":"https:\/\/lafrenchcoop.fr\/site\/evenements\/livres-de-cuisine-avec-le-sel-et-le-bouquin-volant#breadcrumb","itemListElement":[{"@type":"ListItem","position":1,"name":"Accueil","item":"https:\/\/lafrenchcoop.fr\/site\/"},{"@type":"ListItem","position":2,"name":"Livres de Cuisine avec le SEL et le Bouquin Volant"}]},{"@type":"Person","@id":"https:\/\/lafrenchcoop.fr\/site\/#\/schema\/person\/ba218cfcafb09c5becc70800de7554bf","name":"lafrenchcoop","image":{"@type":"ImageObject","@id":"https:\/\/lafrenchcoop.fr\/site\/#personlogo","inLanguage":"fr-FR","url":"https:\/\/secure.gravatar.com\/avatar\/f35efd74c5723ad71a999ece82bb95f4?s=96&d=mm&r=g","contentUrl":"https:\/\/secure.gravatar.com\/avatar\/f35efd74c5723ad71a999ece82bb95f4?s=96&d=mm&r=g","caption":"lafrenchcoop"},"url":"https:\/\/lafrenchcoop.fr\/site\/author\/lafrenchcoop"}]}},"_links":{"self":[{"href":"https:\/\/lafrenchcoop.fr\/site\/wp-json\/wp\/v2\/posts\/194190"}],"collection":[{"href":"https:\/\/lafrenchcoop.fr\/site\/wp-json\/wp\/v2\/posts"}],"about":[{"href":"https:\/\/lafrenchcoop.fr\/site\/wp-json\/wp\/v2\/types\/post"}],"author":[{"embeddable":true,"href":"https:\/\/lafrenchcoop.fr\/site\/wp-json\/wp\/v2\/users\/4"}],"replies":[{"embeddable":true,"href":"https:\/\/lafrenchcoop.fr\/site\/wp-json\/wp\/v2\/comments?post=194190"}],"version-history":[{"count":3,"href":"https:\/\/lafrenchcoop.fr\/site\/wp-json\/wp\/v2\/posts\/194190\/revisions"}],"predecessor-version":[{"id":194238,"href":"https:\/\/lafrenchcoop.fr\/site\/wp-json\/wp\/v2\/posts\/194190\/revisions\/194238"}],"wp:featuredmedia":[{"embeddable":true,"href":"https:\/\/lafrenchcoop.fr\/site\/wp-json\/wp\/v2\/media\/194210"}],"wp:attachment":[{"href":"https:\/\/lafrenchcoop.fr\/site\/wp-json\/wp\/v2\/media?parent=194190"}],"wp:term":[{"taxonomy":"category","embeddable":true,"href":"https:\/\/lafrenchcoop.fr\/site\/wp-json\/wp\/v2\/categories?post=194190"},{"taxonomy":"post_tag","embeddable":true,"href":"https:\/\/lafrenchcoop.fr\/site\/wp-json\/wp\/v2\/tags?post=194190"}],"curies":[{"name":"wp","href":"https:\/\/api.w.org\/{rel}","templated":true}]}}