{"id":194395,"date":"2023-06-26T22:00:00","date_gmt":"2023-06-26T20:00:00","guid":{"rendered":"https:\/\/lafrenchcoop.fr\/site\/?p=194395"},"modified":"2023-07-06T22:58:13","modified_gmt":"2023-07-06T20:58:13","slug":"la-parole-au-benevole-beatrice-brajeux","status":"publish","type":"post","link":"https:\/\/lafrenchcoop.fr\/site\/parole-adherents\/la-parole-au-benevole-beatrice-brajeux","title":{"rendered":"La parole au b\u00e9n\u00e9vole\u00a0: B\u00e9atrice Brajeux"},"content":{"rendered":"\n<div class=\"wp-block-columns\">\n<div class=\"wp-block-column\">\n<figure class=\"wp-block-video\"><video controls src=\"https:\/\/lafrenchcoop.fr\/site\/wp-content\/uploads\/2023\/07\/WhatsApp-Video-2023-06-03-at-20.16.29-1.mp4\"><\/video><\/figure>\n<\/div>\n\n\n\n<div class=\"wp-block-column\">\n<figure class=\"wp-block-pullquote alignleft is-style-default\"><blockquote class=\"has-text-color has-accent-color\"><p><strong><em>A la french Coop il<i> y<\/i><span><i> a des supers produits bio et raisonn\u00e9s <\/i><\/span>!<\/em><\/strong><\/p><cite>B\u00e9atrice Brajeux<\/cite><\/blockquote><\/figure>\n\n\n\n<blockquote class=\"wp-block-quote is-style-default\"><p><\/p><\/blockquote>\n<\/div>\n<\/div>\n\n\n\n<div style=\"height:50px\" aria-hidden=\"true\" class=\"wp-block-spacer\"><\/div>\n\n\n\n<p class=\"has-text-align-center has-accent-color has-text-color has-background\" style=\"background-color:#ecffe4\"><strong><a href=\"http:\/\/Voir les autres articles sur nos adh\u00e9rents\" target=\"_blank\" rel=\"noreferrer noopener\">Voir les autres articles sur nos adh\u00e9rents<\/a><\/strong><\/p>\n\n\n\n<div style=\"height:20px\" aria-hidden=\"true\" class=\"wp-block-spacer\"><\/div>\n","protected":false},"excerpt":{"rendered":"<p>A la french Coop il y a des supers produits bio et raisonn\u00e9s ! B\u00e9atrice Brajeux Voir les autres articles sur nos adh\u00e9rents<\/p>\n","protected":false},"author":1,"featured_media":194400,"comment_status":"open","ping_status":"open","sticky":false,"template":"","format":"standard","meta":[],"categories":[21],"tags":[22,47,48],"yoast_head":"<!-- This site is optimized with the Yoast SEO plugin v17.9 - https:\/\/yoast.com\/wordpress\/plugins\/seo\/ -->\n<title>La parole aux adh\u00e9rents - La parole au b\u00e9n\u00e9vole\u00a0: B\u00e9atrice Brajeux<\/title>\n<meta name=\"description\" content=\"Je suis membre de la French Coop depuis 2019. A la French Coop il y a de supers produits bio et raisonn\u00e9s.\" \/>\n<meta name=\"robots\" content=\"index, follow, max-snippet:-1, max-image-preview:large, max-video-preview:-1\" \/>\n<link rel=\"canonical\" href=\"https:\/\/lafrenchcoop.fr\/site\/parole-adherents\/la-parole-au-benevole-beatrice-brajeux\" \/>\n<meta property=\"og:locale\" content=\"fr_FR\" \/>\n<meta property=\"og:type\" content=\"article\" \/>\n<meta property=\"og:title\" content=\"La parole aux adh\u00e9rents - La parole au b\u00e9n\u00e9vole\u00a0: B\u00e9atrice Brajeux\" \/>\n<meta property=\"og:description\" content=\"Je suis membre de la French Coop depuis 2019. A la French Coop il y a de supers produits bio et raisonn\u00e9s.\" \/>\n<meta property=\"og:url\" content=\"https:\/\/lafrenchcoop.fr\/site\/parole-adherents\/la-parole-au-benevole-beatrice-brajeux\" \/>\n<meta property=\"og:site_name\" content=\"La French Coop\" \/>\n<meta property=\"article:publisher\" content=\"https:\/\/www.facebook.com\/lafrenchcoop\/\" \/>\n<meta property=\"article:published_time\" content=\"2023-06-26T20:00:00+00:00\" \/>\n<meta property=\"article:modified_time\" content=\"2023-07-06T20:58:13+00:00\" \/>\n<meta property=\"og:image\" content=\"https:\/\/lafrenchcoop.fr\/site\/wp-content\/uploads\/2023\/06\/Screenshot-2023-07-06-at-22.05.13.png\" \/>\n\t<meta property=\"og:image:width\" content=\"404\" \/>\n\t<meta property=\"og:image:height\" content=\"602\" \/>\n\t<meta property=\"og:image:type\" content=\"image\/png\" \/>\n<meta name=\"twitter:card\" content=\"summary_large_image\" \/>\n<meta name=\"twitter:creator\" content=\"@FrenchCoop\" \/>\n<meta name=\"twitter:site\" content=\"@FrenchCoop\" \/>\n<meta name=\"twitter:label1\" content=\"\u00c9crit par\" \/>\n\t<meta name=\"twitter:data1\" content=\"admin\" \/>\n\t<meta name=\"twitter:label2\" content=\"Dur\u00e9e de lecture estim\u00e9e\" \/>\n\t<meta name=\"twitter:data2\" content=\"1 minute\" \/>\n<script type=\"application\/ld+json\" class=\"yoast-schema-graph\">{\"@context\":\"https:\/\/schema.org\",\"@graph\":[{\"@type\":\"WebSite\",\"@id\":\"https:\/\/lafrenchcoop.fr\/site\/#website\",\"url\":\"https:\/\/lafrenchcoop.fr\/site\/\",\"name\":\"La French Coop\",\"description\":\"L&#039;\\u00e9picerie coop\\u00e9rative et participative d&#039;Asni\\u00e8res-sur-Seine !\",\"potentialAction\":[{\"@type\":\"SearchAction\",\"target\":{\"@type\":\"EntryPoint\",\"urlTemplate\":\"https:\/\/lafrenchcoop.fr\/site\/?s={search_term_string}\"},\"query-input\":\"required name=search_term_string\"}],\"inLanguage\":\"fr-FR\"},{\"@type\":\"ImageObject\",\"@id\":\"https:\/\/lafrenchcoop.fr\/site\/parole-adherents\/la-parole-au-benevole-beatrice-brajeux#primaryimage\",\"inLanguage\":\"fr-FR\",\"url\":\"https:\/\/lafrenchcoop.fr\/site\/wp-content\/uploads\/2023\/06\/Screenshot-2023-07-06-at-22.05.13.png\",\"contentUrl\":\"https:\/\/lafrenchcoop.fr\/site\/wp-content\/uploads\/2023\/06\/Screenshot-2023-07-06-at-22.05.13.png\",\"width\":404,\"height\":602},{\"@type\":\"WebPage\",\"@id\":\"https:\/\/lafrenchcoop.fr\/site\/parole-adherents\/la-parole-au-benevole-beatrice-brajeux#webpage\",\"url\":\"https:\/\/lafrenchcoop.fr\/site\/parole-adherents\/la-parole-au-benevole-beatrice-brajeux\",\"name\":\"La parole aux adh\\u00e9rents - La parole au b\\u00e9n\\u00e9vole\\u00a0: B\\u00e9atrice Brajeux\",\"isPartOf\":{\"@id\":\"https:\/\/lafrenchcoop.fr\/site\/#website\"},\"primaryImageOfPage\":{\"@id\":\"https:\/\/lafrenchcoop.fr\/site\/parole-adherents\/la-parole-au-benevole-beatrice-brajeux#primaryimage\"},\"datePublished\":\"2023-06-26T20:00:00+00:00\",\"dateModified\":\"2023-07-06T20:58:13+00:00\",\"author\":{\"@id\":\"https:\/\/lafrenchcoop.fr\/site\/#\/schema\/person\/ecce7f92de9cf6454be5139dade6f6e5\"},\"description\":\"Je suis membre de la French Coop depuis 2019. A la French Coop il y a de supers produits bio et raisonn\\u00e9s.\",\"breadcrumb\":{\"@id\":\"https:\/\/lafrenchcoop.fr\/site\/parole-adherents\/la-parole-au-benevole-beatrice-brajeux#breadcrumb\"},\"inLanguage\":\"fr-FR\",\"potentialAction\":[{\"@type\":\"ReadAction\",\"target\":[\"https:\/\/lafrenchcoop.fr\/site\/parole-adherents\/la-parole-au-benevole-beatrice-brajeux\"]}]},{\"@type\":\"BreadcrumbList\",\"@id\":\"https:\/\/lafrenchcoop.fr\/site\/parole-adherents\/la-parole-au-benevole-beatrice-brajeux#breadcrumb\",\"itemListElement\":[{\"@type\":\"ListItem\",\"position\":1,\"name\":\"Accueil\",\"item\":\"https:\/\/lafrenchcoop.fr\/site\/\"},{\"@type\":\"ListItem\",\"position\":2,\"name\":\"La parole au b\\u00e9n\\u00e9vole\\u00a0: B\\u00e9atrice Brajeux\"}]},{\"@type\":\"Person\",\"@id\":\"https:\/\/lafrenchcoop.fr\/site\/#\/schema\/person\/ecce7f92de9cf6454be5139dade6f6e5\",\"name\":\"admin\",\"image\":{\"@type\":\"ImageObject\",\"@id\":\"https:\/\/lafrenchcoop.fr\/site\/#personlogo\",\"inLanguage\":\"fr-FR\",\"url\":\"https:\/\/secure.gravatar.com\/avatar\/654494f1593d8baff9d231e01b6f78c4?s=96&d=mm&r=g\",\"contentUrl\":\"https:\/\/secure.gravatar.com\/avatar\/654494f1593d8baff9d231e01b6f78c4?s=96&d=mm&r=g\",\"caption\":\"admin\"},\"url\":\"https:\/\/lafrenchcoop.fr\/site\/author\/admin\"}]}<\/script>\n<!-- \/ Yoast SEO plugin. -->","yoast_head_json":{"title":"La parole aux adh\u00e9rents - La parole au b\u00e9n\u00e9vole\u00a0: B\u00e9atrice Brajeux","description":"Je suis membre de la French Coop depuis 2019. A la French Coop il y a de supers produits bio et raisonn\u00e9s.","robots":{"index":"index","follow":"follow","max-snippet":"max-snippet:-1","max-image-preview":"max-image-preview:large","max-video-preview":"max-video-preview:-1"},"canonical":"https:\/\/lafrenchcoop.fr\/site\/parole-adherents\/la-parole-au-benevole-beatrice-brajeux","og_locale":"fr_FR","og_type":"article","og_title":"La parole aux adh\u00e9rents - La parole au b\u00e9n\u00e9vole\u00a0: B\u00e9atrice Brajeux","og_description":"Je suis membre de la French Coop depuis 2019. A la French Coop il y a de supers produits bio et raisonn\u00e9s.","og_url":"https:\/\/lafrenchcoop.fr\/site\/parole-adherents\/la-parole-au-benevole-beatrice-brajeux","og_site_name":"La French Coop","article_publisher":"https:\/\/www.facebook.com\/lafrenchcoop\/","article_published_time":"2023-06-26T20:00:00+00:00","article_modified_time":"2023-07-06T20:58:13+00:00","og_image":[{"width":404,"height":602,"url":"https:\/\/lafrenchcoop.fr\/site\/wp-content\/uploads\/2023\/06\/Screenshot-2023-07-06-at-22.05.13.png","type":"image\/png"}],"twitter_card":"summary_large_image","twitter_creator":"@FrenchCoop","twitter_site":"@FrenchCoop","twitter_misc":{"\u00c9crit par":"admin","Dur\u00e9e de lecture estim\u00e9e":"1 minute"},"schema":{"@context":"https:\/\/schema.org","@graph":[{"@type":"WebSite","@id":"https:\/\/lafrenchcoop.fr\/site\/#website","url":"https:\/\/lafrenchcoop.fr\/site\/","name":"La French Coop","description":"L&#039;\u00e9picerie coop\u00e9rative et participative d&#039;Asni\u00e8res-sur-Seine !","potentialAction":[{"@type":"SearchAction","target":{"@type":"EntryPoint","urlTemplate":"https:\/\/lafrenchcoop.fr\/site\/?s={search_term_string}"},"query-input":"required name=search_term_string"}],"inLanguage":"fr-FR"},{"@type":"ImageObject","@id":"https:\/\/lafrenchcoop.fr\/site\/parole-adherents\/la-parole-au-benevole-beatrice-brajeux#primaryimage","inLanguage":"fr-FR","url":"https:\/\/lafrenchcoop.fr\/site\/wp-content\/uploads\/2023\/06\/Screenshot-2023-07-06-at-22.05.13.png","contentUrl":"https:\/\/lafrenchcoop.fr\/site\/wp-content\/uploads\/2023\/06\/Screenshot-2023-07-06-at-22.05.13.png","width":404,"height":602},{"@type":"WebPage","@id":"https:\/\/lafrenchcoop.fr\/site\/parole-adherents\/la-parole-au-benevole-beatrice-brajeux#webpage","url":"https:\/\/lafrenchcoop.fr\/site\/parole-adherents\/la-parole-au-benevole-beatrice-brajeux","name":"La parole aux adh\u00e9rents - La parole au b\u00e9n\u00e9vole\u00a0: B\u00e9atrice Brajeux","isPartOf":{"@id":"https:\/\/lafrenchcoop.fr\/site\/#website"},"primaryImageOfPage":{"@id":"https:\/\/lafrenchcoop.fr\/site\/parole-adherents\/la-parole-au-benevole-beatrice-brajeux#primaryimage"},"datePublished":"2023-06-26T20:00:00+00:00","dateModified":"2023-07-06T20:58:13+00:00","author":{"@id":"https:\/\/lafrenchcoop.fr\/site\/#\/schema\/person\/ecce7f92de9cf6454be5139dade6f6e5"},"description":"Je suis membre de la French Coop depuis 2019. A la French Coop il y a de supers produits bio et raisonn\u00e9s.","breadcrumb":{"@id":"https:\/\/lafrenchcoop.fr\/site\/parole-adherents\/la-parole-au-benevole-beatrice-brajeux#breadcrumb"},"inLanguage":"fr-FR","potentialAction":[{"@type":"ReadAction","target":["https:\/\/lafrenchcoop.fr\/site\/parole-adherents\/la-parole-au-benevole-beatrice-brajeux"]}]},{"@type":"BreadcrumbList","@id":"https:\/\/lafrenchcoop.fr\/site\/parole-adherents\/la-parole-au-benevole-beatrice-brajeux#breadcrumb","itemListElement":[{"@type":"ListItem","position":1,"name":"Accueil","item":"https:\/\/lafrenchcoop.fr\/site\/"},{"@type":"ListItem","position":2,"name":"La parole au b\u00e9n\u00e9vole\u00a0: B\u00e9atrice Brajeux"}]},{"@type":"Person","@id":"https:\/\/lafrenchcoop.fr\/site\/#\/schema\/person\/ecce7f92de9cf6454be5139dade6f6e5","name":"admin","image":{"@type":"ImageObject","@id":"https:\/\/lafrenchcoop.fr\/site\/#personlogo","inLanguage":"fr-FR","url":"https:\/\/secure.gravatar.com\/avatar\/654494f1593d8baff9d231e01b6f78c4?s=96&d=mm&r=g","contentUrl":"https:\/\/secure.gravatar.com\/avatar\/654494f1593d8baff9d231e01b6f78c4?s=96&d=mm&r=g","caption":"admin"},"url":"https:\/\/lafrenchcoop.fr\/site\/author\/admin"}]}},"_links":{"self":[{"href":"https:\/\/lafrenchcoop.fr\/site\/wp-json\/wp\/v2\/posts\/194395"}],"collection":[{"href":"https:\/\/lafrenchcoop.fr\/site\/wp-json\/wp\/v2\/posts"}],"about":[{"href":"https:\/\/lafrenchcoop.fr\/site\/wp-json\/wp\/v2\/types\/post"}],"author":[{"embeddable":true,"href":"https:\/\/lafrenchcoop.fr\/site\/wp-json\/wp\/v2\/users\/1"}],"replies":[{"embeddable":true,"href":"https:\/\/lafrenchcoop.fr\/site\/wp-json\/wp\/v2\/comments?post=194395"}],"version-history":[{"count":2,"href":"https:\/\/lafrenchcoop.fr\/site\/wp-json\/wp\/v2\/posts\/194395\/revisions"}],"predecessor-version":[{"id":194399,"href":"https:\/\/lafrenchcoop.fr\/site\/wp-json\/wp\/v2\/posts\/194395\/revisions\/194399"}],"wp:featuredmedia":[{"embeddable":true,"href":"https:\/\/lafrenchcoop.fr\/site\/wp-json\/wp\/v2\/media\/194400"}],"wp:attachment":[{"href":"https:\/\/lafrenchcoop.fr\/site\/wp-json\/wp\/v2\/media?parent=194395"}],"wp:term":[{"taxonomy":"category","embeddable":true,"href":"https:\/\/lafrenchcoop.fr\/site\/wp-json\/wp\/v2\/categories?post=194395"},{"taxonomy":"post_tag","embeddable":true,"href":"https:\/\/lafrenchcoop.fr\/site\/wp-json\/wp\/v2\/tags?post=194395"}],"curies":[{"name":"wp","href":"https:\/\/api.w.org\/{rel}","templated":true}]}}