{"id":194409,"date":"2023-07-03T23:09:00","date_gmt":"2023-07-03T21:09:00","guid":{"rendered":"https:\/\/lafrenchcoop.fr\/site\/?p=194409"},"modified":"2023-11-15T15:05:16","modified_gmt":"2023-11-15T14:05:16","slug":"les-prochaines-date-a-retenir-pour-la-french-coop","status":"publish","type":"post","link":"https:\/\/lafrenchcoop.fr\/site\/evenements\/les-prochaines-date-a-retenir-pour-la-french-coop","title":{"rendered":"Les prochaines dates \u00e0 retenir pour la French Coop !\u00a0"},"content":{"rendered":"\n<h3 class=\"has-accent-color has-text-color\"><strong>De beaux \u00e9v\u00e9nements vont se tenir pour notre \u00e9picerie, notez les !&nbsp;<\/strong><\/h3>\n\n\n\n<div style=\"height:20px\" aria-hidden=\"true\" class=\"wp-block-spacer\"><\/div>\n\n\n\n<ul><li><strong>Samedi 9 septembre : <\/strong>forum des associations \u00e0 l&rsquo;espace Concorde d&rsquo;Asni\u00e8res. Nous comptons sur vous pour tenir le stand pour parler des produits, de l&rsquo;ambiance&#8230; les cr\u00e9neaux sont d\u00e9j\u00e0 ouverts !<br><\/li><li><strong>Samedi 7 octobre<\/strong> : <strong>Fresque Agri&rsquo;Alim<\/strong>. Ev\u00e9nement organis\u00e9 par l&rsquo;association Fresque Agri&rsquo;Alim et avec l&rsquo;\u00e9picerie coop\u00e9rative La French Coop. Inscription obligatoire. <a href=\"https:\/\/www.billetweb.fr\/atelier-la-fresque-agrialim-a-asni-res-sur-seine-92-avec-la-french-coop&amp;multi=11421&amp;view=calendar&amp;margin=no_margin&amp;color=12876f&amp;parent=fresqueagrialim&amp;session=&amp;calendar=1&amp;from_multi=1\">Plus d&rsquo;infos<\/a><br><\/li><li><strong>Samedi 18 novembre :<\/strong> r\u00e9union de rentr\u00e9e ! le th\u00e8me sera : comment mobiliser de nouveaux adh\u00e9rents ? Comme vous le savez, nous avons besoin de la force de toutes et tous !\u00a0<br><\/li><li><strong>Samedi 25 et dimanche 26 novembre : <\/strong>Portes ouvertes \u00e0 l&rsquo;\u00e9picerie ! Nous ouvrirons nos portes \u00e0 tous pour faire d\u00e9couvrir le concept de l&rsquo;\u00e9picerie et permettre aux plus curieux d&rsquo;acheter les produits pour les convaincre de devenir adh\u00e9rents, on compte sur vous pour tenir les cr\u00e9neaux. <a href=\"https:\/\/lafrenchcoop.fr\/site\/wp-content\/uploads\/2023\/11\/PORTES-OUVERTES.pdf\" target=\"_blank\" rel=\"noreferrer noopener\">T\u00e9l\u00e9charger l&rsquo;affiche<\/a><\/li><\/ul>\n","protected":false},"excerpt":{"rendered":"<p>De beaux \u00e9v\u00e9nements vont se tenir pour notre \u00e9picerie, notez les !&nbsp; Samedi 9 septembre : forum des associations \u00e0 l&rsquo;espace Concorde d&rsquo;Asni\u00e8res. Nous comptons sur vous pour tenir le stand pour parler des produits, de l&rsquo;ambiance&#8230; les cr\u00e9neaux sont d\u00e9j\u00e0 ouverts ! Samedi 7 octobre : Fresque Agri&rsquo;Alim. Ev\u00e9nement [&hellip;]<\/p>\n","protected":false},"author":1,"featured_media":194232,"comment_status":"open","ping_status":"open","sticky":false,"template":"","format":"standard","meta":[],"categories":[10],"tags":[22,42,23,49,35],"yoast_head":"<!-- This site is optimized with the Yoast SEO plugin v17.9 - https:\/\/yoast.com\/wordpress\/plugins\/seo\/ -->\n<title>\u00c9v\u00e8nements - Les prochaines dates \u00e0 retenir pour la French Coop !\u00a0<\/title>\n<meta name=\"description\" content=\"Les prochaines date \u00e0 retenir pour la French Coop !\u00a0 De beaux \u00e9v\u00e9nements vont se tenir pour notre \u00e9picerie, notez les !\u00a0\" \/>\n<meta name=\"robots\" content=\"index, follow, max-snippet:-1, max-image-preview:large, max-video-preview:-1\" \/>\n<link rel=\"canonical\" href=\"https:\/\/lafrenchcoop.fr\/site\/evenements\/les-prochaines-date-a-retenir-pour-la-french-coop\" \/>\n<meta property=\"og:locale\" content=\"fr_FR\" \/>\n<meta property=\"og:type\" content=\"article\" \/>\n<meta property=\"og:title\" content=\"\u00c9v\u00e8nements - Les prochaines dates \u00e0 retenir pour la French Coop !\u00a0\" \/>\n<meta property=\"og:description\" content=\"Les prochaines date \u00e0 retenir pour la French Coop !\u00a0 De beaux \u00e9v\u00e9nements vont se tenir pour notre \u00e9picerie, notez les !\u00a0\" \/>\n<meta property=\"og:url\" content=\"https:\/\/lafrenchcoop.fr\/site\/evenements\/les-prochaines-date-a-retenir-pour-la-french-coop\" \/>\n<meta property=\"og:site_name\" content=\"La French Coop\" \/>\n<meta property=\"article:publisher\" content=\"https:\/\/www.facebook.com\/lafrenchcoop\/\" \/>\n<meta property=\"article:published_time\" content=\"2023-07-03T21:09:00+00:00\" \/>\n<meta property=\"article:modified_time\" content=\"2023-11-15T14:05:16+00:00\" \/>\n<meta property=\"og:image\" content=\"https:\/\/lafrenchcoop.fr\/site\/wp-content\/uploads\/2022\/12\/19_FRENCH_COOP_.jpg\" \/>\n\t<meta property=\"og:image:width\" content=\"800\" \/>\n\t<meta property=\"og:image:height\" content=\"532\" \/>\n\t<meta property=\"og:image:type\" content=\"image\/jpeg\" \/>\n<meta name=\"twitter:card\" content=\"summary_large_image\" \/>\n<meta name=\"twitter:creator\" content=\"@FrenchCoop\" \/>\n<meta name=\"twitter:site\" content=\"@FrenchCoop\" \/>\n<meta name=\"twitter:label1\" content=\"\u00c9crit par\" \/>\n\t<meta name=\"twitter:data1\" content=\"admin\" \/>\n\t<meta name=\"twitter:label2\" content=\"Dur\u00e9e de lecture estim\u00e9e\" \/>\n\t<meta name=\"twitter:data2\" content=\"1 minute\" \/>\n<script type=\"application\/ld+json\" class=\"yoast-schema-graph\">{\"@context\":\"https:\/\/schema.org\",\"@graph\":[{\"@type\":\"WebSite\",\"@id\":\"https:\/\/lafrenchcoop.fr\/site\/#website\",\"url\":\"https:\/\/lafrenchcoop.fr\/site\/\",\"name\":\"La French Coop\",\"description\":\"L&#039;\\u00e9picerie coop\\u00e9rative et participative d&#039;Asni\\u00e8res-sur-Seine !\",\"potentialAction\":[{\"@type\":\"SearchAction\",\"target\":{\"@type\":\"EntryPoint\",\"urlTemplate\":\"https:\/\/lafrenchcoop.fr\/site\/?s={search_term_string}\"},\"query-input\":\"required name=search_term_string\"}],\"inLanguage\":\"fr-FR\"},{\"@type\":\"ImageObject\",\"@id\":\"https:\/\/lafrenchcoop.fr\/site\/evenements\/les-prochaines-date-a-retenir-pour-la-french-coop#primaryimage\",\"inLanguage\":\"fr-FR\",\"url\":\"https:\/\/lafrenchcoop.fr\/site\/wp-content\/uploads\/2022\/12\/19_FRENCH_COOP_.jpg\",\"contentUrl\":\"https:\/\/lafrenchcoop.fr\/site\/wp-content\/uploads\/2022\/12\/19_FRENCH_COOP_.jpg\",\"width\":800,\"height\":532},{\"@type\":\"WebPage\",\"@id\":\"https:\/\/lafrenchcoop.fr\/site\/evenements\/les-prochaines-date-a-retenir-pour-la-french-coop#webpage\",\"url\":\"https:\/\/lafrenchcoop.fr\/site\/evenements\/les-prochaines-date-a-retenir-pour-la-french-coop\",\"name\":\"\\u00c9v\\u00e8nements - Les prochaines dates \\u00e0 retenir pour la French Coop !\\u00a0\",\"isPartOf\":{\"@id\":\"https:\/\/lafrenchcoop.fr\/site\/#website\"},\"primaryImageOfPage\":{\"@id\":\"https:\/\/lafrenchcoop.fr\/site\/evenements\/les-prochaines-date-a-retenir-pour-la-french-coop#primaryimage\"},\"datePublished\":\"2023-07-03T21:09:00+00:00\",\"dateModified\":\"2023-11-15T14:05:16+00:00\",\"author\":{\"@id\":\"https:\/\/lafrenchcoop.fr\/site\/#\/schema\/person\/ecce7f92de9cf6454be5139dade6f6e5\"},\"description\":\"Les prochaines date \\u00e0 retenir pour la French Coop !\\u00a0 De beaux \\u00e9v\\u00e9nements vont se tenir pour notre \\u00e9picerie, notez les !\\u00a0\",\"breadcrumb\":{\"@id\":\"https:\/\/lafrenchcoop.fr\/site\/evenements\/les-prochaines-date-a-retenir-pour-la-french-coop#breadcrumb\"},\"inLanguage\":\"fr-FR\",\"potentialAction\":[{\"@type\":\"ReadAction\",\"target\":[\"https:\/\/lafrenchcoop.fr\/site\/evenements\/les-prochaines-date-a-retenir-pour-la-french-coop\"]}]},{\"@type\":\"BreadcrumbList\",\"@id\":\"https:\/\/lafrenchcoop.fr\/site\/evenements\/les-prochaines-date-a-retenir-pour-la-french-coop#breadcrumb\",\"itemListElement\":[{\"@type\":\"ListItem\",\"position\":1,\"name\":\"Accueil\",\"item\":\"https:\/\/lafrenchcoop.fr\/site\/\"},{\"@type\":\"ListItem\",\"position\":2,\"name\":\"Les prochaines dates \\u00e0 retenir pour la French Coop !\\u00a0\"}]},{\"@type\":\"Person\",\"@id\":\"https:\/\/lafrenchcoop.fr\/site\/#\/schema\/person\/ecce7f92de9cf6454be5139dade6f6e5\",\"name\":\"admin\",\"image\":{\"@type\":\"ImageObject\",\"@id\":\"https:\/\/lafrenchcoop.fr\/site\/#personlogo\",\"inLanguage\":\"fr-FR\",\"url\":\"https:\/\/secure.gravatar.com\/avatar\/654494f1593d8baff9d231e01b6f78c4?s=96&d=mm&r=g\",\"contentUrl\":\"https:\/\/secure.gravatar.com\/avatar\/654494f1593d8baff9d231e01b6f78c4?s=96&d=mm&r=g\",\"caption\":\"admin\"},\"url\":\"https:\/\/lafrenchcoop.fr\/site\/author\/admin\"}]}<\/script>\n<!-- \/ Yoast SEO plugin. -->","yoast_head_json":{"title":"\u00c9v\u00e8nements - Les prochaines dates \u00e0 retenir pour la French Coop !\u00a0","description":"Les prochaines date \u00e0 retenir pour la French Coop !\u00a0 De beaux \u00e9v\u00e9nements vont se tenir pour notre \u00e9picerie, notez les !\u00a0","robots":{"index":"index","follow":"follow","max-snippet":"max-snippet:-1","max-image-preview":"max-image-preview:large","max-video-preview":"max-video-preview:-1"},"canonical":"https:\/\/lafrenchcoop.fr\/site\/evenements\/les-prochaines-date-a-retenir-pour-la-french-coop","og_locale":"fr_FR","og_type":"article","og_title":"\u00c9v\u00e8nements - Les prochaines dates \u00e0 retenir pour la French Coop !\u00a0","og_description":"Les prochaines date \u00e0 retenir pour la French Coop !\u00a0 De beaux \u00e9v\u00e9nements vont se tenir pour notre \u00e9picerie, notez les !\u00a0","og_url":"https:\/\/lafrenchcoop.fr\/site\/evenements\/les-prochaines-date-a-retenir-pour-la-french-coop","og_site_name":"La French Coop","article_publisher":"https:\/\/www.facebook.com\/lafrenchcoop\/","article_published_time":"2023-07-03T21:09:00+00:00","article_modified_time":"2023-11-15T14:05:16+00:00","og_image":[{"width":800,"height":532,"url":"https:\/\/lafrenchcoop.fr\/site\/wp-content\/uploads\/2022\/12\/19_FRENCH_COOP_.jpg","type":"image\/jpeg"}],"twitter_card":"summary_large_image","twitter_creator":"@FrenchCoop","twitter_site":"@FrenchCoop","twitter_misc":{"\u00c9crit par":"admin","Dur\u00e9e de lecture estim\u00e9e":"1 minute"},"schema":{"@context":"https:\/\/schema.org","@graph":[{"@type":"WebSite","@id":"https:\/\/lafrenchcoop.fr\/site\/#website","url":"https:\/\/lafrenchcoop.fr\/site\/","name":"La French Coop","description":"L&#039;\u00e9picerie coop\u00e9rative et participative d&#039;Asni\u00e8res-sur-Seine !","potentialAction":[{"@type":"SearchAction","target":{"@type":"EntryPoint","urlTemplate":"https:\/\/lafrenchcoop.fr\/site\/?s={search_term_string}"},"query-input":"required name=search_term_string"}],"inLanguage":"fr-FR"},{"@type":"ImageObject","@id":"https:\/\/lafrenchcoop.fr\/site\/evenements\/les-prochaines-date-a-retenir-pour-la-french-coop#primaryimage","inLanguage":"fr-FR","url":"https:\/\/lafrenchcoop.fr\/site\/wp-content\/uploads\/2022\/12\/19_FRENCH_COOP_.jpg","contentUrl":"https:\/\/lafrenchcoop.fr\/site\/wp-content\/uploads\/2022\/12\/19_FRENCH_COOP_.jpg","width":800,"height":532},{"@type":"WebPage","@id":"https:\/\/lafrenchcoop.fr\/site\/evenements\/les-prochaines-date-a-retenir-pour-la-french-coop#webpage","url":"https:\/\/lafrenchcoop.fr\/site\/evenements\/les-prochaines-date-a-retenir-pour-la-french-coop","name":"\u00c9v\u00e8nements - Les prochaines dates \u00e0 retenir pour la French Coop !\u00a0","isPartOf":{"@id":"https:\/\/lafrenchcoop.fr\/site\/#website"},"primaryImageOfPage":{"@id":"https:\/\/lafrenchcoop.fr\/site\/evenements\/les-prochaines-date-a-retenir-pour-la-french-coop#primaryimage"},"datePublished":"2023-07-03T21:09:00+00:00","dateModified":"2023-11-15T14:05:16+00:00","author":{"@id":"https:\/\/lafrenchcoop.fr\/site\/#\/schema\/person\/ecce7f92de9cf6454be5139dade6f6e5"},"description":"Les prochaines date \u00e0 retenir pour la French Coop !\u00a0 De beaux \u00e9v\u00e9nements vont se tenir pour notre \u00e9picerie, notez les !\u00a0","breadcrumb":{"@id":"https:\/\/lafrenchcoop.fr\/site\/evenements\/les-prochaines-date-a-retenir-pour-la-french-coop#breadcrumb"},"inLanguage":"fr-FR","potentialAction":[{"@type":"ReadAction","target":["https:\/\/lafrenchcoop.fr\/site\/evenements\/les-prochaines-date-a-retenir-pour-la-french-coop"]}]},{"@type":"BreadcrumbList","@id":"https:\/\/lafrenchcoop.fr\/site\/evenements\/les-prochaines-date-a-retenir-pour-la-french-coop#breadcrumb","itemListElement":[{"@type":"ListItem","position":1,"name":"Accueil","item":"https:\/\/lafrenchcoop.fr\/site\/"},{"@type":"ListItem","position":2,"name":"Les prochaines dates \u00e0 retenir pour la French Coop !\u00a0"}]},{"@type":"Person","@id":"https:\/\/lafrenchcoop.fr\/site\/#\/schema\/person\/ecce7f92de9cf6454be5139dade6f6e5","name":"admin","image":{"@type":"ImageObject","@id":"https:\/\/lafrenchcoop.fr\/site\/#personlogo","inLanguage":"fr-FR","url":"https:\/\/secure.gravatar.com\/avatar\/654494f1593d8baff9d231e01b6f78c4?s=96&d=mm&r=g","contentUrl":"https:\/\/secure.gravatar.com\/avatar\/654494f1593d8baff9d231e01b6f78c4?s=96&d=mm&r=g","caption":"admin"},"url":"https:\/\/lafrenchcoop.fr\/site\/author\/admin"}]}},"_links":{"self":[{"href":"https:\/\/lafrenchcoop.fr\/site\/wp-json\/wp\/v2\/posts\/194409"}],"collection":[{"href":"https:\/\/lafrenchcoop.fr\/site\/wp-json\/wp\/v2\/posts"}],"about":[{"href":"https:\/\/lafrenchcoop.fr\/site\/wp-json\/wp\/v2\/types\/post"}],"author":[{"embeddable":true,"href":"https:\/\/lafrenchcoop.fr\/site\/wp-json\/wp\/v2\/users\/1"}],"replies":[{"embeddable":true,"href":"https:\/\/lafrenchcoop.fr\/site\/wp-json\/wp\/v2\/comments?post=194409"}],"version-history":[{"count":5,"href":"https:\/\/lafrenchcoop.fr\/site\/wp-json\/wp\/v2\/posts\/194409\/revisions"}],"predecessor-version":[{"id":194437,"href":"https:\/\/lafrenchcoop.fr\/site\/wp-json\/wp\/v2\/posts\/194409\/revisions\/194437"}],"wp:featuredmedia":[{"embeddable":true,"href":"https:\/\/lafrenchcoop.fr\/site\/wp-json\/wp\/v2\/media\/194232"}],"wp:attachment":[{"href":"https:\/\/lafrenchcoop.fr\/site\/wp-json\/wp\/v2\/media?parent=194409"}],"wp:term":[{"taxonomy":"category","embeddable":true,"href":"https:\/\/lafrenchcoop.fr\/site\/wp-json\/wp\/v2\/categories?post=194409"},{"taxonomy":"post_tag","embeddable":true,"href":"https:\/\/lafrenchcoop.fr\/site\/wp-json\/wp\/v2\/tags?post=194409"}],"curies":[{"name":"wp","href":"https:\/\/api.w.org\/{rel}","templated":true}]}}