{"id":393,"date":"2018-09-11T19:45:00","date_gmt":"2018-09-11T17:45:00","guid":{"rendered":""},"modified":"2020-06-13T14:07:41","modified_gmt":"2020-06-13T12:07:41","slug":"projection-du-film-food-coop","status":"publish","type":"post","link":"https:\/\/lafrenchcoop.fr\/site\/evenements\/projection-du-film-food-coop","title":{"rendered":"Projection du film Food Coop"},"content":{"rendered":"<div style=\"text-align: center;\">A VOS AGENDAS !<\/div>\n<div style=\"text-align: center;\">Dans 2 semaines, le lundi 24 septembre \u00e0 20h, au cin\u00e9ma L&rsquo;Alcazar \u00e0 Asni\u00e8res-sur-Seine, nous vous attendons nombreux pour la projection du film Food Coop&#8230;.LE film qui retrace la formidable aventure de la Park Slope Food Coop de New-York ! Un avant-go\u00fbt de ce que nous souhaitons mettre en place \u00e0 Asni\u00e8res.<br \/>Visualiser la bande-annonce =&gt; <a data-lynx-mode=\"hover\" data-lynx-uri=\"https:\/\/l.facebook.com\/l.php?u=https%3A%2F%2Fbit.ly%2F2MnCpdB&amp;h=AT1azxZjj3WVTI2T7lILVmL16R5_mIMnzij4g89XBhi9Q4WYXQ64mFYNOpLnMau1iQT3WsDuNV2mEcT0eBZj43kBw8WXRbHdtGSMIahpWi5gYSemC5f3n0DM62O2kae_jD4\" href=\"https:\/\/bit.ly\/2MnCpdB\" rel=\"nofollow noopener noreferrer\" target=\"_blank\">https:\/\/bit.ly\/2MnCpdB<\/a><\/div>\n\n\n<div class=\"wp-block-image\"><figure class=\"aligncenter\"><img loading=\"lazy\" width=\"526\" height=\"725\" src=\"https:\/\/lafrenchcoop.fr\/site\/wp-content\/uploads\/2018\/09\/39975723_1276777605795615_2330232925896835072_n.jpg\" alt=\"\" class=\"wp-image-4071\" srcset=\"https:\/\/lafrenchcoop.fr\/site\/wp-content\/uploads\/2018\/09\/39975723_1276777605795615_2330232925896835072_n.jpg 526w, https:\/\/lafrenchcoop.fr\/site\/wp-content\/uploads\/2018\/09\/39975723_1276777605795615_2330232925896835072_n-218x300.jpg 218w\" sizes=\"(max-width: 526px) 100vw, 526px\" \/><\/figure><\/div>\n","protected":false},"excerpt":{"rendered":"<p>A VOS AGENDAS ! Dans 2 semaines, le lundi 24 septembre \u00e0 20h, au cin\u00e9ma L&rsquo;Alcazar \u00e0 Asni\u00e8res-sur-Seine, nous vous attendons nombreux pour la projection du film Food Coop&#8230;.LE film qui retrace la formidable aventure de la Park Slope Food Coop de New-York ! Un avant-go\u00fbt de ce que nous [&hellip;]<\/p>\n","protected":false},"author":4,"featured_media":0,"comment_status":"closed","ping_status":"open","sticky":false,"template":"","format":"standard","meta":[],"categories":[10],"tags":[],"yoast_head":"<!-- This site is optimized with the Yoast SEO plugin v17.9 - https:\/\/yoast.com\/wordpress\/plugins\/seo\/ -->\n<title>Projection du film Food Coop - La French Coop<\/title>\n<meta name=\"robots\" content=\"index, follow, max-snippet:-1, max-image-preview:large, max-video-preview:-1\" \/>\n<link rel=\"canonical\" href=\"https:\/\/lafrenchcoop.fr\/site\/evenements\/projection-du-film-food-coop\" \/>\n<meta property=\"og:locale\" content=\"fr_FR\" \/>\n<meta property=\"og:type\" content=\"article\" \/>\n<meta property=\"og:title\" content=\"Projection du film Food Coop - La French Coop\" \/>\n<meta property=\"og:description\" content=\"A VOS AGENDAS ! Dans 2 semaines, le lundi 24 septembre \u00e0 20h, au cin\u00e9ma L&rsquo;Alcazar \u00e0 Asni\u00e8res-sur-Seine, nous vous attendons nombreux pour la projection du film Food Coop&#8230;.LE film qui retrace la formidable aventure de la Park Slope Food Coop de New-York ! Un avant-go\u00fbt de ce que nous [&hellip;]\" \/>\n<meta property=\"og:url\" content=\"https:\/\/lafrenchcoop.fr\/site\/evenements\/projection-du-film-food-coop\" \/>\n<meta property=\"og:site_name\" content=\"La French Coop\" \/>\n<meta property=\"article:publisher\" content=\"https:\/\/www.facebook.com\/lafrenchcoop\/\" \/>\n<meta property=\"article:published_time\" content=\"2018-09-11T17:45:00+00:00\" \/>\n<meta property=\"article:modified_time\" content=\"2020-06-13T12:07:41+00:00\" \/>\n<meta property=\"og:image\" content=\"https:\/\/lafrenchcoop.fr\/site\/wp-content\/uploads\/2018\/09\/39975723_1276777605795615_2330232925896835072_n.jpg\" \/>\n<meta name=\"twitter:card\" content=\"summary_large_image\" \/>\n<meta name=\"twitter:creator\" content=\"@FrenchCoop\" \/>\n<meta name=\"twitter:site\" content=\"@FrenchCoop\" \/>\n<meta name=\"twitter:label1\" content=\"\u00c9crit par\" \/>\n\t<meta name=\"twitter:data1\" content=\"lafrenchcoop\" \/>\n<script type=\"application\/ld+json\" class=\"yoast-schema-graph\">{\"@context\":\"https:\/\/schema.org\",\"@graph\":[{\"@type\":\"WebSite\",\"@id\":\"https:\/\/lafrenchcoop.fr\/site\/#website\",\"url\":\"https:\/\/lafrenchcoop.fr\/site\/\",\"name\":\"La French Coop\",\"description\":\"L&#039;\\u00e9picerie coop\\u00e9rative et participative d&#039;Asni\\u00e8res-sur-Seine !\",\"potentialAction\":[{\"@type\":\"SearchAction\",\"target\":{\"@type\":\"EntryPoint\",\"urlTemplate\":\"https:\/\/lafrenchcoop.fr\/site\/?s={search_term_string}\"},\"query-input\":\"required name=search_term_string\"}],\"inLanguage\":\"fr-FR\"},{\"@type\":\"ImageObject\",\"@id\":\"https:\/\/lafrenchcoop.fr\/site\/evenements\/projection-du-film-food-coop#primaryimage\",\"inLanguage\":\"fr-FR\",\"url\":\"https:\/\/lafrenchcoop.fr\/site\/wp-content\/uploads\/2018\/09\/39975723_1276777605795615_2330232925896835072_n.jpg\",\"contentUrl\":\"https:\/\/lafrenchcoop.fr\/site\/wp-content\/uploads\/2018\/09\/39975723_1276777605795615_2330232925896835072_n.jpg\",\"width\":526,\"height\":725},{\"@type\":\"WebPage\",\"@id\":\"https:\/\/lafrenchcoop.fr\/site\/evenements\/projection-du-film-food-coop#webpage\",\"url\":\"https:\/\/lafrenchcoop.fr\/site\/evenements\/projection-du-film-food-coop\",\"name\":\"Projection du film Food Coop - La French Coop\",\"isPartOf\":{\"@id\":\"https:\/\/lafrenchcoop.fr\/site\/#website\"},\"primaryImageOfPage\":{\"@id\":\"https:\/\/lafrenchcoop.fr\/site\/evenements\/projection-du-film-food-coop#primaryimage\"},\"datePublished\":\"2018-09-11T17:45:00+00:00\",\"dateModified\":\"2020-06-13T12:07:41+00:00\",\"author\":{\"@id\":\"https:\/\/lafrenchcoop.fr\/site\/#\/schema\/person\/ba218cfcafb09c5becc70800de7554bf\"},\"breadcrumb\":{\"@id\":\"https:\/\/lafrenchcoop.fr\/site\/evenements\/projection-du-film-food-coop#breadcrumb\"},\"inLanguage\":\"fr-FR\",\"potentialAction\":[{\"@type\":\"ReadAction\",\"target\":[\"https:\/\/lafrenchcoop.fr\/site\/evenements\/projection-du-film-food-coop\"]}]},{\"@type\":\"BreadcrumbList\",\"@id\":\"https:\/\/lafrenchcoop.fr\/site\/evenements\/projection-du-film-food-coop#breadcrumb\",\"itemListElement\":[{\"@type\":\"ListItem\",\"position\":1,\"name\":\"Accueil\",\"item\":\"https:\/\/lafrenchcoop.fr\/site\/\"},{\"@type\":\"ListItem\",\"position\":2,\"name\":\"Projection du film Food Coop\"}]},{\"@type\":\"Person\",\"@id\":\"https:\/\/lafrenchcoop.fr\/site\/#\/schema\/person\/ba218cfcafb09c5becc70800de7554bf\",\"name\":\"lafrenchcoop\",\"image\":{\"@type\":\"ImageObject\",\"@id\":\"https:\/\/lafrenchcoop.fr\/site\/#personlogo\",\"inLanguage\":\"fr-FR\",\"url\":\"https:\/\/secure.gravatar.com\/avatar\/f35efd74c5723ad71a999ece82bb95f4?s=96&d=mm&r=g\",\"contentUrl\":\"https:\/\/secure.gravatar.com\/avatar\/f35efd74c5723ad71a999ece82bb95f4?s=96&d=mm&r=g\",\"caption\":\"lafrenchcoop\"},\"url\":\"https:\/\/lafrenchcoop.fr\/site\/author\/lafrenchcoop\"}]}<\/script>\n<!-- \/ Yoast SEO plugin. -->","yoast_head_json":{"title":"Projection du film Food Coop - La French Coop","robots":{"index":"index","follow":"follow","max-snippet":"max-snippet:-1","max-image-preview":"max-image-preview:large","max-video-preview":"max-video-preview:-1"},"canonical":"https:\/\/lafrenchcoop.fr\/site\/evenements\/projection-du-film-food-coop","og_locale":"fr_FR","og_type":"article","og_title":"Projection du film Food Coop - La French Coop","og_description":"A VOS AGENDAS ! Dans 2 semaines, le lundi 24 septembre \u00e0 20h, au cin\u00e9ma L&rsquo;Alcazar \u00e0 Asni\u00e8res-sur-Seine, nous vous attendons nombreux pour la projection du film Food Coop&#8230;.LE film qui retrace la formidable aventure de la Park Slope Food Coop de New-York ! Un avant-go\u00fbt de ce que nous [&hellip;]","og_url":"https:\/\/lafrenchcoop.fr\/site\/evenements\/projection-du-film-food-coop","og_site_name":"La French Coop","article_publisher":"https:\/\/www.facebook.com\/lafrenchcoop\/","article_published_time":"2018-09-11T17:45:00+00:00","article_modified_time":"2020-06-13T12:07:41+00:00","og_image":[{"url":"https:\/\/lafrenchcoop.fr\/site\/wp-content\/uploads\/2018\/09\/39975723_1276777605795615_2330232925896835072_n.jpg"}],"twitter_card":"summary_large_image","twitter_creator":"@FrenchCoop","twitter_site":"@FrenchCoop","twitter_misc":{"\u00c9crit par":"lafrenchcoop"},"schema":{"@context":"https:\/\/schema.org","@graph":[{"@type":"WebSite","@id":"https:\/\/lafrenchcoop.fr\/site\/#website","url":"https:\/\/lafrenchcoop.fr\/site\/","name":"La French Coop","description":"L&#039;\u00e9picerie coop\u00e9rative et participative d&#039;Asni\u00e8res-sur-Seine !","potentialAction":[{"@type":"SearchAction","target":{"@type":"EntryPoint","urlTemplate":"https:\/\/lafrenchcoop.fr\/site\/?s={search_term_string}"},"query-input":"required name=search_term_string"}],"inLanguage":"fr-FR"},{"@type":"ImageObject","@id":"https:\/\/lafrenchcoop.fr\/site\/evenements\/projection-du-film-food-coop#primaryimage","inLanguage":"fr-FR","url":"https:\/\/lafrenchcoop.fr\/site\/wp-content\/uploads\/2018\/09\/39975723_1276777605795615_2330232925896835072_n.jpg","contentUrl":"https:\/\/lafrenchcoop.fr\/site\/wp-content\/uploads\/2018\/09\/39975723_1276777605795615_2330232925896835072_n.jpg","width":526,"height":725},{"@type":"WebPage","@id":"https:\/\/lafrenchcoop.fr\/site\/evenements\/projection-du-film-food-coop#webpage","url":"https:\/\/lafrenchcoop.fr\/site\/evenements\/projection-du-film-food-coop","name":"Projection du film Food Coop - La French Coop","isPartOf":{"@id":"https:\/\/lafrenchcoop.fr\/site\/#website"},"primaryImageOfPage":{"@id":"https:\/\/lafrenchcoop.fr\/site\/evenements\/projection-du-film-food-coop#primaryimage"},"datePublished":"2018-09-11T17:45:00+00:00","dateModified":"2020-06-13T12:07:41+00:00","author":{"@id":"https:\/\/lafrenchcoop.fr\/site\/#\/schema\/person\/ba218cfcafb09c5becc70800de7554bf"},"breadcrumb":{"@id":"https:\/\/lafrenchcoop.fr\/site\/evenements\/projection-du-film-food-coop#breadcrumb"},"inLanguage":"fr-FR","potentialAction":[{"@type":"ReadAction","target":["https:\/\/lafrenchcoop.fr\/site\/evenements\/projection-du-film-food-coop"]}]},{"@type":"BreadcrumbList","@id":"https:\/\/lafrenchcoop.fr\/site\/evenements\/projection-du-film-food-coop#breadcrumb","itemListElement":[{"@type":"ListItem","position":1,"name":"Accueil","item":"https:\/\/lafrenchcoop.fr\/site\/"},{"@type":"ListItem","position":2,"name":"Projection du film Food Coop"}]},{"@type":"Person","@id":"https:\/\/lafrenchcoop.fr\/site\/#\/schema\/person\/ba218cfcafb09c5becc70800de7554bf","name":"lafrenchcoop","image":{"@type":"ImageObject","@id":"https:\/\/lafrenchcoop.fr\/site\/#personlogo","inLanguage":"fr-FR","url":"https:\/\/secure.gravatar.com\/avatar\/f35efd74c5723ad71a999ece82bb95f4?s=96&d=mm&r=g","contentUrl":"https:\/\/secure.gravatar.com\/avatar\/f35efd74c5723ad71a999ece82bb95f4?s=96&d=mm&r=g","caption":"lafrenchcoop"},"url":"https:\/\/lafrenchcoop.fr\/site\/author\/lafrenchcoop"}]}},"_links":{"self":[{"href":"https:\/\/lafrenchcoop.fr\/site\/wp-json\/wp\/v2\/posts\/393"}],"collection":[{"href":"https:\/\/lafrenchcoop.fr\/site\/wp-json\/wp\/v2\/posts"}],"about":[{"href":"https:\/\/lafrenchcoop.fr\/site\/wp-json\/wp\/v2\/types\/post"}],"author":[{"embeddable":true,"href":"https:\/\/lafrenchcoop.fr\/site\/wp-json\/wp\/v2\/users\/4"}],"replies":[{"embeddable":true,"href":"https:\/\/lafrenchcoop.fr\/site\/wp-json\/wp\/v2\/comments?post=393"}],"version-history":[{"count":4,"href":"https:\/\/lafrenchcoop.fr\/site\/wp-json\/wp\/v2\/posts\/393\/revisions"}],"predecessor-version":[{"id":64962,"href":"https:\/\/lafrenchcoop.fr\/site\/wp-json\/wp\/v2\/posts\/393\/revisions\/64962"}],"wp:attachment":[{"href":"https:\/\/lafrenchcoop.fr\/site\/wp-json\/wp\/v2\/media?parent=393"}],"wp:term":[{"taxonomy":"category","embeddable":true,"href":"https:\/\/lafrenchcoop.fr\/site\/wp-json\/wp\/v2\/categories?post=393"},{"taxonomy":"post_tag","embeddable":true,"href":"https:\/\/lafrenchcoop.fr\/site\/wp-json\/wp\/v2\/tags?post=393"}],"curies":[{"name":"wp","href":"https:\/\/api.w.org\/{rel}","templated":true}]}}