{"id":395,"date":"2018-09-05T19:00:00","date_gmt":"2018-09-05T17:00:00","guid":{"rendered":""},"modified":"2020-06-13T15:57:05","modified_gmt":"2020-06-13T13:57:05","slug":"forum-des-associations","status":"publish","type":"post","link":"https:\/\/lafrenchcoop.fr\/site\/evenements\/forum-des-associations","title":{"rendered":"Forum des associations"},"content":{"rendered":"<div style=\"text-align: center;\"><\/div>\n<div style=\"text-align: center;\"><\/div>\n<div style=\"text-align: center;\"><\/div>\n<div style=\"text-align: center;\"><\/div>\n<div style=\"text-align: center;\"><\/div>\n<div style=\"text-align: center;\"><\/div>\n<div style=\"text-align: center;\"><\/div>\n<div style=\"text-align: center;\"><\/div>\n<div style=\"text-align: center;\"><span data-ft=\"{&quot;tn&quot;:&quot;K&quot;}\" tabindex=\"0\"><span>Retrouvez-nous  samedi de 9h \u00e0 18h au Forum des Associations&nbsp;<\/span><\/span><\/div>\n<div style=\"text-align: center;\"><span data-ft=\"{&quot;tn&quot;:&quot;K&quot;}\" tabindex=\"0\"><span>organis\u00e9 par la <\/span><\/span><span data-ft=\"{&quot;tn&quot;:&quot;K&quot;}\" tabindex=\"0\"><span>ville  d&rsquo;Asni\u00e8res-sur-Seine.&nbsp;<\/span><\/span><\/div>\n<div style=\"text-align: center;\"><\/div>\n<div style=\"text-align: center;\"><span data-ft=\"{&quot;tn&quot;:&quot;K&quot;}\" tabindex=\"0\"><span>Vous pourrez nous rencontrer \u00e0 notre stand<\/span><\/span><\/div>\n<div style=\"text-align: center;\"><span data-ft=\"{&quot;tn&quot;:&quot;K&quot;}\" tabindex=\"0\"><span>&nbsp;\u00e0  l&rsquo;Espace Concorde-Francis Delage &#8211; 27 rue de la Concorde&nbsp;<\/span><\/span><\/div>\n<div style=\"text-align: center;\"><span data-ft=\"{&quot;tn&quot;:&quot;K&quot;}\" tabindex=\"0\"><span><br \/> Nous vous pr\u00e9senterons le projet, son avancement et nos ambitions !<br \/> A samedi<\/span><\/span><\/div>\n<div style=\"text-align: center;\"><\/div>\n<div style=\"text-align: center;\"><span data-ft=\"{&quot;tn&quot;:&quot;K&quot;}\" tabindex=\"0\"><span><img alt=\"L\u2019image contient peut-\u00eatre\u00a0: 1 personne, sourit, texte\" class=\"spotlight\" src=\"https:\/\/scontent-cdg2-1.xx.fbcdn.net\/v\/t1.0-9\/38765847_1259203994219643_6985313180759097344_n.png?_nc_cat=0&amp;oh=6b95a43b9a5a4b18316825ea05a9a9d1&amp;oe=5C35670B\" style=\"height: 480px; width: 361px;\" \/> <\/span><\/span><\/div>\n","protected":false},"excerpt":{"rendered":"<p>Retrouvez-nous samedi de 9h \u00e0 18h au Forum des Associations&nbsp; organis\u00e9 par la ville d&rsquo;Asni\u00e8res-sur-Seine.&nbsp; Vous pourrez nous rencontrer \u00e0 notre stand &nbsp;\u00e0 l&rsquo;Espace Concorde-Francis Delage &#8211; 27 rue de la Concorde&nbsp; Nous vous pr\u00e9senterons le projet, son avancement et nos ambitions ! A samedi<\/p>\n","protected":false},"author":4,"featured_media":0,"comment_status":"closed","ping_status":"open","sticky":false,"template":"","format":"standard","meta":[],"categories":[10],"tags":[],"yoast_head":"<!-- This site is optimized with the Yoast SEO plugin v17.9 - https:\/\/yoast.com\/wordpress\/plugins\/seo\/ -->\n<title>Forum des associations - La French Coop<\/title>\n<meta name=\"robots\" content=\"index, follow, max-snippet:-1, max-image-preview:large, max-video-preview:-1\" \/>\n<link rel=\"canonical\" href=\"https:\/\/lafrenchcoop.fr\/site\/evenements\/forum-des-associations\" \/>\n<meta property=\"og:locale\" content=\"fr_FR\" \/>\n<meta property=\"og:type\" content=\"article\" \/>\n<meta property=\"og:title\" content=\"Forum des associations - La French Coop\" \/>\n<meta property=\"og:description\" content=\"Retrouvez-nous samedi de 9h \u00e0 18h au Forum des Associations&nbsp; organis\u00e9 par la ville d&rsquo;Asni\u00e8res-sur-Seine.&nbsp; Vous pourrez nous rencontrer \u00e0 notre stand &nbsp;\u00e0 l&rsquo;Espace Concorde-Francis Delage &#8211; 27 rue de la Concorde&nbsp; Nous vous pr\u00e9senterons le projet, son avancement et nos ambitions ! A samedi\" \/>\n<meta property=\"og:url\" content=\"https:\/\/lafrenchcoop.fr\/site\/evenements\/forum-des-associations\" \/>\n<meta property=\"og:site_name\" content=\"La French Coop\" \/>\n<meta property=\"article:publisher\" content=\"https:\/\/www.facebook.com\/lafrenchcoop\/\" \/>\n<meta property=\"article:published_time\" content=\"2018-09-05T17:00:00+00:00\" \/>\n<meta property=\"article:modified_time\" content=\"2020-06-13T13:57:05+00:00\" \/>\n<meta property=\"og:image\" content=\"https:\/\/scontent-cdg2-1.xx.fbcdn.net\/v\/t1.0-9\/38765847_1259203994219643_6985313180759097344_n.png?_nc_cat=0&#038;oh=6b95a43b9a5a4b18316825ea05a9a9d1&#038;oe=5C35670B\" \/>\n<meta name=\"twitter:card\" content=\"summary_large_image\" \/>\n<meta name=\"twitter:creator\" content=\"@FrenchCoop\" \/>\n<meta name=\"twitter:site\" content=\"@FrenchCoop\" \/>\n<meta name=\"twitter:label1\" content=\"\u00c9crit par\" \/>\n\t<meta name=\"twitter:data1\" content=\"lafrenchcoop\" \/>\n<script type=\"application\/ld+json\" class=\"yoast-schema-graph\">{\"@context\":\"https:\/\/schema.org\",\"@graph\":[{\"@type\":\"WebSite\",\"@id\":\"https:\/\/lafrenchcoop.fr\/site\/#website\",\"url\":\"https:\/\/lafrenchcoop.fr\/site\/\",\"name\":\"La French Coop\",\"description\":\"L&#039;\\u00e9picerie coop\\u00e9rative et participative d&#039;Asni\\u00e8res-sur-Seine !\",\"potentialAction\":[{\"@type\":\"SearchAction\",\"target\":{\"@type\":\"EntryPoint\",\"urlTemplate\":\"https:\/\/lafrenchcoop.fr\/site\/?s={search_term_string}\"},\"query-input\":\"required name=search_term_string\"}],\"inLanguage\":\"fr-FR\"},{\"@type\":\"ImageObject\",\"@id\":\"https:\/\/lafrenchcoop.fr\/site\/evenements\/forum-des-associations#primaryimage\",\"inLanguage\":\"fr-FR\",\"url\":\"https:\/\/scontent-cdg2-1.xx.fbcdn.net\/v\/t1.0-9\/38765847_1259203994219643_6985313180759097344_n.png?_nc_cat=0&amp;oh=6b95a43b9a5a4b18316825ea05a9a9d1&amp;oe=5C35670B\",\"contentUrl\":\"https:\/\/scontent-cdg2-1.xx.fbcdn.net\/v\/t1.0-9\/38765847_1259203994219643_6985313180759097344_n.png?_nc_cat=0&amp;oh=6b95a43b9a5a4b18316825ea05a9a9d1&amp;oe=5C35670B\"},{\"@type\":\"WebPage\",\"@id\":\"https:\/\/lafrenchcoop.fr\/site\/evenements\/forum-des-associations#webpage\",\"url\":\"https:\/\/lafrenchcoop.fr\/site\/evenements\/forum-des-associations\",\"name\":\"Forum des associations - La French Coop\",\"isPartOf\":{\"@id\":\"https:\/\/lafrenchcoop.fr\/site\/#website\"},\"primaryImageOfPage\":{\"@id\":\"https:\/\/lafrenchcoop.fr\/site\/evenements\/forum-des-associations#primaryimage\"},\"datePublished\":\"2018-09-05T17:00:00+00:00\",\"dateModified\":\"2020-06-13T13:57:05+00:00\",\"author\":{\"@id\":\"https:\/\/lafrenchcoop.fr\/site\/#\/schema\/person\/ba218cfcafb09c5becc70800de7554bf\"},\"breadcrumb\":{\"@id\":\"https:\/\/lafrenchcoop.fr\/site\/evenements\/forum-des-associations#breadcrumb\"},\"inLanguage\":\"fr-FR\",\"potentialAction\":[{\"@type\":\"ReadAction\",\"target\":[\"https:\/\/lafrenchcoop.fr\/site\/evenements\/forum-des-associations\"]}]},{\"@type\":\"BreadcrumbList\",\"@id\":\"https:\/\/lafrenchcoop.fr\/site\/evenements\/forum-des-associations#breadcrumb\",\"itemListElement\":[{\"@type\":\"ListItem\",\"position\":1,\"name\":\"Accueil\",\"item\":\"https:\/\/lafrenchcoop.fr\/site\/\"},{\"@type\":\"ListItem\",\"position\":2,\"name\":\"Forum des associations\"}]},{\"@type\":\"Person\",\"@id\":\"https:\/\/lafrenchcoop.fr\/site\/#\/schema\/person\/ba218cfcafb09c5becc70800de7554bf\",\"name\":\"lafrenchcoop\",\"image\":{\"@type\":\"ImageObject\",\"@id\":\"https:\/\/lafrenchcoop.fr\/site\/#personlogo\",\"inLanguage\":\"fr-FR\",\"url\":\"https:\/\/secure.gravatar.com\/avatar\/f35efd74c5723ad71a999ece82bb95f4?s=96&d=mm&r=g\",\"contentUrl\":\"https:\/\/secure.gravatar.com\/avatar\/f35efd74c5723ad71a999ece82bb95f4?s=96&d=mm&r=g\",\"caption\":\"lafrenchcoop\"},\"url\":\"https:\/\/lafrenchcoop.fr\/site\/author\/lafrenchcoop\"}]}<\/script>\n<!-- \/ Yoast SEO plugin. -->","yoast_head_json":{"title":"Forum des associations - La French Coop","robots":{"index":"index","follow":"follow","max-snippet":"max-snippet:-1","max-image-preview":"max-image-preview:large","max-video-preview":"max-video-preview:-1"},"canonical":"https:\/\/lafrenchcoop.fr\/site\/evenements\/forum-des-associations","og_locale":"fr_FR","og_type":"article","og_title":"Forum des associations - La French Coop","og_description":"Retrouvez-nous samedi de 9h \u00e0 18h au Forum des Associations&nbsp; organis\u00e9 par la ville d&rsquo;Asni\u00e8res-sur-Seine.&nbsp; Vous pourrez nous rencontrer \u00e0 notre stand &nbsp;\u00e0 l&rsquo;Espace Concorde-Francis Delage &#8211; 27 rue de la Concorde&nbsp; Nous vous pr\u00e9senterons le projet, son avancement et nos ambitions ! A samedi","og_url":"https:\/\/lafrenchcoop.fr\/site\/evenements\/forum-des-associations","og_site_name":"La French Coop","article_publisher":"https:\/\/www.facebook.com\/lafrenchcoop\/","article_published_time":"2018-09-05T17:00:00+00:00","article_modified_time":"2020-06-13T13:57:05+00:00","og_image":[{"url":"https:\/\/scontent-cdg2-1.xx.fbcdn.net\/v\/t1.0-9\/38765847_1259203994219643_6985313180759097344_n.png?_nc_cat=0&amp;oh=6b95a43b9a5a4b18316825ea05a9a9d1&amp;oe=5C35670B"}],"twitter_card":"summary_large_image","twitter_creator":"@FrenchCoop","twitter_site":"@FrenchCoop","twitter_misc":{"\u00c9crit par":"lafrenchcoop"},"schema":{"@context":"https:\/\/schema.org","@graph":[{"@type":"WebSite","@id":"https:\/\/lafrenchcoop.fr\/site\/#website","url":"https:\/\/lafrenchcoop.fr\/site\/","name":"La French Coop","description":"L&#039;\u00e9picerie coop\u00e9rative et participative d&#039;Asni\u00e8res-sur-Seine !","potentialAction":[{"@type":"SearchAction","target":{"@type":"EntryPoint","urlTemplate":"https:\/\/lafrenchcoop.fr\/site\/?s={search_term_string}"},"query-input":"required name=search_term_string"}],"inLanguage":"fr-FR"},{"@type":"ImageObject","@id":"https:\/\/lafrenchcoop.fr\/site\/evenements\/forum-des-associations#primaryimage","inLanguage":"fr-FR","url":"https:\/\/scontent-cdg2-1.xx.fbcdn.net\/v\/t1.0-9\/38765847_1259203994219643_6985313180759097344_n.png?_nc_cat=0&amp;oh=6b95a43b9a5a4b18316825ea05a9a9d1&amp;oe=5C35670B","contentUrl":"https:\/\/scontent-cdg2-1.xx.fbcdn.net\/v\/t1.0-9\/38765847_1259203994219643_6985313180759097344_n.png?_nc_cat=0&amp;oh=6b95a43b9a5a4b18316825ea05a9a9d1&amp;oe=5C35670B"},{"@type":"WebPage","@id":"https:\/\/lafrenchcoop.fr\/site\/evenements\/forum-des-associations#webpage","url":"https:\/\/lafrenchcoop.fr\/site\/evenements\/forum-des-associations","name":"Forum des associations - La French Coop","isPartOf":{"@id":"https:\/\/lafrenchcoop.fr\/site\/#website"},"primaryImageOfPage":{"@id":"https:\/\/lafrenchcoop.fr\/site\/evenements\/forum-des-associations#primaryimage"},"datePublished":"2018-09-05T17:00:00+00:00","dateModified":"2020-06-13T13:57:05+00:00","author":{"@id":"https:\/\/lafrenchcoop.fr\/site\/#\/schema\/person\/ba218cfcafb09c5becc70800de7554bf"},"breadcrumb":{"@id":"https:\/\/lafrenchcoop.fr\/site\/evenements\/forum-des-associations#breadcrumb"},"inLanguage":"fr-FR","potentialAction":[{"@type":"ReadAction","target":["https:\/\/lafrenchcoop.fr\/site\/evenements\/forum-des-associations"]}]},{"@type":"BreadcrumbList","@id":"https:\/\/lafrenchcoop.fr\/site\/evenements\/forum-des-associations#breadcrumb","itemListElement":[{"@type":"ListItem","position":1,"name":"Accueil","item":"https:\/\/lafrenchcoop.fr\/site\/"},{"@type":"ListItem","position":2,"name":"Forum des associations"}]},{"@type":"Person","@id":"https:\/\/lafrenchcoop.fr\/site\/#\/schema\/person\/ba218cfcafb09c5becc70800de7554bf","name":"lafrenchcoop","image":{"@type":"ImageObject","@id":"https:\/\/lafrenchcoop.fr\/site\/#personlogo","inLanguage":"fr-FR","url":"https:\/\/secure.gravatar.com\/avatar\/f35efd74c5723ad71a999ece82bb95f4?s=96&d=mm&r=g","contentUrl":"https:\/\/secure.gravatar.com\/avatar\/f35efd74c5723ad71a999ece82bb95f4?s=96&d=mm&r=g","caption":"lafrenchcoop"},"url":"https:\/\/lafrenchcoop.fr\/site\/author\/lafrenchcoop"}]}},"_links":{"self":[{"href":"https:\/\/lafrenchcoop.fr\/site\/wp-json\/wp\/v2\/posts\/395"}],"collection":[{"href":"https:\/\/lafrenchcoop.fr\/site\/wp-json\/wp\/v2\/posts"}],"about":[{"href":"https:\/\/lafrenchcoop.fr\/site\/wp-json\/wp\/v2\/types\/post"}],"author":[{"embeddable":true,"href":"https:\/\/lafrenchcoop.fr\/site\/wp-json\/wp\/v2\/users\/4"}],"replies":[{"embeddable":true,"href":"https:\/\/lafrenchcoop.fr\/site\/wp-json\/wp\/v2\/comments?post=395"}],"version-history":[{"count":2,"href":"https:\/\/lafrenchcoop.fr\/site\/wp-json\/wp\/v2\/posts\/395\/revisions"}],"predecessor-version":[{"id":4113,"href":"https:\/\/lafrenchcoop.fr\/site\/wp-json\/wp\/v2\/posts\/395\/revisions\/4113"}],"wp:attachment":[{"href":"https:\/\/lafrenchcoop.fr\/site\/wp-json\/wp\/v2\/media?parent=395"}],"wp:term":[{"taxonomy":"category","embeddable":true,"href":"https:\/\/lafrenchcoop.fr\/site\/wp-json\/wp\/v2\/categories?post=395"},{"taxonomy":"post_tag","embeddable":true,"href":"https:\/\/lafrenchcoop.fr\/site\/wp-json\/wp\/v2\/tags?post=395"}],"curies":[{"name":"wp","href":"https:\/\/api.w.org\/{rel}","templated":true}]}}