{"id":397,"date":"2018-06-25T08:00:00","date_gmt":"2018-06-25T06:00:00","guid":{"rendered":""},"modified":"2020-06-13T15:57:11","modified_gmt":"2020-06-13T13:57:11","slug":"reunions-dinformation-du-mois-de-juillet","status":"publish","type":"post","link":"https:\/\/lafrenchcoop.fr\/site\/evenements\/reunions-dinformation-du-mois-de-juillet","title":{"rendered":"R\u00e9unions d&rsquo;information du mois de juillet !"},"content":{"rendered":"<div style=\"clear: both; text-align: center;\"><a href=\"https:\/\/lafrenchcoop.fr\/site\/wp-content\/uploads\/2018\/06\/collaboratif.jpg\" style=\"margin-left: 1em; margin-right: 1em;\"><img border=\"0\" data-original-height=\"183\" data-original-width=\"275\" src=\"https:\/\/lafrenchcoop.fr\/site\/wp-content\/uploads\/2018\/06\/collaboratif.jpg\" \/><\/a><\/div>\n<p>Bonjour \u00e0 tous,<\/p>\n<p>Avant de partir profiter des cong\u00e9s d&rsquo;\u00e9t\u00e9 bien m\u00e9rit\u00e9s, Les Amis de la French Coop vous donne rendez-vous lors de 2 prochaines r\u00e9unions d&rsquo;information :<\/p>\n<p>&#8211; Lundi 2 juillet &#8211; 19h30-21h00<br \/>&#8211; Samedi 7 juillet &#8211; 10h30-12h00<\/p>\n<p>Curieux de conna\u00eetre le projet de La French Coop ? C&rsquo;est lors de ces r\u00e9unions que vous pourrez poser toutes vos questions !<\/p>\n<p>N&rsquo;h\u00e9sitez pas \u00e0 vous s&rsquo;inscrire via le lien ci-dessous :<br \/>https:\/\/docs.google.com\/forms\/d\/e\/1FAIpQLSff3A4wLGLJn7LsUvlGE_t_fbnUM7-uR-vTVLqnzfIx1f7wdA\/viewform<\/p>\n<p><span style=\"background-color: white; color: #1d2129; font-family: , , &quot;blinkmacsystemfont&quot; , &quot;.sfnstext-regular&quot; , sans-serif; font-size: 14px; white-space: pre-wrap;\">Lieu : Centre Administratif et Social d&rsquo;Asni\u00e8res, place de l&rsquo;h\u00f4tel de ville<\/span><br \/><span style=\"background-color: white; color: #1d2129; font-family: , , &quot;blinkmacsystemfont&quot; , &quot;.sfnstext-regular&quot; , sans-serif; font-size: 14px; white-space: pre-wrap;\"><br \/><\/span>A bient\u00f4t,<\/p>\n<p>Les Amis de la French Coop<\/p>\n","protected":false},"excerpt":{"rendered":"<p>Bonjour \u00e0 tous, Avant de partir profiter des cong\u00e9s d&rsquo;\u00e9t\u00e9 bien m\u00e9rit\u00e9s, Les Amis de la French Coop vous donne rendez-vous lors de 2 prochaines r\u00e9unions d&rsquo;information : &#8211; Lundi 2 juillet &#8211; 19h30-21h00&#8211; Samedi 7 juillet &#8211; 10h30-12h00 Curieux de conna\u00eetre le projet de La French Coop ? C&rsquo;est [&hellip;]<\/p>\n","protected":false},"author":4,"featured_media":427,"comment_status":"closed","ping_status":"open","sticky":false,"template":"","format":"standard","meta":[],"categories":[10],"tags":[],"yoast_head":"<!-- This site is optimized with the Yoast SEO plugin v17.9 - https:\/\/yoast.com\/wordpress\/plugins\/seo\/ -->\n<title>R\u00e9unions d&#039;information du mois de juillet ! - La French Coop<\/title>\n<meta name=\"robots\" content=\"index, follow, max-snippet:-1, max-image-preview:large, max-video-preview:-1\" \/>\n<link rel=\"canonical\" href=\"https:\/\/lafrenchcoop.fr\/site\/evenements\/reunions-dinformation-du-mois-de-juillet\" \/>\n<meta property=\"og:locale\" content=\"fr_FR\" \/>\n<meta property=\"og:type\" content=\"article\" \/>\n<meta property=\"og:title\" content=\"R\u00e9unions d&#039;information du mois de juillet ! - La French Coop\" \/>\n<meta property=\"og:description\" content=\"Bonjour \u00e0 tous, Avant de partir profiter des cong\u00e9s d&rsquo;\u00e9t\u00e9 bien m\u00e9rit\u00e9s, Les Amis de la French Coop vous donne rendez-vous lors de 2 prochaines r\u00e9unions d&rsquo;information : &#8211; Lundi 2 juillet &#8211; 19h30-21h00&#8211; Samedi 7 juillet &#8211; 10h30-12h00 Curieux de conna\u00eetre le projet de La French Coop ? C&rsquo;est [&hellip;]\" \/>\n<meta property=\"og:url\" content=\"https:\/\/lafrenchcoop.fr\/site\/evenements\/reunions-dinformation-du-mois-de-juillet\" \/>\n<meta property=\"og:site_name\" content=\"La French Coop\" \/>\n<meta property=\"article:publisher\" content=\"https:\/\/www.facebook.com\/lafrenchcoop\/\" \/>\n<meta property=\"article:published_time\" content=\"2018-06-25T06:00:00+00:00\" \/>\n<meta property=\"article:modified_time\" content=\"2020-06-13T13:57:11+00:00\" \/>\n<meta property=\"og:image\" content=\"https:\/\/lafrenchcoop.fr\/site\/wp-content\/uploads\/2018\/06\/collaboratif.jpg\" \/>\n\t<meta property=\"og:image:width\" content=\"275\" \/>\n\t<meta property=\"og:image:height\" content=\"183\" \/>\n\t<meta property=\"og:image:type\" content=\"image\/jpeg\" \/>\n<meta name=\"twitter:card\" content=\"summary_large_image\" \/>\n<meta name=\"twitter:creator\" content=\"@FrenchCoop\" \/>\n<meta name=\"twitter:site\" content=\"@FrenchCoop\" \/>\n<meta name=\"twitter:label1\" content=\"\u00c9crit par\" \/>\n\t<meta name=\"twitter:data1\" content=\"lafrenchcoop\" \/>\n\t<meta name=\"twitter:label2\" content=\"Dur\u00e9e de lecture estim\u00e9e\" \/>\n\t<meta name=\"twitter:data2\" content=\"1 minute\" \/>\n<script type=\"application\/ld+json\" class=\"yoast-schema-graph\">{\"@context\":\"https:\/\/schema.org\",\"@graph\":[{\"@type\":\"WebSite\",\"@id\":\"https:\/\/lafrenchcoop.fr\/site\/#website\",\"url\":\"https:\/\/lafrenchcoop.fr\/site\/\",\"name\":\"La French Coop\",\"description\":\"L&#039;\\u00e9picerie coop\\u00e9rative et participative d&#039;Asni\\u00e8res-sur-Seine !\",\"potentialAction\":[{\"@type\":\"SearchAction\",\"target\":{\"@type\":\"EntryPoint\",\"urlTemplate\":\"https:\/\/lafrenchcoop.fr\/site\/?s={search_term_string}\"},\"query-input\":\"required name=search_term_string\"}],\"inLanguage\":\"fr-FR\"},{\"@type\":\"ImageObject\",\"@id\":\"https:\/\/lafrenchcoop.fr\/site\/evenements\/reunions-dinformation-du-mois-de-juillet#primaryimage\",\"inLanguage\":\"fr-FR\",\"url\":\"https:\/\/lafrenchcoop.fr\/site\/wp-content\/uploads\/2018\/06\/collaboratif.jpg\",\"contentUrl\":\"https:\/\/lafrenchcoop.fr\/site\/wp-content\/uploads\/2018\/06\/collaboratif.jpg\",\"width\":275,\"height\":183},{\"@type\":\"WebPage\",\"@id\":\"https:\/\/lafrenchcoop.fr\/site\/evenements\/reunions-dinformation-du-mois-de-juillet#webpage\",\"url\":\"https:\/\/lafrenchcoop.fr\/site\/evenements\/reunions-dinformation-du-mois-de-juillet\",\"name\":\"R\\u00e9unions d'information du mois de juillet ! - La French Coop\",\"isPartOf\":{\"@id\":\"https:\/\/lafrenchcoop.fr\/site\/#website\"},\"primaryImageOfPage\":{\"@id\":\"https:\/\/lafrenchcoop.fr\/site\/evenements\/reunions-dinformation-du-mois-de-juillet#primaryimage\"},\"datePublished\":\"2018-06-25T06:00:00+00:00\",\"dateModified\":\"2020-06-13T13:57:11+00:00\",\"author\":{\"@id\":\"https:\/\/lafrenchcoop.fr\/site\/#\/schema\/person\/ba218cfcafb09c5becc70800de7554bf\"},\"breadcrumb\":{\"@id\":\"https:\/\/lafrenchcoop.fr\/site\/evenements\/reunions-dinformation-du-mois-de-juillet#breadcrumb\"},\"inLanguage\":\"fr-FR\",\"potentialAction\":[{\"@type\":\"ReadAction\",\"target\":[\"https:\/\/lafrenchcoop.fr\/site\/evenements\/reunions-dinformation-du-mois-de-juillet\"]}]},{\"@type\":\"BreadcrumbList\",\"@id\":\"https:\/\/lafrenchcoop.fr\/site\/evenements\/reunions-dinformation-du-mois-de-juillet#breadcrumb\",\"itemListElement\":[{\"@type\":\"ListItem\",\"position\":1,\"name\":\"Accueil\",\"item\":\"https:\/\/lafrenchcoop.fr\/site\/\"},{\"@type\":\"ListItem\",\"position\":2,\"name\":\"R\\u00e9unions d&rsquo;information du mois de juillet !\"}]},{\"@type\":\"Person\",\"@id\":\"https:\/\/lafrenchcoop.fr\/site\/#\/schema\/person\/ba218cfcafb09c5becc70800de7554bf\",\"name\":\"lafrenchcoop\",\"image\":{\"@type\":\"ImageObject\",\"@id\":\"https:\/\/lafrenchcoop.fr\/site\/#personlogo\",\"inLanguage\":\"fr-FR\",\"url\":\"https:\/\/secure.gravatar.com\/avatar\/f35efd74c5723ad71a999ece82bb95f4?s=96&d=mm&r=g\",\"contentUrl\":\"https:\/\/secure.gravatar.com\/avatar\/f35efd74c5723ad71a999ece82bb95f4?s=96&d=mm&r=g\",\"caption\":\"lafrenchcoop\"},\"url\":\"https:\/\/lafrenchcoop.fr\/site\/author\/lafrenchcoop\"}]}<\/script>\n<!-- \/ Yoast SEO plugin. -->","yoast_head_json":{"title":"R\u00e9unions d'information du mois de juillet ! - La French Coop","robots":{"index":"index","follow":"follow","max-snippet":"max-snippet:-1","max-image-preview":"max-image-preview:large","max-video-preview":"max-video-preview:-1"},"canonical":"https:\/\/lafrenchcoop.fr\/site\/evenements\/reunions-dinformation-du-mois-de-juillet","og_locale":"fr_FR","og_type":"article","og_title":"R\u00e9unions d'information du mois de juillet ! - La French Coop","og_description":"Bonjour \u00e0 tous, Avant de partir profiter des cong\u00e9s d&rsquo;\u00e9t\u00e9 bien m\u00e9rit\u00e9s, Les Amis de la French Coop vous donne rendez-vous lors de 2 prochaines r\u00e9unions d&rsquo;information : &#8211; Lundi 2 juillet &#8211; 19h30-21h00&#8211; Samedi 7 juillet &#8211; 10h30-12h00 Curieux de conna\u00eetre le projet de La French Coop ? C&rsquo;est [&hellip;]","og_url":"https:\/\/lafrenchcoop.fr\/site\/evenements\/reunions-dinformation-du-mois-de-juillet","og_site_name":"La French Coop","article_publisher":"https:\/\/www.facebook.com\/lafrenchcoop\/","article_published_time":"2018-06-25T06:00:00+00:00","article_modified_time":"2020-06-13T13:57:11+00:00","og_image":[{"width":275,"height":183,"url":"https:\/\/lafrenchcoop.fr\/site\/wp-content\/uploads\/2018\/06\/collaboratif.jpg","type":"image\/jpeg"}],"twitter_card":"summary_large_image","twitter_creator":"@FrenchCoop","twitter_site":"@FrenchCoop","twitter_misc":{"\u00c9crit par":"lafrenchcoop","Dur\u00e9e de lecture estim\u00e9e":"1 minute"},"schema":{"@context":"https:\/\/schema.org","@graph":[{"@type":"WebSite","@id":"https:\/\/lafrenchcoop.fr\/site\/#website","url":"https:\/\/lafrenchcoop.fr\/site\/","name":"La French Coop","description":"L&#039;\u00e9picerie coop\u00e9rative et participative d&#039;Asni\u00e8res-sur-Seine !","potentialAction":[{"@type":"SearchAction","target":{"@type":"EntryPoint","urlTemplate":"https:\/\/lafrenchcoop.fr\/site\/?s={search_term_string}"},"query-input":"required name=search_term_string"}],"inLanguage":"fr-FR"},{"@type":"ImageObject","@id":"https:\/\/lafrenchcoop.fr\/site\/evenements\/reunions-dinformation-du-mois-de-juillet#primaryimage","inLanguage":"fr-FR","url":"https:\/\/lafrenchcoop.fr\/site\/wp-content\/uploads\/2018\/06\/collaboratif.jpg","contentUrl":"https:\/\/lafrenchcoop.fr\/site\/wp-content\/uploads\/2018\/06\/collaboratif.jpg","width":275,"height":183},{"@type":"WebPage","@id":"https:\/\/lafrenchcoop.fr\/site\/evenements\/reunions-dinformation-du-mois-de-juillet#webpage","url":"https:\/\/lafrenchcoop.fr\/site\/evenements\/reunions-dinformation-du-mois-de-juillet","name":"R\u00e9unions d'information du mois de juillet ! - La French Coop","isPartOf":{"@id":"https:\/\/lafrenchcoop.fr\/site\/#website"},"primaryImageOfPage":{"@id":"https:\/\/lafrenchcoop.fr\/site\/evenements\/reunions-dinformation-du-mois-de-juillet#primaryimage"},"datePublished":"2018-06-25T06:00:00+00:00","dateModified":"2020-06-13T13:57:11+00:00","author":{"@id":"https:\/\/lafrenchcoop.fr\/site\/#\/schema\/person\/ba218cfcafb09c5becc70800de7554bf"},"breadcrumb":{"@id":"https:\/\/lafrenchcoop.fr\/site\/evenements\/reunions-dinformation-du-mois-de-juillet#breadcrumb"},"inLanguage":"fr-FR","potentialAction":[{"@type":"ReadAction","target":["https:\/\/lafrenchcoop.fr\/site\/evenements\/reunions-dinformation-du-mois-de-juillet"]}]},{"@type":"BreadcrumbList","@id":"https:\/\/lafrenchcoop.fr\/site\/evenements\/reunions-dinformation-du-mois-de-juillet#breadcrumb","itemListElement":[{"@type":"ListItem","position":1,"name":"Accueil","item":"https:\/\/lafrenchcoop.fr\/site\/"},{"@type":"ListItem","position":2,"name":"R\u00e9unions d&rsquo;information du mois de juillet !"}]},{"@type":"Person","@id":"https:\/\/lafrenchcoop.fr\/site\/#\/schema\/person\/ba218cfcafb09c5becc70800de7554bf","name":"lafrenchcoop","image":{"@type":"ImageObject","@id":"https:\/\/lafrenchcoop.fr\/site\/#personlogo","inLanguage":"fr-FR","url":"https:\/\/secure.gravatar.com\/avatar\/f35efd74c5723ad71a999ece82bb95f4?s=96&d=mm&r=g","contentUrl":"https:\/\/secure.gravatar.com\/avatar\/f35efd74c5723ad71a999ece82bb95f4?s=96&d=mm&r=g","caption":"lafrenchcoop"},"url":"https:\/\/lafrenchcoop.fr\/site\/author\/lafrenchcoop"}]}},"_links":{"self":[{"href":"https:\/\/lafrenchcoop.fr\/site\/wp-json\/wp\/v2\/posts\/397"}],"collection":[{"href":"https:\/\/lafrenchcoop.fr\/site\/wp-json\/wp\/v2\/posts"}],"about":[{"href":"https:\/\/lafrenchcoop.fr\/site\/wp-json\/wp\/v2\/types\/post"}],"author":[{"embeddable":true,"href":"https:\/\/lafrenchcoop.fr\/site\/wp-json\/wp\/v2\/users\/4"}],"replies":[{"embeddable":true,"href":"https:\/\/lafrenchcoop.fr\/site\/wp-json\/wp\/v2\/comments?post=397"}],"version-history":[{"count":3,"href":"https:\/\/lafrenchcoop.fr\/site\/wp-json\/wp\/v2\/posts\/397\/revisions"}],"predecessor-version":[{"id":65061,"href":"https:\/\/lafrenchcoop.fr\/site\/wp-json\/wp\/v2\/posts\/397\/revisions\/65061"}],"wp:featuredmedia":[{"embeddable":true,"href":"https:\/\/lafrenchcoop.fr\/site\/wp-json\/wp\/v2\/media\/427"}],"wp:attachment":[{"href":"https:\/\/lafrenchcoop.fr\/site\/wp-json\/wp\/v2\/media?parent=397"}],"wp:term":[{"taxonomy":"category","embeddable":true,"href":"https:\/\/lafrenchcoop.fr\/site\/wp-json\/wp\/v2\/categories?post=397"},{"taxonomy":"post_tag","embeddable":true,"href":"https:\/\/lafrenchcoop.fr\/site\/wp-json\/wp\/v2\/tags?post=397"}],"curies":[{"name":"wp","href":"https:\/\/api.w.org\/{rel}","templated":true}]}}