{"id":400,"date":"2018-05-22T19:30:00","date_gmt":"2018-05-22T17:30:00","guid":{"rendered":""},"modified":"2020-06-13T14:11:36","modified_gmt":"2020-06-13T12:11:36","slug":"retrouvons-nous-autour-dun-grand-pique-nique-samedi-16-juin","status":"publish","type":"post","link":"https:\/\/lafrenchcoop.fr\/site\/evenements\/retrouvons-nous-autour-dun-grand-pique-nique-samedi-16-juin","title":{"rendered":"Retrouvons-nous autour d&rsquo;un grand pique-nique &#8211; samedi 16 juin"},"content":{"rendered":"<p>\u00c7a y est, il semblerait que les beaux jours soient de retour et avec eux les pique-niques !<\/p>\n<p>C&rsquo;est donc dans l&rsquo;id\u00e9e de partager, ensemble, un moment convivial, que Les Amis de la FrenchCoop organisent un <b>grand pique-nique partag\u00e9<\/b>&nbsp;le samedi 16 juin prochain !<\/p>\n<p>Ouvert \u00e0 tous, membres et non-membre de l&rsquo;association, nous pourrons pr\u00e9senter et \u00e9changer autour de notre grand projet de supermarch\u00e9 coop\u00e9ratif \u00e0 Asni\u00e8res-sur-Seine.<\/p>\n<p><i><b>Comment \u00e7a marche ?<\/b><\/i><br \/>L&rsquo;association offrira un verre de bienvenue \u00e0 tous et chacun apporte ce qui lui pla\u00eet !<\/p>\n<p><b><i>Quand ?<\/i><\/b><br \/>Le samedi 16 juin, de 11h \u00e0 16h<\/p>\n<p><b><i>O\u00f9 ?<\/i><\/b><br \/>Au parc Robinson (quai du Docteur Dervaux &#8211; au niveau de la rue Gambetta)<\/p>\n<div style=\"clear: both; text-align: center;\"><a href=\"https:\/\/lafrenchcoop.fr\/site\/wp-content\/uploads\/2018\/05\/180512-2BAFFICHE-2BPIQUE-2BNIQUE-2B-25281-2529.jpg\" style=\"margin-left: 1em; margin-right: 1em;\"><img loading=\"lazy\" border=\"0\" data-original-height=\"1600\" data-original-width=\"1132\" height=\"320\" src=\"https:\/\/lafrenchcoop.fr\/site\/wp-content\/uploads\/2018\/05\/180512-2BAFFICHE-2BPIQUE-2BNIQUE-2B-25281-2529-212x300.jpg\" width=\"226\" \/><\/a><\/div>\n<p><\/p>\n<div style=\"text-align: center;\"><b>Venez nombreux, on vous attend !<\/b><\/div>\n<div style=\"text-align: center;\"><b><br \/><\/b><\/div>\n","protected":false},"excerpt":{"rendered":"<p>\u00c7a y est, il semblerait que les beaux jours soient de retour et avec eux les pique-niques ! C&rsquo;est donc dans l&rsquo;id\u00e9e de partager, ensemble, un moment convivial, que Les Amis de la FrenchCoop organisent un grand pique-nique partag\u00e9&nbsp;le samedi 16 juin prochain ! Ouvert \u00e0 tous, membres et non-membre [&hellip;]<\/p>\n","protected":false},"author":4,"featured_media":434,"comment_status":"closed","ping_status":"open","sticky":false,"template":"","format":"standard","meta":[],"categories":[10],"tags":[],"yoast_head":"<!-- This site is optimized with the Yoast SEO plugin v17.9 - https:\/\/yoast.com\/wordpress\/plugins\/seo\/ -->\n<title>Retrouvons-nous autour d&#039;un grand pique-nique - samedi 16 juin - La French Coop<\/title>\n<meta name=\"robots\" content=\"index, follow, max-snippet:-1, max-image-preview:large, max-video-preview:-1\" \/>\n<link rel=\"canonical\" href=\"https:\/\/lafrenchcoop.fr\/site\/evenements\/retrouvons-nous-autour-dun-grand-pique-nique-samedi-16-juin\" \/>\n<meta property=\"og:locale\" content=\"fr_FR\" \/>\n<meta property=\"og:type\" content=\"article\" \/>\n<meta property=\"og:title\" content=\"Retrouvons-nous autour d&#039;un grand pique-nique - samedi 16 juin - La French Coop\" \/>\n<meta property=\"og:description\" content=\"\u00c7a y est, il semblerait que les beaux jours soient de retour et avec eux les pique-niques ! C&rsquo;est donc dans l&rsquo;id\u00e9e de partager, ensemble, un moment convivial, que Les Amis de la FrenchCoop organisent un grand pique-nique partag\u00e9&nbsp;le samedi 16 juin prochain ! Ouvert \u00e0 tous, membres et non-membre [&hellip;]\" \/>\n<meta property=\"og:url\" content=\"https:\/\/lafrenchcoop.fr\/site\/evenements\/retrouvons-nous-autour-dun-grand-pique-nique-samedi-16-juin\" \/>\n<meta property=\"og:site_name\" content=\"La French Coop\" \/>\n<meta property=\"article:publisher\" content=\"https:\/\/www.facebook.com\/lafrenchcoop\/\" \/>\n<meta property=\"article:published_time\" content=\"2018-05-22T17:30:00+00:00\" \/>\n<meta property=\"article:modified_time\" content=\"2020-06-13T12:11:36+00:00\" \/>\n<meta property=\"og:image\" content=\"https:\/\/lafrenchcoop.fr\/site\/wp-content\/uploads\/2018\/05\/180512-2BAFFICHE-2BPIQUE-2BNIQUE-2B-25281-2529.jpg\" \/>\n\t<meta property=\"og:image:width\" content=\"724\" \/>\n\t<meta property=\"og:image:height\" content=\"1024\" \/>\n\t<meta property=\"og:image:type\" content=\"image\/jpeg\" \/>\n<meta name=\"twitter:card\" content=\"summary_large_image\" \/>\n<meta name=\"twitter:creator\" content=\"@FrenchCoop\" \/>\n<meta name=\"twitter:site\" content=\"@FrenchCoop\" \/>\n<meta name=\"twitter:label1\" content=\"\u00c9crit par\" \/>\n\t<meta name=\"twitter:data1\" content=\"lafrenchcoop\" \/>\n\t<meta name=\"twitter:label2\" content=\"Dur\u00e9e de lecture estim\u00e9e\" \/>\n\t<meta name=\"twitter:data2\" content=\"1 minute\" \/>\n<script type=\"application\/ld+json\" class=\"yoast-schema-graph\">{\"@context\":\"https:\/\/schema.org\",\"@graph\":[{\"@type\":\"WebSite\",\"@id\":\"https:\/\/lafrenchcoop.fr\/site\/#website\",\"url\":\"https:\/\/lafrenchcoop.fr\/site\/\",\"name\":\"La French Coop\",\"description\":\"L&#039;\\u00e9picerie coop\\u00e9rative et participative d&#039;Asni\\u00e8res-sur-Seine !\",\"potentialAction\":[{\"@type\":\"SearchAction\",\"target\":{\"@type\":\"EntryPoint\",\"urlTemplate\":\"https:\/\/lafrenchcoop.fr\/site\/?s={search_term_string}\"},\"query-input\":\"required name=search_term_string\"}],\"inLanguage\":\"fr-FR\"},{\"@type\":\"ImageObject\",\"@id\":\"https:\/\/lafrenchcoop.fr\/site\/evenements\/retrouvons-nous-autour-dun-grand-pique-nique-samedi-16-juin#primaryimage\",\"inLanguage\":\"fr-FR\",\"url\":\"https:\/\/lafrenchcoop.fr\/site\/wp-content\/uploads\/2018\/05\/180512-2BAFFICHE-2BPIQUE-2BNIQUE-2B-25281-2529.jpg\",\"contentUrl\":\"https:\/\/lafrenchcoop.fr\/site\/wp-content\/uploads\/2018\/05\/180512-2BAFFICHE-2BPIQUE-2BNIQUE-2B-25281-2529.jpg\",\"width\":724,\"height\":1024},{\"@type\":\"WebPage\",\"@id\":\"https:\/\/lafrenchcoop.fr\/site\/evenements\/retrouvons-nous-autour-dun-grand-pique-nique-samedi-16-juin#webpage\",\"url\":\"https:\/\/lafrenchcoop.fr\/site\/evenements\/retrouvons-nous-autour-dun-grand-pique-nique-samedi-16-juin\",\"name\":\"Retrouvons-nous autour d'un grand pique-nique - samedi 16 juin - La French Coop\",\"isPartOf\":{\"@id\":\"https:\/\/lafrenchcoop.fr\/site\/#website\"},\"primaryImageOfPage\":{\"@id\":\"https:\/\/lafrenchcoop.fr\/site\/evenements\/retrouvons-nous-autour-dun-grand-pique-nique-samedi-16-juin#primaryimage\"},\"datePublished\":\"2018-05-22T17:30:00+00:00\",\"dateModified\":\"2020-06-13T12:11:36+00:00\",\"author\":{\"@id\":\"https:\/\/lafrenchcoop.fr\/site\/#\/schema\/person\/ba218cfcafb09c5becc70800de7554bf\"},\"breadcrumb\":{\"@id\":\"https:\/\/lafrenchcoop.fr\/site\/evenements\/retrouvons-nous-autour-dun-grand-pique-nique-samedi-16-juin#breadcrumb\"},\"inLanguage\":\"fr-FR\",\"potentialAction\":[{\"@type\":\"ReadAction\",\"target\":[\"https:\/\/lafrenchcoop.fr\/site\/evenements\/retrouvons-nous-autour-dun-grand-pique-nique-samedi-16-juin\"]}]},{\"@type\":\"BreadcrumbList\",\"@id\":\"https:\/\/lafrenchcoop.fr\/site\/evenements\/retrouvons-nous-autour-dun-grand-pique-nique-samedi-16-juin#breadcrumb\",\"itemListElement\":[{\"@type\":\"ListItem\",\"position\":1,\"name\":\"Accueil\",\"item\":\"https:\/\/lafrenchcoop.fr\/site\/\"},{\"@type\":\"ListItem\",\"position\":2,\"name\":\"Retrouvons-nous autour d&rsquo;un grand pique-nique &#8211; samedi 16 juin\"}]},{\"@type\":\"Person\",\"@id\":\"https:\/\/lafrenchcoop.fr\/site\/#\/schema\/person\/ba218cfcafb09c5becc70800de7554bf\",\"name\":\"lafrenchcoop\",\"image\":{\"@type\":\"ImageObject\",\"@id\":\"https:\/\/lafrenchcoop.fr\/site\/#personlogo\",\"inLanguage\":\"fr-FR\",\"url\":\"https:\/\/secure.gravatar.com\/avatar\/f35efd74c5723ad71a999ece82bb95f4?s=96&d=mm&r=g\",\"contentUrl\":\"https:\/\/secure.gravatar.com\/avatar\/f35efd74c5723ad71a999ece82bb95f4?s=96&d=mm&r=g\",\"caption\":\"lafrenchcoop\"},\"url\":\"https:\/\/lafrenchcoop.fr\/site\/author\/lafrenchcoop\"}]}<\/script>\n<!-- \/ Yoast SEO plugin. -->","yoast_head_json":{"title":"Retrouvons-nous autour d'un grand pique-nique - samedi 16 juin - La French Coop","robots":{"index":"index","follow":"follow","max-snippet":"max-snippet:-1","max-image-preview":"max-image-preview:large","max-video-preview":"max-video-preview:-1"},"canonical":"https:\/\/lafrenchcoop.fr\/site\/evenements\/retrouvons-nous-autour-dun-grand-pique-nique-samedi-16-juin","og_locale":"fr_FR","og_type":"article","og_title":"Retrouvons-nous autour d'un grand pique-nique - samedi 16 juin - La French Coop","og_description":"\u00c7a y est, il semblerait que les beaux jours soient de retour et avec eux les pique-niques ! C&rsquo;est donc dans l&rsquo;id\u00e9e de partager, ensemble, un moment convivial, que Les Amis de la FrenchCoop organisent un grand pique-nique partag\u00e9&nbsp;le samedi 16 juin prochain ! Ouvert \u00e0 tous, membres et non-membre [&hellip;]","og_url":"https:\/\/lafrenchcoop.fr\/site\/evenements\/retrouvons-nous-autour-dun-grand-pique-nique-samedi-16-juin","og_site_name":"La French Coop","article_publisher":"https:\/\/www.facebook.com\/lafrenchcoop\/","article_published_time":"2018-05-22T17:30:00+00:00","article_modified_time":"2020-06-13T12:11:36+00:00","og_image":[{"width":724,"height":1024,"url":"https:\/\/lafrenchcoop.fr\/site\/wp-content\/uploads\/2018\/05\/180512-2BAFFICHE-2BPIQUE-2BNIQUE-2B-25281-2529.jpg","type":"image\/jpeg"}],"twitter_card":"summary_large_image","twitter_creator":"@FrenchCoop","twitter_site":"@FrenchCoop","twitter_misc":{"\u00c9crit par":"lafrenchcoop","Dur\u00e9e de lecture estim\u00e9e":"1 minute"},"schema":{"@context":"https:\/\/schema.org","@graph":[{"@type":"WebSite","@id":"https:\/\/lafrenchcoop.fr\/site\/#website","url":"https:\/\/lafrenchcoop.fr\/site\/","name":"La French Coop","description":"L&#039;\u00e9picerie coop\u00e9rative et participative d&#039;Asni\u00e8res-sur-Seine !","potentialAction":[{"@type":"SearchAction","target":{"@type":"EntryPoint","urlTemplate":"https:\/\/lafrenchcoop.fr\/site\/?s={search_term_string}"},"query-input":"required name=search_term_string"}],"inLanguage":"fr-FR"},{"@type":"ImageObject","@id":"https:\/\/lafrenchcoop.fr\/site\/evenements\/retrouvons-nous-autour-dun-grand-pique-nique-samedi-16-juin#primaryimage","inLanguage":"fr-FR","url":"https:\/\/lafrenchcoop.fr\/site\/wp-content\/uploads\/2018\/05\/180512-2BAFFICHE-2BPIQUE-2BNIQUE-2B-25281-2529.jpg","contentUrl":"https:\/\/lafrenchcoop.fr\/site\/wp-content\/uploads\/2018\/05\/180512-2BAFFICHE-2BPIQUE-2BNIQUE-2B-25281-2529.jpg","width":724,"height":1024},{"@type":"WebPage","@id":"https:\/\/lafrenchcoop.fr\/site\/evenements\/retrouvons-nous-autour-dun-grand-pique-nique-samedi-16-juin#webpage","url":"https:\/\/lafrenchcoop.fr\/site\/evenements\/retrouvons-nous-autour-dun-grand-pique-nique-samedi-16-juin","name":"Retrouvons-nous autour d'un grand pique-nique - samedi 16 juin - La French Coop","isPartOf":{"@id":"https:\/\/lafrenchcoop.fr\/site\/#website"},"primaryImageOfPage":{"@id":"https:\/\/lafrenchcoop.fr\/site\/evenements\/retrouvons-nous-autour-dun-grand-pique-nique-samedi-16-juin#primaryimage"},"datePublished":"2018-05-22T17:30:00+00:00","dateModified":"2020-06-13T12:11:36+00:00","author":{"@id":"https:\/\/lafrenchcoop.fr\/site\/#\/schema\/person\/ba218cfcafb09c5becc70800de7554bf"},"breadcrumb":{"@id":"https:\/\/lafrenchcoop.fr\/site\/evenements\/retrouvons-nous-autour-dun-grand-pique-nique-samedi-16-juin#breadcrumb"},"inLanguage":"fr-FR","potentialAction":[{"@type":"ReadAction","target":["https:\/\/lafrenchcoop.fr\/site\/evenements\/retrouvons-nous-autour-dun-grand-pique-nique-samedi-16-juin"]}]},{"@type":"BreadcrumbList","@id":"https:\/\/lafrenchcoop.fr\/site\/evenements\/retrouvons-nous-autour-dun-grand-pique-nique-samedi-16-juin#breadcrumb","itemListElement":[{"@type":"ListItem","position":1,"name":"Accueil","item":"https:\/\/lafrenchcoop.fr\/site\/"},{"@type":"ListItem","position":2,"name":"Retrouvons-nous autour d&rsquo;un grand pique-nique &#8211; samedi 16 juin"}]},{"@type":"Person","@id":"https:\/\/lafrenchcoop.fr\/site\/#\/schema\/person\/ba218cfcafb09c5becc70800de7554bf","name":"lafrenchcoop","image":{"@type":"ImageObject","@id":"https:\/\/lafrenchcoop.fr\/site\/#personlogo","inLanguage":"fr-FR","url":"https:\/\/secure.gravatar.com\/avatar\/f35efd74c5723ad71a999ece82bb95f4?s=96&d=mm&r=g","contentUrl":"https:\/\/secure.gravatar.com\/avatar\/f35efd74c5723ad71a999ece82bb95f4?s=96&d=mm&r=g","caption":"lafrenchcoop"},"url":"https:\/\/lafrenchcoop.fr\/site\/author\/lafrenchcoop"}]}},"_links":{"self":[{"href":"https:\/\/lafrenchcoop.fr\/site\/wp-json\/wp\/v2\/posts\/400"}],"collection":[{"href":"https:\/\/lafrenchcoop.fr\/site\/wp-json\/wp\/v2\/posts"}],"about":[{"href":"https:\/\/lafrenchcoop.fr\/site\/wp-json\/wp\/v2\/types\/post"}],"author":[{"embeddable":true,"href":"https:\/\/lafrenchcoop.fr\/site\/wp-json\/wp\/v2\/users\/4"}],"replies":[{"embeddable":true,"href":"https:\/\/lafrenchcoop.fr\/site\/wp-json\/wp\/v2\/comments?post=400"}],"version-history":[{"count":2,"href":"https:\/\/lafrenchcoop.fr\/site\/wp-json\/wp\/v2\/posts\/400\/revisions"}],"predecessor-version":[{"id":884,"href":"https:\/\/lafrenchcoop.fr\/site\/wp-json\/wp\/v2\/posts\/400\/revisions\/884"}],"wp:featuredmedia":[{"embeddable":true,"href":"https:\/\/lafrenchcoop.fr\/site\/wp-json\/wp\/v2\/media\/434"}],"wp:attachment":[{"href":"https:\/\/lafrenchcoop.fr\/site\/wp-json\/wp\/v2\/media?parent=400"}],"wp:term":[{"taxonomy":"category","embeddable":true,"href":"https:\/\/lafrenchcoop.fr\/site\/wp-json\/wp\/v2\/categories?post=400"},{"taxonomy":"post_tag","embeddable":true,"href":"https:\/\/lafrenchcoop.fr\/site\/wp-json\/wp\/v2\/tags?post=400"}],"curies":[{"name":"wp","href":"https:\/\/api.w.org\/{rel}","templated":true}]}}