{"id":402,"date":"2018-05-02T18:30:00","date_gmt":"2018-05-02T16:30:00","guid":{"rendered":""},"modified":"2020-06-13T15:57:23","modified_gmt":"2020-06-13T13:57:23","slug":"reunions-dinformations-du-mois-de-mai","status":"publish","type":"post","link":"https:\/\/lafrenchcoop.fr\/site\/evenements\/reunions-dinformations-du-mois-de-mai","title":{"rendered":"R\u00e9unions d&rsquo;informations du mois de mai"},"content":{"rendered":"<div dir=\"ltr\" style=\"line-height: 1.38; margin-bottom: 0pt; margin-top: 0pt;\"><span style=\"background-color: transparent; color: black; font-family: &quot;arial&quot;; font-size: 11pt; font-style: normal; font-variant: normal; font-weight: 400; text-decoration: none; vertical-align: baseline; white-space: pre;\">Bonjour \u00e0 tous,<\/span><\/div>\n<div dir=\"ltr\" style=\"line-height: 1.38; margin-bottom: 0pt; margin-top: 0pt;\"><span style=\"background-color: transparent; color: black; font-family: &quot;arial&quot;; font-size: 11pt; font-style: normal; font-variant: normal; font-weight: 400; text-decoration: none; vertical-align: baseline; white-space: pre;\"><br \/><\/span><\/div>\n<div dir=\"ltr\" style=\"line-height: 1.38; margin-bottom: 0pt; margin-top: 0pt;\"><\/div>\n<div dir=\"ltr\" style=\"line-height: 1.38; margin-bottom: 0pt; margin-top: 0pt;\"><span style=\"background-color: transparent; color: black; font-family: &quot;arial&quot;; font-size: 11pt; font-style: normal; font-variant: normal; font-weight: 400; text-decoration: none; vertical-align: baseline; white-space: pre;\">Voici le mois de mai avec les nouvelles dates de nos r\u00e9unions d&rsquo;informations !<\/span><br \/><span style=\"background-color: transparent; color: black; font-family: &quot;arial&quot;; font-size: 11pt; font-style: normal; font-variant: normal; font-weight: 400; text-decoration: none; vertical-align: baseline; white-space: pre;\">Une occasion d&rsquo;en savoir plus sur le projet de notre future \u00e9picerie <\/span><span style=\"font-family: &quot;arial&quot;; font-size: 11pt; white-space: pre;\">collaborative,<\/span><br \/><span style=\"font-family: &quot;arial&quot;; font-size: 11pt; white-space: pre;\">son fonctionnement <\/span><span style=\"font-family: &quot;arial&quot;; font-size: 11pt; white-space: pre;\">et ses prochaines \u00e9tapes.<\/span><\/div>\n<ul>\n<li><span style=\"font-family: &quot;arial&quot;; font-size: 11pt; vertical-align: baseline; white-space: pre-wrap;\"><b>Samedi 12 mai<\/b><\/span><span style=\"font-family: &quot;arial&quot;; font-size: 11pt; vertical-align: baseline; white-space: pre-wrap;\"> de 10h30 \u00e0 12h<\/span><\/li>\n<li><span style=\"font-family: &quot;arial&quot;; font-size: 11pt; vertical-align: baseline; white-space: pre-wrap;\"><b>Samedi 26 mai<\/b><\/span><span style=\"font-family: &quot;arial&quot;; font-size: 11pt; vertical-align: baseline; white-space: pre-wrap;\"> de 10h30 \u00e0 12h<\/span><\/li>\n<\/ul>\n<p><\/p>\n<div dir=\"ltr\" style=\"line-height: 1.38; margin-bottom: 0pt; margin-top: 0pt;\"><span style=\"background-color: transparent; color: black; font-family: &quot;arial&quot;; font-size: 11pt; font-style: normal; font-variant: normal; font-weight: 400; text-decoration: none; vertical-align: baseline; white-space: pre;\">O\u00f9 ?&nbsp;<\/span><span style=\"font-family: &quot;arial&quot;; font-size: 14.666666984558105px; white-space: pre;\">au CAS d\u2019Asni\u00e8res-sur-Seine, place de l\u2019h\u00f4tel de Ville.<\/span><span style=\"font-family: &quot;arial&quot;; font-size: 11pt; white-space: pre;\"> <\/span><br \/><span style=\"font-family: &quot;arial&quot;; font-size: 11pt; white-space: pre;\"><br \/><\/span><\/div>\n<div dir=\"ltr\" style=\"line-height: 1.38; margin-bottom: 0pt; margin-top: 0pt;\"><span style=\"background-color: transparent; color: black; font-family: &quot;arial&quot;; font-size: 11pt; font-style: normal; font-variant: normal; font-weight: 400; text-decoration: none; vertical-align: baseline; white-space: pre;\">Pour vous inscrire, cliquez sur le lien ci-dessous :<\/span><br \/><span style=\"background-color: transparent; color: black; font-family: &quot;arial&quot;; font-size: 11pt; font-style: normal; font-variant: normal; font-weight: 400; text-decoration: none; vertical-align: baseline; white-space: pre;\"><br \/><\/span><span style=\"background-color: transparent; color: black; font-family: &quot;arial&quot;; font-size: x-small; font-style: normal; font-variant: normal; font-weight: 400; text-decoration: none; vertical-align: baseline; white-space: pre;\"><a href=\"https:\/\/docs.google.com\/forms\/d\/e\/1FAIpQLSff3A4wLGLJn7LsUvlGE_t_fbnUM7-uR-vTVLqnzfIx1f7wdA\/viewform\" target=\"_blank\" rel=\"noopener noreferrer\">https:\/\/docs.google.com\/forms\/d\/e\/1FAIpQLSff3A4wLGLJn7LsUvlGE_t_fbnUM7-uR-vTVLqnzfIx1f7wdA\/viewform<\/a><\/span><br \/><span style=\"background-color: transparent; color: black; font-family: &quot;arial&quot;; font-size: 11pt; font-style: normal; font-variant: normal; font-weight: 400; text-decoration: none; vertical-align: baseline; white-space: pre;\"><br \/><\/span>  <\/p>\n<div style=\"text-align: center;\"><span style=\"background-color: transparent; color: black; font-family: &quot;arial&quot;; font-size: 11pt; font-style: normal; font-variant: normal; font-weight: 400; text-decoration: none; vertical-align: baseline; white-space: pre;\">A bient\u00f4t ! <\/span><\/div>\n<\/div>\n","protected":false},"excerpt":{"rendered":"<p>Bonjour \u00e0 tous, Voici le mois de mai avec les nouvelles dates de nos r\u00e9unions d&rsquo;informations !Une occasion d&rsquo;en savoir plus sur le projet de notre future \u00e9picerie collaborative,son fonctionnement et ses prochaines \u00e9tapes. Samedi 12 mai de 10h30 \u00e0 12h Samedi 26 mai de 10h30 \u00e0 12h O\u00f9 ?&nbsp;au [&hellip;]<\/p>\n","protected":false},"author":4,"featured_media":0,"comment_status":"closed","ping_status":"open","sticky":false,"template":"","format":"standard","meta":[],"categories":[10],"tags":[],"yoast_head":"<!-- This site is optimized with the Yoast SEO plugin v17.9 - https:\/\/yoast.com\/wordpress\/plugins\/seo\/ -->\n<title>R\u00e9unions d&#039;informations du mois de mai - La French Coop<\/title>\n<meta name=\"robots\" content=\"index, follow, max-snippet:-1, max-image-preview:large, max-video-preview:-1\" \/>\n<link rel=\"canonical\" href=\"https:\/\/lafrenchcoop.fr\/site\/evenements\/reunions-dinformations-du-mois-de-mai\" \/>\n<meta property=\"og:locale\" content=\"fr_FR\" \/>\n<meta property=\"og:type\" content=\"article\" \/>\n<meta property=\"og:title\" content=\"R\u00e9unions d&#039;informations du mois de mai - La French Coop\" \/>\n<meta property=\"og:description\" content=\"Bonjour \u00e0 tous, Voici le mois de mai avec les nouvelles dates de nos r\u00e9unions d&rsquo;informations !Une occasion d&rsquo;en savoir plus sur le projet de notre future \u00e9picerie collaborative,son fonctionnement et ses prochaines \u00e9tapes. Samedi 12 mai de 10h30 \u00e0 12h Samedi 26 mai de 10h30 \u00e0 12h O\u00f9 ?&nbsp;au [&hellip;]\" \/>\n<meta property=\"og:url\" content=\"https:\/\/lafrenchcoop.fr\/site\/evenements\/reunions-dinformations-du-mois-de-mai\" \/>\n<meta property=\"og:site_name\" content=\"La French Coop\" \/>\n<meta property=\"article:publisher\" content=\"https:\/\/www.facebook.com\/lafrenchcoop\/\" \/>\n<meta property=\"article:published_time\" content=\"2018-05-02T16:30:00+00:00\" \/>\n<meta property=\"article:modified_time\" content=\"2020-06-13T13:57:23+00:00\" \/>\n<meta property=\"og:image\" content=\"https:\/\/lafrenchcoop.fr\/site\/wp-content\/uploads\/2019\/03\/2-LAFC-RVB-700_700.png\" \/>\n\t<meta property=\"og:image:width\" content=\"700\" \/>\n\t<meta property=\"og:image:height\" content=\"700\" \/>\n\t<meta property=\"og:image:type\" content=\"image\/png\" \/>\n<meta name=\"twitter:card\" content=\"summary_large_image\" \/>\n<meta name=\"twitter:creator\" content=\"@FrenchCoop\" \/>\n<meta name=\"twitter:site\" content=\"@FrenchCoop\" \/>\n<meta name=\"twitter:label1\" content=\"\u00c9crit par\" \/>\n\t<meta name=\"twitter:data1\" content=\"lafrenchcoop\" \/>\n<script type=\"application\/ld+json\" class=\"yoast-schema-graph\">{\"@context\":\"https:\/\/schema.org\",\"@graph\":[{\"@type\":\"WebSite\",\"@id\":\"https:\/\/lafrenchcoop.fr\/site\/#website\",\"url\":\"https:\/\/lafrenchcoop.fr\/site\/\",\"name\":\"La French Coop\",\"description\":\"L&#039;\\u00e9picerie coop\\u00e9rative et participative d&#039;Asni\\u00e8res-sur-Seine !\",\"potentialAction\":[{\"@type\":\"SearchAction\",\"target\":{\"@type\":\"EntryPoint\",\"urlTemplate\":\"https:\/\/lafrenchcoop.fr\/site\/?s={search_term_string}\"},\"query-input\":\"required name=search_term_string\"}],\"inLanguage\":\"fr-FR\"},{\"@type\":\"WebPage\",\"@id\":\"https:\/\/lafrenchcoop.fr\/site\/evenements\/reunions-dinformations-du-mois-de-mai#webpage\",\"url\":\"https:\/\/lafrenchcoop.fr\/site\/evenements\/reunions-dinformations-du-mois-de-mai\",\"name\":\"R\\u00e9unions d'informations du mois de mai - La French Coop\",\"isPartOf\":{\"@id\":\"https:\/\/lafrenchcoop.fr\/site\/#website\"},\"datePublished\":\"2018-05-02T16:30:00+00:00\",\"dateModified\":\"2020-06-13T13:57:23+00:00\",\"author\":{\"@id\":\"https:\/\/lafrenchcoop.fr\/site\/#\/schema\/person\/ba218cfcafb09c5becc70800de7554bf\"},\"breadcrumb\":{\"@id\":\"https:\/\/lafrenchcoop.fr\/site\/evenements\/reunions-dinformations-du-mois-de-mai#breadcrumb\"},\"inLanguage\":\"fr-FR\",\"potentialAction\":[{\"@type\":\"ReadAction\",\"target\":[\"https:\/\/lafrenchcoop.fr\/site\/evenements\/reunions-dinformations-du-mois-de-mai\"]}]},{\"@type\":\"BreadcrumbList\",\"@id\":\"https:\/\/lafrenchcoop.fr\/site\/evenements\/reunions-dinformations-du-mois-de-mai#breadcrumb\",\"itemListElement\":[{\"@type\":\"ListItem\",\"position\":1,\"name\":\"Accueil\",\"item\":\"https:\/\/lafrenchcoop.fr\/site\/\"},{\"@type\":\"ListItem\",\"position\":2,\"name\":\"R\\u00e9unions d&rsquo;informations du mois de mai\"}]},{\"@type\":\"Person\",\"@id\":\"https:\/\/lafrenchcoop.fr\/site\/#\/schema\/person\/ba218cfcafb09c5becc70800de7554bf\",\"name\":\"lafrenchcoop\",\"image\":{\"@type\":\"ImageObject\",\"@id\":\"https:\/\/lafrenchcoop.fr\/site\/#personlogo\",\"inLanguage\":\"fr-FR\",\"url\":\"https:\/\/secure.gravatar.com\/avatar\/f35efd74c5723ad71a999ece82bb95f4?s=96&d=mm&r=g\",\"contentUrl\":\"https:\/\/secure.gravatar.com\/avatar\/f35efd74c5723ad71a999ece82bb95f4?s=96&d=mm&r=g\",\"caption\":\"lafrenchcoop\"},\"url\":\"https:\/\/lafrenchcoop.fr\/site\/author\/lafrenchcoop\"}]}<\/script>\n<!-- \/ Yoast SEO plugin. -->","yoast_head_json":{"title":"R\u00e9unions d'informations du mois de mai - La French Coop","robots":{"index":"index","follow":"follow","max-snippet":"max-snippet:-1","max-image-preview":"max-image-preview:large","max-video-preview":"max-video-preview:-1"},"canonical":"https:\/\/lafrenchcoop.fr\/site\/evenements\/reunions-dinformations-du-mois-de-mai","og_locale":"fr_FR","og_type":"article","og_title":"R\u00e9unions d'informations du mois de mai - La French Coop","og_description":"Bonjour \u00e0 tous, Voici le mois de mai avec les nouvelles dates de nos r\u00e9unions d&rsquo;informations !Une occasion d&rsquo;en savoir plus sur le projet de notre future \u00e9picerie collaborative,son fonctionnement et ses prochaines \u00e9tapes. Samedi 12 mai de 10h30 \u00e0 12h Samedi 26 mai de 10h30 \u00e0 12h O\u00f9 ?&nbsp;au [&hellip;]","og_url":"https:\/\/lafrenchcoop.fr\/site\/evenements\/reunions-dinformations-du-mois-de-mai","og_site_name":"La French Coop","article_publisher":"https:\/\/www.facebook.com\/lafrenchcoop\/","article_published_time":"2018-05-02T16:30:00+00:00","article_modified_time":"2020-06-13T13:57:23+00:00","og_image":[{"width":700,"height":700,"url":"https:\/\/lafrenchcoop.fr\/site\/wp-content\/uploads\/2019\/03\/2-LAFC-RVB-700_700.png","type":"image\/png"}],"twitter_card":"summary_large_image","twitter_creator":"@FrenchCoop","twitter_site":"@FrenchCoop","twitter_misc":{"\u00c9crit par":"lafrenchcoop"},"schema":{"@context":"https:\/\/schema.org","@graph":[{"@type":"WebSite","@id":"https:\/\/lafrenchcoop.fr\/site\/#website","url":"https:\/\/lafrenchcoop.fr\/site\/","name":"La French Coop","description":"L&#039;\u00e9picerie coop\u00e9rative et participative d&#039;Asni\u00e8res-sur-Seine !","potentialAction":[{"@type":"SearchAction","target":{"@type":"EntryPoint","urlTemplate":"https:\/\/lafrenchcoop.fr\/site\/?s={search_term_string}"},"query-input":"required name=search_term_string"}],"inLanguage":"fr-FR"},{"@type":"WebPage","@id":"https:\/\/lafrenchcoop.fr\/site\/evenements\/reunions-dinformations-du-mois-de-mai#webpage","url":"https:\/\/lafrenchcoop.fr\/site\/evenements\/reunions-dinformations-du-mois-de-mai","name":"R\u00e9unions d'informations du mois de mai - La French Coop","isPartOf":{"@id":"https:\/\/lafrenchcoop.fr\/site\/#website"},"datePublished":"2018-05-02T16:30:00+00:00","dateModified":"2020-06-13T13:57:23+00:00","author":{"@id":"https:\/\/lafrenchcoop.fr\/site\/#\/schema\/person\/ba218cfcafb09c5becc70800de7554bf"},"breadcrumb":{"@id":"https:\/\/lafrenchcoop.fr\/site\/evenements\/reunions-dinformations-du-mois-de-mai#breadcrumb"},"inLanguage":"fr-FR","potentialAction":[{"@type":"ReadAction","target":["https:\/\/lafrenchcoop.fr\/site\/evenements\/reunions-dinformations-du-mois-de-mai"]}]},{"@type":"BreadcrumbList","@id":"https:\/\/lafrenchcoop.fr\/site\/evenements\/reunions-dinformations-du-mois-de-mai#breadcrumb","itemListElement":[{"@type":"ListItem","position":1,"name":"Accueil","item":"https:\/\/lafrenchcoop.fr\/site\/"},{"@type":"ListItem","position":2,"name":"R\u00e9unions d&rsquo;informations du mois de mai"}]},{"@type":"Person","@id":"https:\/\/lafrenchcoop.fr\/site\/#\/schema\/person\/ba218cfcafb09c5becc70800de7554bf","name":"lafrenchcoop","image":{"@type":"ImageObject","@id":"https:\/\/lafrenchcoop.fr\/site\/#personlogo","inLanguage":"fr-FR","url":"https:\/\/secure.gravatar.com\/avatar\/f35efd74c5723ad71a999ece82bb95f4?s=96&d=mm&r=g","contentUrl":"https:\/\/secure.gravatar.com\/avatar\/f35efd74c5723ad71a999ece82bb95f4?s=96&d=mm&r=g","caption":"lafrenchcoop"},"url":"https:\/\/lafrenchcoop.fr\/site\/author\/lafrenchcoop"}]}},"_links":{"self":[{"href":"https:\/\/lafrenchcoop.fr\/site\/wp-json\/wp\/v2\/posts\/402"}],"collection":[{"href":"https:\/\/lafrenchcoop.fr\/site\/wp-json\/wp\/v2\/posts"}],"about":[{"href":"https:\/\/lafrenchcoop.fr\/site\/wp-json\/wp\/v2\/types\/post"}],"author":[{"embeddable":true,"href":"https:\/\/lafrenchcoop.fr\/site\/wp-json\/wp\/v2\/users\/4"}],"replies":[{"embeddable":true,"href":"https:\/\/lafrenchcoop.fr\/site\/wp-json\/wp\/v2\/comments?post=402"}],"version-history":[{"count":2,"href":"https:\/\/lafrenchcoop.fr\/site\/wp-json\/wp\/v2\/posts\/402\/revisions"}],"predecessor-version":[{"id":65048,"href":"https:\/\/lafrenchcoop.fr\/site\/wp-json\/wp\/v2\/posts\/402\/revisions\/65048"}],"wp:attachment":[{"href":"https:\/\/lafrenchcoop.fr\/site\/wp-json\/wp\/v2\/media?parent=402"}],"wp:term":[{"taxonomy":"category","embeddable":true,"href":"https:\/\/lafrenchcoop.fr\/site\/wp-json\/wp\/v2\/categories?post=402"},{"taxonomy":"post_tag","embeddable":true,"href":"https:\/\/lafrenchcoop.fr\/site\/wp-json\/wp\/v2\/tags?post=402"}],"curies":[{"name":"wp","href":"https:\/\/api.w.org\/{rel}","templated":true}]}}