{"id":407,"date":"2018-03-13T18:20:00","date_gmt":"2018-03-13T17:20:00","guid":{"rendered":""},"modified":"2020-06-13T15:57:41","modified_gmt":"2020-06-13T13:57:41","slug":"assemblee-generale","status":"publish","type":"post","link":"https:\/\/lafrenchcoop.fr\/site\/evenements\/assemblee-generale","title":{"rendered":"Assembl\u00e9e g\u00e9n\u00e9rale"},"content":{"rendered":"<p><span style=\"background-color: white; color: #1d2129; font-family: Helvetica, Arial, sans-serif; font-size: 14px;\">Samedi dernier,&nbsp;<\/span><a data-ft=\"{&quot;tn&quot;:&quot;*N&quot;,&quot;type&quot;:104}\" href=\"https:\/\/www.facebook.com\/hashtag\/lesamisdelafrenchcoop?source=feed_text\" style=\"background-color: white; color: #365899; cursor: pointer; font-family: Helvetica, Arial, sans-serif; font-size: 14px; text-decoration-line: none;\"><span style=\"direction: ltr; font-family: inherit; unicode-bidi: isolate;\"><span aria-label=\"hashtag\" style=\"font-family: inherit; unicode-bidi: isolate;\">#<\/span><span style=\"font-family: inherit;\">lesamisdelafrenchcoop<\/span><\/span><\/a><span style=\"background-color: white; color: #1d2129; font-family: Helvetica, Arial, sans-serif; font-size: 14px;\"># se sont retrouv\u00e9s pour leur premi\u00e8re assembl\u00e9e g\u00e9n\u00e9rale. Ambiance studieuse mais la bonne humeur et la motivation \u00e9taient au rendez-vous&nbsp;<\/span><span style=\"background-color: white; color: #1d2129; font-family: Helvetica, Arial, sans-serif; font-size: 14px; line-height: 0; margin: 0px 1px; vertical-align: middle;\"><img loading=\"lazy\" alt=\"\" class=\"img\" height=\"16\" role=\"presentation\" src=\"https:\/\/lafrenchcoop.fr\/site\/wp-content\/uploads\/2018\/03\/1f642.png\" style=\"border: 0px; vertical-align: -3px;\" width=\"16\" \/><span style=\"display: inline-block; font-family: inherit; font-size: 0px; width: 0px;\">\ud83d\ude42<\/span><\/span><span style=\"background-color: white; color: #1d2129; font-family: Helvetica, Arial, sans-serif; font-size: 14px; line-height: 0; margin: 0px 1px; vertical-align: middle;\"><img loading=\"lazy\" alt=\"\" class=\"img\" height=\"16\" role=\"presentation\" src=\"https:\/\/lafrenchcoop.fr\/site\/wp-content\/uploads\/2018\/03\/1f642.png\" style=\"border: 0px; vertical-align: -3px;\" width=\"16\" \/><span style=\"display: inline-block; font-family: inherit; font-size: 0px; width: 0px;\">\ud83d\ude42<\/span><\/span><span style=\"background-color: white; color: #1d2129; font-family: Helvetica, Arial, sans-serif; font-size: 14px;\">&nbsp;!!!! Bien d\u00e9cid\u00e9s \u00e0 cr\u00e9er leur grande&nbsp;<\/span><a data-ft=\"{&quot;tn&quot;:&quot;*N&quot;,&quot;type&quot;:104}\" href=\"https:\/\/www.facebook.com\/hashtag\/%C3%A9piceriecollaborative?source=feed_text\" style=\"background-color: white; color: #365899; cursor: pointer; font-family: Helvetica, Arial, sans-serif; font-size: 14px; text-decoration-line: none;\"><span style=\"direction: ltr; font-family: inherit; unicode-bidi: isolate;\"><span aria-label=\"hashtag\" style=\"font-family: inherit; unicode-bidi: isolate;\">#<\/span><span style=\"font-family: inherit;\">\u00e9piceriecollaborative<\/span><\/span><\/a><span style=\"background-color: white; color: #1d2129; font-family: Helvetica, Arial, sans-serif; font-size: 14px;\"># \u00e0&nbsp;<\/span><a data-ft=\"{&quot;tn&quot;:&quot;*N&quot;,&quot;type&quot;:104}\" href=\"https:\/\/www.facebook.com\/hashtag\/asnieressurseine?source=feed_text\" style=\"background-color: white; color: #365899; cursor: pointer; font-family: Helvetica, Arial, sans-serif; font-size: 14px; text-decoration-line: none;\"><span style=\"direction: ltr; font-family: inherit; unicode-bidi: isolate;\"><span aria-label=\"hashtag\" style=\"font-family: inherit; unicode-bidi: isolate;\">#<\/span><span style=\"font-family: inherit;\">asnieressurseine<\/span><\/span><\/a><span style=\"background-color: white; color: #1d2129; font-family: Helvetica, Arial, sans-serif; font-size: 14px;\"># !!!!!<\/span><br \/><span style=\"color: #1d2129; font-family: Helvetica, Arial, sans-serif;\"><span style=\"font-size: 14px;\"><br \/><\/span><\/span><span style=\"background-color: white; color: #1d2129; font-family: Helvetica, Arial, sans-serif; font-size: 14px;\"><\/span><\/p>\n<div style=\"clear: both; text-align: center;\"><a href=\"https:\/\/lafrenchcoop.fr\/site\/wp-content\/uploads\/2018\/03\/IMG_6699-2BB.jpg\" style=\"margin-left: 1em; margin-right: 1em;\"><img loading=\"lazy\" border=\"0\" data-original-height=\"806\" data-original-width=\"1600\" height=\"161\" src=\"https:\/\/lafrenchcoop.fr\/site\/wp-content\/uploads\/2018\/03\/IMG_6699-2BB-300x151.jpg\" width=\"320\" \/><\/a><\/div>\n<p><\/p>\n<div style=\"clear: both; text-align: center;\"><a href=\"https:\/\/lafrenchcoop.fr\/site\/wp-content\/uploads\/2018\/03\/IMG_6700-2BB.jpg\" style=\"margin-left: 1em; margin-right: 1em;\"><img loading=\"lazy\" border=\"0\" data-original-height=\"789\" data-original-width=\"1600\" height=\"157\" src=\"https:\/\/lafrenchcoop.fr\/site\/wp-content\/uploads\/2018\/03\/IMG_6700-2BB-300x148.jpg\" width=\"320\" \/><\/a><\/div>\n<p><\/p>\n<div style=\"clear: both; text-align: center;\"><a href=\"https:\/\/lafrenchcoop.fr\/site\/wp-content\/uploads\/2018\/03\/P1100684.jpg\" style=\"margin-left: 1em; margin-right: 1em;\"><img loading=\"lazy\" border=\"0\" data-original-height=\"1200\" data-original-width=\"1600\" height=\"240\" src=\"https:\/\/lafrenchcoop.fr\/site\/wp-content\/uploads\/2018\/03\/P1100684-300x225.jpg\" width=\"320\" \/><\/a><\/div>\n<p><\/p>\n<div style=\"clear: both; text-align: center;\"><a href=\"https:\/\/lafrenchcoop.fr\/site\/wp-content\/uploads\/2018\/03\/P1100694-2BB.jpg\" style=\"margin-left: 1em; margin-right: 1em;\"><img loading=\"lazy\" border=\"0\" data-original-height=\"640\" data-original-width=\"1600\" height=\"128\" src=\"https:\/\/lafrenchcoop.fr\/site\/wp-content\/uploads\/2018\/03\/P1100694-2BB-300x120.jpg\" width=\"320\" \/><\/a><\/div>\n<p><\/p>\n<div style=\"clear: both; text-align: center;\"><a href=\"https:\/\/lafrenchcoop.fr\/site\/wp-content\/uploads\/2018\/03\/P1100703-2BB.jpg\" style=\"margin-left: 1em; margin-right: 1em;\"><img loading=\"lazy\" border=\"0\" data-original-height=\"900\" data-original-width=\"1600\" height=\"180\" src=\"https:\/\/lafrenchcoop.fr\/site\/wp-content\/uploads\/2018\/03\/P1100703-2BB-300x169.jpg\" width=\"320\" \/><\/a><\/div>\n","protected":false},"excerpt":{"rendered":"<p>Samedi dernier,&nbsp;#lesamisdelafrenchcoop# se sont retrouv\u00e9s pour leur premi\u00e8re assembl\u00e9e g\u00e9n\u00e9rale. Ambiance studieuse mais la bonne humeur et la motivation \u00e9taient au rendez-vous&nbsp;\ud83d\ude42\ud83d\ude42&nbsp;!!!! Bien d\u00e9cid\u00e9s \u00e0 cr\u00e9er leur grande&nbsp;#\u00e9piceriecollaborative# \u00e0&nbsp;#asnieressurseine# !!!!!<\/p>\n","protected":false},"author":4,"featured_media":444,"comment_status":"closed","ping_status":"open","sticky":false,"template":"","format":"standard","meta":[],"categories":[10],"tags":[],"yoast_head":"<!-- This site is optimized with the Yoast SEO plugin v17.9 - https:\/\/yoast.com\/wordpress\/plugins\/seo\/ -->\n<title>Assembl\u00e9e g\u00e9n\u00e9rale - La French Coop<\/title>\n<meta name=\"robots\" content=\"index, follow, max-snippet:-1, max-image-preview:large, max-video-preview:-1\" \/>\n<link rel=\"canonical\" href=\"https:\/\/lafrenchcoop.fr\/site\/evenements\/assemblee-generale\" \/>\n<meta property=\"og:locale\" content=\"fr_FR\" \/>\n<meta property=\"og:type\" content=\"article\" \/>\n<meta property=\"og:title\" content=\"Assembl\u00e9e g\u00e9n\u00e9rale - La French Coop\" \/>\n<meta property=\"og:description\" content=\"Samedi dernier,&nbsp;#lesamisdelafrenchcoop# se sont retrouv\u00e9s pour leur premi\u00e8re assembl\u00e9e g\u00e9n\u00e9rale. Ambiance studieuse mais la bonne humeur et la motivation \u00e9taient au rendez-vous&nbsp;\ud83d\ude42\ud83d\ude42&nbsp;!!!! Bien d\u00e9cid\u00e9s \u00e0 cr\u00e9er leur grande&nbsp;#\u00e9piceriecollaborative# \u00e0&nbsp;#asnieressurseine# !!!!!\" \/>\n<meta property=\"og:url\" content=\"https:\/\/lafrenchcoop.fr\/site\/evenements\/assemblee-generale\" \/>\n<meta property=\"og:site_name\" content=\"La French Coop\" \/>\n<meta property=\"article:publisher\" content=\"https:\/\/www.facebook.com\/lafrenchcoop\/\" \/>\n<meta property=\"article:published_time\" content=\"2018-03-13T17:20:00+00:00\" \/>\n<meta property=\"article:modified_time\" content=\"2020-06-13T13:57:41+00:00\" \/>\n<meta property=\"og:image\" content=\"https:\/\/lafrenchcoop.fr\/site\/wp-content\/uploads\/2018\/03\/1f642.png\" \/>\n\t<meta property=\"og:image:width\" content=\"16\" \/>\n\t<meta property=\"og:image:height\" content=\"16\" \/>\n\t<meta property=\"og:image:type\" content=\"image\/png\" \/>\n<meta name=\"twitter:card\" content=\"summary_large_image\" \/>\n<meta name=\"twitter:creator\" content=\"@FrenchCoop\" \/>\n<meta name=\"twitter:site\" content=\"@FrenchCoop\" \/>\n<meta name=\"twitter:label1\" content=\"\u00c9crit par\" \/>\n\t<meta name=\"twitter:data1\" content=\"lafrenchcoop\" \/>\n<script type=\"application\/ld+json\" class=\"yoast-schema-graph\">{\"@context\":\"https:\/\/schema.org\",\"@graph\":[{\"@type\":\"WebSite\",\"@id\":\"https:\/\/lafrenchcoop.fr\/site\/#website\",\"url\":\"https:\/\/lafrenchcoop.fr\/site\/\",\"name\":\"La French Coop\",\"description\":\"L&#039;\\u00e9picerie coop\\u00e9rative et participative d&#039;Asni\\u00e8res-sur-Seine !\",\"potentialAction\":[{\"@type\":\"SearchAction\",\"target\":{\"@type\":\"EntryPoint\",\"urlTemplate\":\"https:\/\/lafrenchcoop.fr\/site\/?s={search_term_string}\"},\"query-input\":\"required name=search_term_string\"}],\"inLanguage\":\"fr-FR\"},{\"@type\":\"ImageObject\",\"@id\":\"https:\/\/lafrenchcoop.fr\/site\/evenements\/assemblee-generale#primaryimage\",\"inLanguage\":\"fr-FR\",\"url\":\"https:\/\/lafrenchcoop.fr\/site\/wp-content\/uploads\/2018\/03\/1f642.png\",\"contentUrl\":\"https:\/\/lafrenchcoop.fr\/site\/wp-content\/uploads\/2018\/03\/1f642.png\",\"width\":16,\"height\":16},{\"@type\":\"WebPage\",\"@id\":\"https:\/\/lafrenchcoop.fr\/site\/evenements\/assemblee-generale#webpage\",\"url\":\"https:\/\/lafrenchcoop.fr\/site\/evenements\/assemblee-generale\",\"name\":\"Assembl\\u00e9e g\\u00e9n\\u00e9rale - La French Coop\",\"isPartOf\":{\"@id\":\"https:\/\/lafrenchcoop.fr\/site\/#website\"},\"primaryImageOfPage\":{\"@id\":\"https:\/\/lafrenchcoop.fr\/site\/evenements\/assemblee-generale#primaryimage\"},\"datePublished\":\"2018-03-13T17:20:00+00:00\",\"dateModified\":\"2020-06-13T13:57:41+00:00\",\"author\":{\"@id\":\"https:\/\/lafrenchcoop.fr\/site\/#\/schema\/person\/ba218cfcafb09c5becc70800de7554bf\"},\"breadcrumb\":{\"@id\":\"https:\/\/lafrenchcoop.fr\/site\/evenements\/assemblee-generale#breadcrumb\"},\"inLanguage\":\"fr-FR\",\"potentialAction\":[{\"@type\":\"ReadAction\",\"target\":[\"https:\/\/lafrenchcoop.fr\/site\/evenements\/assemblee-generale\"]}]},{\"@type\":\"BreadcrumbList\",\"@id\":\"https:\/\/lafrenchcoop.fr\/site\/evenements\/assemblee-generale#breadcrumb\",\"itemListElement\":[{\"@type\":\"ListItem\",\"position\":1,\"name\":\"Accueil\",\"item\":\"https:\/\/lafrenchcoop.fr\/site\/\"},{\"@type\":\"ListItem\",\"position\":2,\"name\":\"Assembl\\u00e9e g\\u00e9n\\u00e9rale\"}]},{\"@type\":\"Person\",\"@id\":\"https:\/\/lafrenchcoop.fr\/site\/#\/schema\/person\/ba218cfcafb09c5becc70800de7554bf\",\"name\":\"lafrenchcoop\",\"image\":{\"@type\":\"ImageObject\",\"@id\":\"https:\/\/lafrenchcoop.fr\/site\/#personlogo\",\"inLanguage\":\"fr-FR\",\"url\":\"https:\/\/secure.gravatar.com\/avatar\/f35efd74c5723ad71a999ece82bb95f4?s=96&d=mm&r=g\",\"contentUrl\":\"https:\/\/secure.gravatar.com\/avatar\/f35efd74c5723ad71a999ece82bb95f4?s=96&d=mm&r=g\",\"caption\":\"lafrenchcoop\"},\"url\":\"https:\/\/lafrenchcoop.fr\/site\/author\/lafrenchcoop\"}]}<\/script>\n<!-- \/ Yoast SEO plugin. -->","yoast_head_json":{"title":"Assembl\u00e9e g\u00e9n\u00e9rale - La French Coop","robots":{"index":"index","follow":"follow","max-snippet":"max-snippet:-1","max-image-preview":"max-image-preview:large","max-video-preview":"max-video-preview:-1"},"canonical":"https:\/\/lafrenchcoop.fr\/site\/evenements\/assemblee-generale","og_locale":"fr_FR","og_type":"article","og_title":"Assembl\u00e9e g\u00e9n\u00e9rale - La French Coop","og_description":"Samedi dernier,&nbsp;#lesamisdelafrenchcoop# se sont retrouv\u00e9s pour leur premi\u00e8re assembl\u00e9e g\u00e9n\u00e9rale. Ambiance studieuse mais la bonne humeur et la motivation \u00e9taient au rendez-vous&nbsp;\ud83d\ude42\ud83d\ude42&nbsp;!!!! Bien d\u00e9cid\u00e9s \u00e0 cr\u00e9er leur grande&nbsp;#\u00e9piceriecollaborative# \u00e0&nbsp;#asnieressurseine# !!!!!","og_url":"https:\/\/lafrenchcoop.fr\/site\/evenements\/assemblee-generale","og_site_name":"La French Coop","article_publisher":"https:\/\/www.facebook.com\/lafrenchcoop\/","article_published_time":"2018-03-13T17:20:00+00:00","article_modified_time":"2020-06-13T13:57:41+00:00","og_image":[{"width":16,"height":16,"url":"https:\/\/lafrenchcoop.fr\/site\/wp-content\/uploads\/2018\/03\/1f642.png","type":"image\/png"}],"twitter_card":"summary_large_image","twitter_creator":"@FrenchCoop","twitter_site":"@FrenchCoop","twitter_misc":{"\u00c9crit par":"lafrenchcoop"},"schema":{"@context":"https:\/\/schema.org","@graph":[{"@type":"WebSite","@id":"https:\/\/lafrenchcoop.fr\/site\/#website","url":"https:\/\/lafrenchcoop.fr\/site\/","name":"La French Coop","description":"L&#039;\u00e9picerie coop\u00e9rative et participative d&#039;Asni\u00e8res-sur-Seine !","potentialAction":[{"@type":"SearchAction","target":{"@type":"EntryPoint","urlTemplate":"https:\/\/lafrenchcoop.fr\/site\/?s={search_term_string}"},"query-input":"required name=search_term_string"}],"inLanguage":"fr-FR"},{"@type":"ImageObject","@id":"https:\/\/lafrenchcoop.fr\/site\/evenements\/assemblee-generale#primaryimage","inLanguage":"fr-FR","url":"https:\/\/lafrenchcoop.fr\/site\/wp-content\/uploads\/2018\/03\/1f642.png","contentUrl":"https:\/\/lafrenchcoop.fr\/site\/wp-content\/uploads\/2018\/03\/1f642.png","width":16,"height":16},{"@type":"WebPage","@id":"https:\/\/lafrenchcoop.fr\/site\/evenements\/assemblee-generale#webpage","url":"https:\/\/lafrenchcoop.fr\/site\/evenements\/assemblee-generale","name":"Assembl\u00e9e g\u00e9n\u00e9rale - La French Coop","isPartOf":{"@id":"https:\/\/lafrenchcoop.fr\/site\/#website"},"primaryImageOfPage":{"@id":"https:\/\/lafrenchcoop.fr\/site\/evenements\/assemblee-generale#primaryimage"},"datePublished":"2018-03-13T17:20:00+00:00","dateModified":"2020-06-13T13:57:41+00:00","author":{"@id":"https:\/\/lafrenchcoop.fr\/site\/#\/schema\/person\/ba218cfcafb09c5becc70800de7554bf"},"breadcrumb":{"@id":"https:\/\/lafrenchcoop.fr\/site\/evenements\/assemblee-generale#breadcrumb"},"inLanguage":"fr-FR","potentialAction":[{"@type":"ReadAction","target":["https:\/\/lafrenchcoop.fr\/site\/evenements\/assemblee-generale"]}]},{"@type":"BreadcrumbList","@id":"https:\/\/lafrenchcoop.fr\/site\/evenements\/assemblee-generale#breadcrumb","itemListElement":[{"@type":"ListItem","position":1,"name":"Accueil","item":"https:\/\/lafrenchcoop.fr\/site\/"},{"@type":"ListItem","position":2,"name":"Assembl\u00e9e g\u00e9n\u00e9rale"}]},{"@type":"Person","@id":"https:\/\/lafrenchcoop.fr\/site\/#\/schema\/person\/ba218cfcafb09c5becc70800de7554bf","name":"lafrenchcoop","image":{"@type":"ImageObject","@id":"https:\/\/lafrenchcoop.fr\/site\/#personlogo","inLanguage":"fr-FR","url":"https:\/\/secure.gravatar.com\/avatar\/f35efd74c5723ad71a999ece82bb95f4?s=96&d=mm&r=g","contentUrl":"https:\/\/secure.gravatar.com\/avatar\/f35efd74c5723ad71a999ece82bb95f4?s=96&d=mm&r=g","caption":"lafrenchcoop"},"url":"https:\/\/lafrenchcoop.fr\/site\/author\/lafrenchcoop"}]}},"_links":{"self":[{"href":"https:\/\/lafrenchcoop.fr\/site\/wp-json\/wp\/v2\/posts\/407"}],"collection":[{"href":"https:\/\/lafrenchcoop.fr\/site\/wp-json\/wp\/v2\/posts"}],"about":[{"href":"https:\/\/lafrenchcoop.fr\/site\/wp-json\/wp\/v2\/types\/post"}],"author":[{"embeddable":true,"href":"https:\/\/lafrenchcoop.fr\/site\/wp-json\/wp\/v2\/users\/4"}],"replies":[{"embeddable":true,"href":"https:\/\/lafrenchcoop.fr\/site\/wp-json\/wp\/v2\/comments?post=407"}],"version-history":[{"count":2,"href":"https:\/\/lafrenchcoop.fr\/site\/wp-json\/wp\/v2\/posts\/407\/revisions"}],"predecessor-version":[{"id":886,"href":"https:\/\/lafrenchcoop.fr\/site\/wp-json\/wp\/v2\/posts\/407\/revisions\/886"}],"wp:featuredmedia":[{"embeddable":true,"href":"https:\/\/lafrenchcoop.fr\/site\/wp-json\/wp\/v2\/media\/444"}],"wp:attachment":[{"href":"https:\/\/lafrenchcoop.fr\/site\/wp-json\/wp\/v2\/media?parent=407"}],"wp:term":[{"taxonomy":"category","embeddable":true,"href":"https:\/\/lafrenchcoop.fr\/site\/wp-json\/wp\/v2\/categories?post=407"},{"taxonomy":"post_tag","embeddable":true,"href":"https:\/\/lafrenchcoop.fr\/site\/wp-json\/wp\/v2\/tags?post=407"}],"curies":[{"name":"wp","href":"https:\/\/api.w.org\/{rel}","templated":true}]}}