{"id":409,"date":"2018-02-19T15:37:00","date_gmt":"2018-02-19T14:37:00","guid":{"rendered":""},"modified":"2020-06-13T15:57:56","modified_gmt":"2020-06-13T13:57:56","slug":"reunion-dinformations-fevrier","status":"publish","type":"post","link":"https:\/\/lafrenchcoop.fr\/site\/evenements\/reunion-dinformations-fevrier","title":{"rendered":"R\u00e9union d&rsquo;informations f\u00e9vrier"},"content":{"rendered":"<div style=\"text-align: center;\">\n<div style=\"text-align: center;\"><b><span data-test>BONNE NOUVELLE !!!!<\/span><\/b><br \/><span data-test> <\/span><br \/><span data-test> Nous avons le plaisir de vous annoncer l&rsquo;organisation de r\u00e9unions d&rsquo;informations au<\/span><br \/><span data-test> <\/span><br \/><span data-test>             Centre Administratif et Social d&rsquo;Asni\u00e8res sur Seine<\/span><br \/><span data-test>                                   Salle 3 au 3\u00e8me \u00e9tage<\/span><br \/><span data-test> <\/span><br \/><span data-test>                                 2 Place de l&rsquo;H\u00f4tel de Ville <\/span><\/div>\n<p><span data-test><\/span><\/div>\n<p><span data-test> <br \/> Les 70 membres de l&rsquo;association Les Amis de la French Coop ont lanc\u00e9 le  projet de cr\u00e9ation d\u2019un supermarch\u00e9 coop\u00e9ratif et participatif \u00e0  Asni\u00e8res sur seine.<br \/> Pour le concr\u00e9tiser, nous avons besoin de vous !<\/span><br \/><span data-test><br \/> Nos valeurs :<\/span><br \/><span data-test><span><br \/> \u2022 redonner du sens \u00e0 notre consommation en r\u00e9mun\u00e9rant plus justement les petits producteurs<br \/> \u2022 promouvoir une alimentation saine et de qualit\u00e9, respectueuse de l&rsquo;environnement et du vivant<br \/> \u2022 favoriser les produits locaux, r\u00e9gionaux et artisanaux en donnant la priorit\u00e9 aux circuits courts&nbsp;<\/span><\/span><br \/><span data-test><span><br \/> Si vous souhaitez vous renseigner et\/ou adh\u00e9rer au projet, venez nous rencontrer le<br \/> <b><br \/><\/b><\/span><\/span><\/p>\n<div style=\"text-align: center;\">\n<div style=\"text-align: center;\"><b><span data-test><span>                                   Samedi 24 F\u00e9vrier \u00e0 10h30<\/span><\/span><\/b><\/div>\n<p><span data-test><span><\/span><\/span><\/div>\n<p><span data-test><span> <br \/> Nous vous y accueillerons avec plaisir.<br \/> Le nombre de places \u00e9tant limit\u00e9, merci de vous inscrire en cliquant sur ce lien <br \/>  <a data-lynx-mode=\"async\" data-lynx-uri=\"https:\/\/l.facebook.com\/l.php?u=https%3A%2F%2Fdocs.google.com%2Fforms%2Fd%2F1mtvr7t6HEGGJ2vffTlqUp3FxIEY2RLchqz2erXgMLWg%2Fviewform%3Fedit_requested%3Dtrue&amp;h=ATMJUxihEShpynVjypoSdru7L30m0P7XTtjI--NSt4a9UgyaYpxagJOd2DHjcYhazhzqVR4TDEOaTiDu8CbI-vWdEegV53vnDiXY8HyUzN6JsbgB-vYtnPR62Rn7C0Haq3Sn6B7J7OSAcGjscrQnFqm510IzZcV4rxumJylqfTSIgkp2\" href=\"https:\/\/docs.google.com\/forms\/d\/1mtvr7t6HEGGJ2vffTlqUp3FxIEY2RLchqz2erXgMLWg\/viewform?edit_requested=true\" rel=\"nofollow noopener noreferrer\" target=\"_blank\"><span>https:\/\/docs.google.com\/<\/span><wbr><\/wbr><span><\/span><span>forms\/d\/<\/span><wbr><\/wbr><span><\/span><span>1mtvr7t6HEGGJ2vffTlqUp3FxIE<\/span><wbr><\/wbr><span><\/span><span>Y2RLchqz2erXgMLWg\/<\/span><wbr><\/wbr><span><\/span><span>viewform?edit_requested=tru<\/span><wbr><\/wbr><span><\/span>e<\/a><\/p>\n<p> A tr\u00e8s bient\u00f4t !!<\/span><\/span><\/p>\n","protected":false},"excerpt":{"rendered":"<p>BONNE NOUVELLE !!!! Nous avons le plaisir de vous annoncer l&rsquo;organisation de r\u00e9unions d&rsquo;informations au Centre Administratif et Social d&rsquo;Asni\u00e8res sur Seine Salle 3 au 3\u00e8me \u00e9tage 2 Place de l&rsquo;H\u00f4tel de Ville Les 70 membres de l&rsquo;association Les Amis de la French Coop ont lanc\u00e9 le projet de cr\u00e9ation [&hellip;]<\/p>\n","protected":false},"author":4,"featured_media":0,"comment_status":"closed","ping_status":"open","sticky":false,"template":"","format":"standard","meta":[],"categories":[10],"tags":[],"yoast_head":"<!-- This site is optimized with the Yoast SEO plugin v17.9 - https:\/\/yoast.com\/wordpress\/plugins\/seo\/ -->\n<title>R\u00e9union d&#039;informations f\u00e9vrier - La French Coop<\/title>\n<meta name=\"robots\" content=\"index, follow, max-snippet:-1, max-image-preview:large, max-video-preview:-1\" \/>\n<link rel=\"canonical\" href=\"https:\/\/lafrenchcoop.fr\/site\/evenements\/reunion-dinformations-fevrier\" \/>\n<meta property=\"og:locale\" content=\"fr_FR\" \/>\n<meta property=\"og:type\" content=\"article\" \/>\n<meta property=\"og:title\" content=\"R\u00e9union d&#039;informations f\u00e9vrier - La French Coop\" \/>\n<meta property=\"og:description\" content=\"BONNE NOUVELLE !!!! Nous avons le plaisir de vous annoncer l&rsquo;organisation de r\u00e9unions d&rsquo;informations au Centre Administratif et Social d&rsquo;Asni\u00e8res sur Seine Salle 3 au 3\u00e8me \u00e9tage 2 Place de l&rsquo;H\u00f4tel de Ville Les 70 membres de l&rsquo;association Les Amis de la French Coop ont lanc\u00e9 le projet de cr\u00e9ation [&hellip;]\" \/>\n<meta property=\"og:url\" content=\"https:\/\/lafrenchcoop.fr\/site\/evenements\/reunion-dinformations-fevrier\" \/>\n<meta property=\"og:site_name\" content=\"La French Coop\" \/>\n<meta property=\"article:publisher\" content=\"https:\/\/www.facebook.com\/lafrenchcoop\/\" \/>\n<meta property=\"article:published_time\" content=\"2018-02-19T14:37:00+00:00\" \/>\n<meta property=\"article:modified_time\" content=\"2020-06-13T13:57:56+00:00\" \/>\n<meta property=\"og:image\" content=\"https:\/\/lafrenchcoop.fr\/site\/wp-content\/uploads\/2019\/03\/2-LAFC-RVB-700_700.png\" \/>\n\t<meta property=\"og:image:width\" content=\"700\" \/>\n\t<meta property=\"og:image:height\" content=\"700\" \/>\n\t<meta property=\"og:image:type\" content=\"image\/png\" \/>\n<meta name=\"twitter:card\" content=\"summary_large_image\" \/>\n<meta name=\"twitter:creator\" content=\"@FrenchCoop\" \/>\n<meta name=\"twitter:site\" content=\"@FrenchCoop\" \/>\n<meta name=\"twitter:label1\" content=\"\u00c9crit par\" \/>\n\t<meta name=\"twitter:data1\" content=\"lafrenchcoop\" \/>\n\t<meta name=\"twitter:label2\" content=\"Dur\u00e9e de lecture estim\u00e9e\" \/>\n\t<meta name=\"twitter:data2\" content=\"1 minute\" \/>\n<script type=\"application\/ld+json\" class=\"yoast-schema-graph\">{\"@context\":\"https:\/\/schema.org\",\"@graph\":[{\"@type\":\"WebSite\",\"@id\":\"https:\/\/lafrenchcoop.fr\/site\/#website\",\"url\":\"https:\/\/lafrenchcoop.fr\/site\/\",\"name\":\"La French Coop\",\"description\":\"L&#039;\\u00e9picerie coop\\u00e9rative et participative d&#039;Asni\\u00e8res-sur-Seine !\",\"potentialAction\":[{\"@type\":\"SearchAction\",\"target\":{\"@type\":\"EntryPoint\",\"urlTemplate\":\"https:\/\/lafrenchcoop.fr\/site\/?s={search_term_string}\"},\"query-input\":\"required name=search_term_string\"}],\"inLanguage\":\"fr-FR\"},{\"@type\":\"WebPage\",\"@id\":\"https:\/\/lafrenchcoop.fr\/site\/evenements\/reunion-dinformations-fevrier#webpage\",\"url\":\"https:\/\/lafrenchcoop.fr\/site\/evenements\/reunion-dinformations-fevrier\",\"name\":\"R\\u00e9union d'informations f\\u00e9vrier - La French Coop\",\"isPartOf\":{\"@id\":\"https:\/\/lafrenchcoop.fr\/site\/#website\"},\"datePublished\":\"2018-02-19T14:37:00+00:00\",\"dateModified\":\"2020-06-13T13:57:56+00:00\",\"author\":{\"@id\":\"https:\/\/lafrenchcoop.fr\/site\/#\/schema\/person\/ba218cfcafb09c5becc70800de7554bf\"},\"breadcrumb\":{\"@id\":\"https:\/\/lafrenchcoop.fr\/site\/evenements\/reunion-dinformations-fevrier#breadcrumb\"},\"inLanguage\":\"fr-FR\",\"potentialAction\":[{\"@type\":\"ReadAction\",\"target\":[\"https:\/\/lafrenchcoop.fr\/site\/evenements\/reunion-dinformations-fevrier\"]}]},{\"@type\":\"BreadcrumbList\",\"@id\":\"https:\/\/lafrenchcoop.fr\/site\/evenements\/reunion-dinformations-fevrier#breadcrumb\",\"itemListElement\":[{\"@type\":\"ListItem\",\"position\":1,\"name\":\"Accueil\",\"item\":\"https:\/\/lafrenchcoop.fr\/site\/\"},{\"@type\":\"ListItem\",\"position\":2,\"name\":\"R\\u00e9union d&rsquo;informations f\\u00e9vrier\"}]},{\"@type\":\"Person\",\"@id\":\"https:\/\/lafrenchcoop.fr\/site\/#\/schema\/person\/ba218cfcafb09c5becc70800de7554bf\",\"name\":\"lafrenchcoop\",\"image\":{\"@type\":\"ImageObject\",\"@id\":\"https:\/\/lafrenchcoop.fr\/site\/#personlogo\",\"inLanguage\":\"fr-FR\",\"url\":\"https:\/\/secure.gravatar.com\/avatar\/f35efd74c5723ad71a999ece82bb95f4?s=96&d=mm&r=g\",\"contentUrl\":\"https:\/\/secure.gravatar.com\/avatar\/f35efd74c5723ad71a999ece82bb95f4?s=96&d=mm&r=g\",\"caption\":\"lafrenchcoop\"},\"url\":\"https:\/\/lafrenchcoop.fr\/site\/author\/lafrenchcoop\"}]}<\/script>\n<!-- \/ Yoast SEO plugin. -->","yoast_head_json":{"title":"R\u00e9union d'informations f\u00e9vrier - La French Coop","robots":{"index":"index","follow":"follow","max-snippet":"max-snippet:-1","max-image-preview":"max-image-preview:large","max-video-preview":"max-video-preview:-1"},"canonical":"https:\/\/lafrenchcoop.fr\/site\/evenements\/reunion-dinformations-fevrier","og_locale":"fr_FR","og_type":"article","og_title":"R\u00e9union d'informations f\u00e9vrier - La French Coop","og_description":"BONNE NOUVELLE !!!! Nous avons le plaisir de vous annoncer l&rsquo;organisation de r\u00e9unions d&rsquo;informations au Centre Administratif et Social d&rsquo;Asni\u00e8res sur Seine Salle 3 au 3\u00e8me \u00e9tage 2 Place de l&rsquo;H\u00f4tel de Ville Les 70 membres de l&rsquo;association Les Amis de la French Coop ont lanc\u00e9 le projet de cr\u00e9ation [&hellip;]","og_url":"https:\/\/lafrenchcoop.fr\/site\/evenements\/reunion-dinformations-fevrier","og_site_name":"La French Coop","article_publisher":"https:\/\/www.facebook.com\/lafrenchcoop\/","article_published_time":"2018-02-19T14:37:00+00:00","article_modified_time":"2020-06-13T13:57:56+00:00","og_image":[{"width":700,"height":700,"url":"https:\/\/lafrenchcoop.fr\/site\/wp-content\/uploads\/2019\/03\/2-LAFC-RVB-700_700.png","type":"image\/png"}],"twitter_card":"summary_large_image","twitter_creator":"@FrenchCoop","twitter_site":"@FrenchCoop","twitter_misc":{"\u00c9crit par":"lafrenchcoop","Dur\u00e9e de lecture estim\u00e9e":"1 minute"},"schema":{"@context":"https:\/\/schema.org","@graph":[{"@type":"WebSite","@id":"https:\/\/lafrenchcoop.fr\/site\/#website","url":"https:\/\/lafrenchcoop.fr\/site\/","name":"La French Coop","description":"L&#039;\u00e9picerie coop\u00e9rative et participative d&#039;Asni\u00e8res-sur-Seine !","potentialAction":[{"@type":"SearchAction","target":{"@type":"EntryPoint","urlTemplate":"https:\/\/lafrenchcoop.fr\/site\/?s={search_term_string}"},"query-input":"required name=search_term_string"}],"inLanguage":"fr-FR"},{"@type":"WebPage","@id":"https:\/\/lafrenchcoop.fr\/site\/evenements\/reunion-dinformations-fevrier#webpage","url":"https:\/\/lafrenchcoop.fr\/site\/evenements\/reunion-dinformations-fevrier","name":"R\u00e9union d'informations f\u00e9vrier - La French Coop","isPartOf":{"@id":"https:\/\/lafrenchcoop.fr\/site\/#website"},"datePublished":"2018-02-19T14:37:00+00:00","dateModified":"2020-06-13T13:57:56+00:00","author":{"@id":"https:\/\/lafrenchcoop.fr\/site\/#\/schema\/person\/ba218cfcafb09c5becc70800de7554bf"},"breadcrumb":{"@id":"https:\/\/lafrenchcoop.fr\/site\/evenements\/reunion-dinformations-fevrier#breadcrumb"},"inLanguage":"fr-FR","potentialAction":[{"@type":"ReadAction","target":["https:\/\/lafrenchcoop.fr\/site\/evenements\/reunion-dinformations-fevrier"]}]},{"@type":"BreadcrumbList","@id":"https:\/\/lafrenchcoop.fr\/site\/evenements\/reunion-dinformations-fevrier#breadcrumb","itemListElement":[{"@type":"ListItem","position":1,"name":"Accueil","item":"https:\/\/lafrenchcoop.fr\/site\/"},{"@type":"ListItem","position":2,"name":"R\u00e9union d&rsquo;informations f\u00e9vrier"}]},{"@type":"Person","@id":"https:\/\/lafrenchcoop.fr\/site\/#\/schema\/person\/ba218cfcafb09c5becc70800de7554bf","name":"lafrenchcoop","image":{"@type":"ImageObject","@id":"https:\/\/lafrenchcoop.fr\/site\/#personlogo","inLanguage":"fr-FR","url":"https:\/\/secure.gravatar.com\/avatar\/f35efd74c5723ad71a999ece82bb95f4?s=96&d=mm&r=g","contentUrl":"https:\/\/secure.gravatar.com\/avatar\/f35efd74c5723ad71a999ece82bb95f4?s=96&d=mm&r=g","caption":"lafrenchcoop"},"url":"https:\/\/lafrenchcoop.fr\/site\/author\/lafrenchcoop"}]}},"_links":{"self":[{"href":"https:\/\/lafrenchcoop.fr\/site\/wp-json\/wp\/v2\/posts\/409"}],"collection":[{"href":"https:\/\/lafrenchcoop.fr\/site\/wp-json\/wp\/v2\/posts"}],"about":[{"href":"https:\/\/lafrenchcoop.fr\/site\/wp-json\/wp\/v2\/types\/post"}],"author":[{"embeddable":true,"href":"https:\/\/lafrenchcoop.fr\/site\/wp-json\/wp\/v2\/users\/4"}],"replies":[{"embeddable":true,"href":"https:\/\/lafrenchcoop.fr\/site\/wp-json\/wp\/v2\/comments?post=409"}],"version-history":[{"count":4,"href":"https:\/\/lafrenchcoop.fr\/site\/wp-json\/wp\/v2\/posts\/409\/revisions"}],"predecessor-version":[{"id":65145,"href":"https:\/\/lafrenchcoop.fr\/site\/wp-json\/wp\/v2\/posts\/409\/revisions\/65145"}],"wp:attachment":[{"href":"https:\/\/lafrenchcoop.fr\/site\/wp-json\/wp\/v2\/media?parent=409"}],"wp:term":[{"taxonomy":"category","embeddable":true,"href":"https:\/\/lafrenchcoop.fr\/site\/wp-json\/wp\/v2\/categories?post=409"},{"taxonomy":"post_tag","embeddable":true,"href":"https:\/\/lafrenchcoop.fr\/site\/wp-json\/wp\/v2\/tags?post=409"}],"curies":[{"name":"wp","href":"https:\/\/api.w.org\/{rel}","templated":true}]}}