{"id":410,"date":"2018-01-04T19:29:00","date_gmt":"2018-01-04T18:29:00","guid":{"rendered":""},"modified":"2020-06-13T14:05:50","modified_gmt":"2020-06-13T12:05:50","slug":"bonne-annee","status":"publish","type":"post","link":"https:\/\/lafrenchcoop.fr\/site\/infos\/bonne-annee","title":{"rendered":"Bonne Ann\u00e9e 2018 !"},"content":{"rendered":"<div style=\"background-color: white; font-family: &quot;times new roman&quot;, &quot;new york&quot;, times, serif; font-size: 18.6667px;\"><span style=\"font-size: 18.6667px;\">En ce d\u00e9but d&rsquo;ann\u00e9e, nous tenions \u00e0 vous remercier d&rsquo;avoir rejoint ce projet et sp\u00e9cialement celles et ceux qui se donnent \u00e0 fond pour que cela avance !<\/span><\/div>\n<div style=\"background-color: white; font-family: &quot;times new roman&quot;, &quot;new york&quot;, times, serif; font-size: 18.6667px;\"><\/p>\n<div>Objectif 2018 : trouver un local associatif et ouvrir l&rsquo;\u00e9picerie.<\/div>\n<p><span style=\"color: #500050;\"><\/p>\n<div><\/div>\n<div>\n<div>Vous pouvez rejoindre le projet \u00e0 tout moment en y adh\u00e9rant :&nbsp;<a data-saferedirecturl=\"https:\/\/www.google.com\/url?hl=fr&amp;q=https:\/\/drive.google.com\/file\/d\/0BzihuYh59DtVSzVuZHB6elRWdzA\/view&amp;source=gmail&amp;ust=1515171481622000&amp;usg=AFQjCNG8MDOD2hD6GzBqejT3aT5hKZnQrg\" href=\"https:\/\/drive.google.com\/file\/d\/0BzihuYh59DtVSzVuZHB6elRWdzA\/view\" style=\"color: #1155cc;\" target=\"_blank\" rel=\"noopener noreferrer\">https:\/\/drive.google.com\/file\/<wbr><\/wbr>d\/<wbr><\/wbr>0BzihuYh59DtVSzVuZHB6elRWdzA\/<wbr><\/wbr>view<\/a><\/div>\n<div><span style=\"font-size: 18.6667px;\">ou prendre contact avec nous<\/span><span style=\"font-size: 18.6667px;\">&nbsp;<\/span><a href=\"mailto:lesamisdelafrenchcoop@gmail.com\" style=\"color: #1155cc; font-size: 18.6667px;\" target=\"_blank\" rel=\"noopener noreferrer\">lesamisdelafrenchcoop@gmail.<wbr><\/wbr>com<\/a><span style=\"font-size: 18.6667px;\">.<\/span><\/div>\n<div><\/div>\n<p>Nous organisons r\u00e9guli\u00e8rement des r\u00e9unions d&rsquo;information.<\/p><\/div>\n<div><\/div>\n<p><\/span><\/p>\n<div>Au plaisir de vous retrouver bient\u00f4t !<\/div>\n<div><\/p>\n<div style=\"clear: both; text-align: center;\"><a href=\"https:\/\/lafrenchcoop.fr\/site\/wp-content\/uploads\/2018\/01\/Bonne-2Bann-25C3-25A9e-2Ben-2Bbleu.png\" style=\"margin-left: 1em; margin-right: 1em;\"><img loading=\"lazy\" border=\"0\" data-original-height=\"720\" data-original-width=\"1280\" height=\"180\" src=\"https:\/\/lafrenchcoop.fr\/site\/wp-content\/uploads\/2018\/01\/Bonne-2Bann-25C3-25A9e-2Ben-2Bbleu-300x169.png\" width=\"320\" \/><\/a><\/div>\n<div style=\"clear: both; text-align: center;\"><\/div>\n<div style=\"clear: both; text-align: center;\"><\/div>\n<\/div>\n<\/div>\n","protected":false},"excerpt":{"rendered":"<p>En ce d\u00e9but d&rsquo;ann\u00e9e, nous tenions \u00e0 vous remercier d&rsquo;avoir rejoint ce projet et sp\u00e9cialement celles et ceux qui se donnent \u00e0 fond pour que cela avance ! Objectif 2018 : trouver un local associatif et ouvrir l&rsquo;\u00e9picerie. Vous pouvez rejoindre le projet \u00e0 tout moment en y adh\u00e9rant :&nbsp;https:\/\/drive.google.com\/file\/d\/0BzihuYh59DtVSzVuZHB6elRWdzA\/view [&hellip;]<\/p>\n","protected":false},"author":4,"featured_media":453,"comment_status":"closed","ping_status":"open","sticky":false,"template":"","format":"standard","meta":[],"categories":[11],"tags":[],"yoast_head":"<!-- This site is optimized with the Yoast SEO plugin v17.9 - https:\/\/yoast.com\/wordpress\/plugins\/seo\/ -->\n<title>Bonne Ann\u00e9e 2018 ! - La French Coop<\/title>\n<meta name=\"robots\" content=\"index, follow, max-snippet:-1, max-image-preview:large, max-video-preview:-1\" \/>\n<link rel=\"canonical\" href=\"https:\/\/lafrenchcoop.fr\/site\/infos\/bonne-annee\" \/>\n<meta property=\"og:locale\" content=\"fr_FR\" \/>\n<meta property=\"og:type\" content=\"article\" \/>\n<meta property=\"og:title\" content=\"Bonne Ann\u00e9e 2018 ! - La French Coop\" \/>\n<meta property=\"og:description\" content=\"En ce d\u00e9but d&rsquo;ann\u00e9e, nous tenions \u00e0 vous remercier d&rsquo;avoir rejoint ce projet et sp\u00e9cialement celles et ceux qui se donnent \u00e0 fond pour que cela avance ! Objectif 2018 : trouver un local associatif et ouvrir l&rsquo;\u00e9picerie. Vous pouvez rejoindre le projet \u00e0 tout moment en y adh\u00e9rant :&nbsp;https:\/\/drive.google.com\/file\/d\/0BzihuYh59DtVSzVuZHB6elRWdzA\/view [&hellip;]\" \/>\n<meta property=\"og:url\" content=\"https:\/\/lafrenchcoop.fr\/site\/infos\/bonne-annee\" \/>\n<meta property=\"og:site_name\" content=\"La French Coop\" \/>\n<meta property=\"article:publisher\" content=\"https:\/\/www.facebook.com\/lafrenchcoop\/\" \/>\n<meta property=\"article:published_time\" content=\"2018-01-04T18:29:00+00:00\" \/>\n<meta property=\"article:modified_time\" content=\"2020-06-13T12:05:50+00:00\" \/>\n<meta property=\"og:image\" content=\"https:\/\/lafrenchcoop.fr\/site\/wp-content\/uploads\/2018\/01\/Bonne-2Bann-25C3-25A9e-2Ben-2Bbleu.png\" \/>\n\t<meta property=\"og:image:width\" content=\"1024\" \/>\n\t<meta property=\"og:image:height\" content=\"576\" \/>\n\t<meta property=\"og:image:type\" content=\"image\/png\" \/>\n<meta name=\"twitter:card\" content=\"summary_large_image\" \/>\n<meta name=\"twitter:creator\" content=\"@FrenchCoop\" \/>\n<meta name=\"twitter:site\" content=\"@FrenchCoop\" \/>\n<meta name=\"twitter:label1\" content=\"\u00c9crit par\" \/>\n\t<meta name=\"twitter:data1\" content=\"lafrenchcoop\" \/>\n<script type=\"application\/ld+json\" class=\"yoast-schema-graph\">{\"@context\":\"https:\/\/schema.org\",\"@graph\":[{\"@type\":\"WebSite\",\"@id\":\"https:\/\/lafrenchcoop.fr\/site\/#website\",\"url\":\"https:\/\/lafrenchcoop.fr\/site\/\",\"name\":\"La French Coop\",\"description\":\"L&#039;\\u00e9picerie coop\\u00e9rative et participative d&#039;Asni\\u00e8res-sur-Seine !\",\"potentialAction\":[{\"@type\":\"SearchAction\",\"target\":{\"@type\":\"EntryPoint\",\"urlTemplate\":\"https:\/\/lafrenchcoop.fr\/site\/?s={search_term_string}\"},\"query-input\":\"required name=search_term_string\"}],\"inLanguage\":\"fr-FR\"},{\"@type\":\"ImageObject\",\"@id\":\"https:\/\/lafrenchcoop.fr\/site\/infos\/bonne-annee#primaryimage\",\"inLanguage\":\"fr-FR\",\"url\":\"https:\/\/lafrenchcoop.fr\/site\/wp-content\/uploads\/2018\/01\/Bonne-2Bann-25C3-25A9e-2Ben-2Bbleu.png\",\"contentUrl\":\"https:\/\/lafrenchcoop.fr\/site\/wp-content\/uploads\/2018\/01\/Bonne-2Bann-25C3-25A9e-2Ben-2Bbleu.png\",\"width\":1024,\"height\":576},{\"@type\":\"WebPage\",\"@id\":\"https:\/\/lafrenchcoop.fr\/site\/infos\/bonne-annee#webpage\",\"url\":\"https:\/\/lafrenchcoop.fr\/site\/infos\/bonne-annee\",\"name\":\"Bonne Ann\\u00e9e 2018 ! - La French Coop\",\"isPartOf\":{\"@id\":\"https:\/\/lafrenchcoop.fr\/site\/#website\"},\"primaryImageOfPage\":{\"@id\":\"https:\/\/lafrenchcoop.fr\/site\/infos\/bonne-annee#primaryimage\"},\"datePublished\":\"2018-01-04T18:29:00+00:00\",\"dateModified\":\"2020-06-13T12:05:50+00:00\",\"author\":{\"@id\":\"https:\/\/lafrenchcoop.fr\/site\/#\/schema\/person\/ba218cfcafb09c5becc70800de7554bf\"},\"breadcrumb\":{\"@id\":\"https:\/\/lafrenchcoop.fr\/site\/infos\/bonne-annee#breadcrumb\"},\"inLanguage\":\"fr-FR\",\"potentialAction\":[{\"@type\":\"ReadAction\",\"target\":[\"https:\/\/lafrenchcoop.fr\/site\/infos\/bonne-annee\"]}]},{\"@type\":\"BreadcrumbList\",\"@id\":\"https:\/\/lafrenchcoop.fr\/site\/infos\/bonne-annee#breadcrumb\",\"itemListElement\":[{\"@type\":\"ListItem\",\"position\":1,\"name\":\"Accueil\",\"item\":\"https:\/\/lafrenchcoop.fr\/site\/\"},{\"@type\":\"ListItem\",\"position\":2,\"name\":\"Bonne Ann\\u00e9e 2018 !\"}]},{\"@type\":\"Person\",\"@id\":\"https:\/\/lafrenchcoop.fr\/site\/#\/schema\/person\/ba218cfcafb09c5becc70800de7554bf\",\"name\":\"lafrenchcoop\",\"image\":{\"@type\":\"ImageObject\",\"@id\":\"https:\/\/lafrenchcoop.fr\/site\/#personlogo\",\"inLanguage\":\"fr-FR\",\"url\":\"https:\/\/secure.gravatar.com\/avatar\/f35efd74c5723ad71a999ece82bb95f4?s=96&d=mm&r=g\",\"contentUrl\":\"https:\/\/secure.gravatar.com\/avatar\/f35efd74c5723ad71a999ece82bb95f4?s=96&d=mm&r=g\",\"caption\":\"lafrenchcoop\"},\"url\":\"https:\/\/lafrenchcoop.fr\/site\/author\/lafrenchcoop\"}]}<\/script>\n<!-- \/ Yoast SEO plugin. -->","yoast_head_json":{"title":"Bonne Ann\u00e9e 2018 ! - La French Coop","robots":{"index":"index","follow":"follow","max-snippet":"max-snippet:-1","max-image-preview":"max-image-preview:large","max-video-preview":"max-video-preview:-1"},"canonical":"https:\/\/lafrenchcoop.fr\/site\/infos\/bonne-annee","og_locale":"fr_FR","og_type":"article","og_title":"Bonne Ann\u00e9e 2018 ! - La French Coop","og_description":"En ce d\u00e9but d&rsquo;ann\u00e9e, nous tenions \u00e0 vous remercier d&rsquo;avoir rejoint ce projet et sp\u00e9cialement celles et ceux qui se donnent \u00e0 fond pour que cela avance ! Objectif 2018 : trouver un local associatif et ouvrir l&rsquo;\u00e9picerie. Vous pouvez rejoindre le projet \u00e0 tout moment en y adh\u00e9rant :&nbsp;https:\/\/drive.google.com\/file\/d\/0BzihuYh59DtVSzVuZHB6elRWdzA\/view [&hellip;]","og_url":"https:\/\/lafrenchcoop.fr\/site\/infos\/bonne-annee","og_site_name":"La French Coop","article_publisher":"https:\/\/www.facebook.com\/lafrenchcoop\/","article_published_time":"2018-01-04T18:29:00+00:00","article_modified_time":"2020-06-13T12:05:50+00:00","og_image":[{"width":1024,"height":576,"url":"https:\/\/lafrenchcoop.fr\/site\/wp-content\/uploads\/2018\/01\/Bonne-2Bann-25C3-25A9e-2Ben-2Bbleu.png","type":"image\/png"}],"twitter_card":"summary_large_image","twitter_creator":"@FrenchCoop","twitter_site":"@FrenchCoop","twitter_misc":{"\u00c9crit par":"lafrenchcoop"},"schema":{"@context":"https:\/\/schema.org","@graph":[{"@type":"WebSite","@id":"https:\/\/lafrenchcoop.fr\/site\/#website","url":"https:\/\/lafrenchcoop.fr\/site\/","name":"La French Coop","description":"L&#039;\u00e9picerie coop\u00e9rative et participative d&#039;Asni\u00e8res-sur-Seine !","potentialAction":[{"@type":"SearchAction","target":{"@type":"EntryPoint","urlTemplate":"https:\/\/lafrenchcoop.fr\/site\/?s={search_term_string}"},"query-input":"required name=search_term_string"}],"inLanguage":"fr-FR"},{"@type":"ImageObject","@id":"https:\/\/lafrenchcoop.fr\/site\/infos\/bonne-annee#primaryimage","inLanguage":"fr-FR","url":"https:\/\/lafrenchcoop.fr\/site\/wp-content\/uploads\/2018\/01\/Bonne-2Bann-25C3-25A9e-2Ben-2Bbleu.png","contentUrl":"https:\/\/lafrenchcoop.fr\/site\/wp-content\/uploads\/2018\/01\/Bonne-2Bann-25C3-25A9e-2Ben-2Bbleu.png","width":1024,"height":576},{"@type":"WebPage","@id":"https:\/\/lafrenchcoop.fr\/site\/infos\/bonne-annee#webpage","url":"https:\/\/lafrenchcoop.fr\/site\/infos\/bonne-annee","name":"Bonne Ann\u00e9e 2018 ! - La French Coop","isPartOf":{"@id":"https:\/\/lafrenchcoop.fr\/site\/#website"},"primaryImageOfPage":{"@id":"https:\/\/lafrenchcoop.fr\/site\/infos\/bonne-annee#primaryimage"},"datePublished":"2018-01-04T18:29:00+00:00","dateModified":"2020-06-13T12:05:50+00:00","author":{"@id":"https:\/\/lafrenchcoop.fr\/site\/#\/schema\/person\/ba218cfcafb09c5becc70800de7554bf"},"breadcrumb":{"@id":"https:\/\/lafrenchcoop.fr\/site\/infos\/bonne-annee#breadcrumb"},"inLanguage":"fr-FR","potentialAction":[{"@type":"ReadAction","target":["https:\/\/lafrenchcoop.fr\/site\/infos\/bonne-annee"]}]},{"@type":"BreadcrumbList","@id":"https:\/\/lafrenchcoop.fr\/site\/infos\/bonne-annee#breadcrumb","itemListElement":[{"@type":"ListItem","position":1,"name":"Accueil","item":"https:\/\/lafrenchcoop.fr\/site\/"},{"@type":"ListItem","position":2,"name":"Bonne Ann\u00e9e 2018 !"}]},{"@type":"Person","@id":"https:\/\/lafrenchcoop.fr\/site\/#\/schema\/person\/ba218cfcafb09c5becc70800de7554bf","name":"lafrenchcoop","image":{"@type":"ImageObject","@id":"https:\/\/lafrenchcoop.fr\/site\/#personlogo","inLanguage":"fr-FR","url":"https:\/\/secure.gravatar.com\/avatar\/f35efd74c5723ad71a999ece82bb95f4?s=96&d=mm&r=g","contentUrl":"https:\/\/secure.gravatar.com\/avatar\/f35efd74c5723ad71a999ece82bb95f4?s=96&d=mm&r=g","caption":"lafrenchcoop"},"url":"https:\/\/lafrenchcoop.fr\/site\/author\/lafrenchcoop"}]}},"_links":{"self":[{"href":"https:\/\/lafrenchcoop.fr\/site\/wp-json\/wp\/v2\/posts\/410"}],"collection":[{"href":"https:\/\/lafrenchcoop.fr\/site\/wp-json\/wp\/v2\/posts"}],"about":[{"href":"https:\/\/lafrenchcoop.fr\/site\/wp-json\/wp\/v2\/types\/post"}],"author":[{"embeddable":true,"href":"https:\/\/lafrenchcoop.fr\/site\/wp-json\/wp\/v2\/users\/4"}],"replies":[{"embeddable":true,"href":"https:\/\/lafrenchcoop.fr\/site\/wp-json\/wp\/v2\/comments?post=410"}],"version-history":[{"count":3,"href":"https:\/\/lafrenchcoop.fr\/site\/wp-json\/wp\/v2\/posts\/410\/revisions"}],"predecessor-version":[{"id":64936,"href":"https:\/\/lafrenchcoop.fr\/site\/wp-json\/wp\/v2\/posts\/410\/revisions\/64936"}],"wp:featuredmedia":[{"embeddable":true,"href":"https:\/\/lafrenchcoop.fr\/site\/wp-json\/wp\/v2\/media\/453"}],"wp:attachment":[{"href":"https:\/\/lafrenchcoop.fr\/site\/wp-json\/wp\/v2\/media?parent=410"}],"wp:term":[{"taxonomy":"category","embeddable":true,"href":"https:\/\/lafrenchcoop.fr\/site\/wp-json\/wp\/v2\/categories?post=410"},{"taxonomy":"post_tag","embeddable":true,"href":"https:\/\/lafrenchcoop.fr\/site\/wp-json\/wp\/v2\/tags?post=410"}],"curies":[{"name":"wp","href":"https:\/\/api.w.org\/{rel}","templated":true}]}}