{"id":412,"date":"2017-10-22T17:51:00","date_gmt":"2017-10-22T15:51:00","guid":{"rendered":""},"modified":"2020-06-14T18:53:09","modified_gmt":"2020-06-14T16:53:09","slug":"flash-info-le-parisien","status":"publish","type":"post","link":"https:\/\/lafrenchcoop.fr\/site\/presse\/flash-info-le-parisien","title":{"rendered":"Flash info : Le Parisien parle de nous !"},"content":{"rendered":"<p style=\"text-align: center;\">Rejoignez Fr\u00e9d\u00e9ric et Patricia<br \/>\npour ouvrir un supermarch\u00e9 coop\u00e9ratif \u00e0 Asni\u00e8res<\/p>\n<p><span style=\"font-size: large;\"><u><\/u><\/span><a href=\"https:\/\/lafrenchcoop.fr\/site\/wp-content\/uploads\/2017\/10\/7337991_4dbfb1f6-b33f-11e7-a650-d3963f802c61-1_1000x625.jpg\" style=\"font-family: 'duplicate medium'; font-weight: inherit; margin-left: 1em; margin-right: 1em;\"><img loading=\"lazy\" data-original-height=\"625\" data-original-width=\"1000\" src=\"https:\/\/lafrenchcoop.fr\/site\/wp-content\/uploads\/2017\/10\/7337991_4dbfb1f6-b33f-11e7-a650-d3963f802c61-1_1000x625-300x188.jpg\" width=\"320\" height=\"200\" border=\"0\" \/><\/a><\/p>\n<p><a href=\"http:\/\/www.leparisien.fr\/asnieres-sur-seine-92600\/rejoignez-frederic-et-patricia-pour-ouvrir-un-supermarche-cooperatif-a-asnieres-17-10-2017-7337991.php\" target=\"_blank\" rel=\"noopener noreferrer\">http:\/\/www.leparisien.fr\/asnieres-sur-seine-92600\/rejoignez-frederic-et-patricia-pour-ouvrir-un-supermarche-cooperatif-a-asnieres-17-10-2017-7337991.php<\/a><\/p>\n<div style=\"text-align: center;\"><b>Pour plus d&rsquo;infos, contactez-nous \u00e0 l&rsquo;adresse suivante : <a href=\"mailto:lesamisdelafrenchcoop@gmail.com\">lesamisdelafrenchcoop@gmail.com<\/a><\/b><\/div>\n","protected":false},"excerpt":{"rendered":"<p>Rejoignez Fr\u00e9d\u00e9ric et Patricia pour ouvrir un supermarch\u00e9 coop\u00e9ratif \u00e0 Asni\u00e8res http:\/\/www.leparisien.fr\/asnieres-sur-seine-92600\/rejoignez-frederic-et-patricia-pour-ouvrir-un-supermarche-cooperatif-a-asnieres-17-10-2017-7337991.php Pour plus d&rsquo;infos, contactez-nous \u00e0 l&rsquo;adresse suivante : lesamisdelafrenchcoop@gmail.com<\/p>\n","protected":false},"author":4,"featured_media":457,"comment_status":"closed","ping_status":"open","sticky":false,"template":"","format":"standard","meta":[],"categories":[8],"tags":[],"yoast_head":"<!-- This site is optimized with the Yoast SEO plugin v17.9 - https:\/\/yoast.com\/wordpress\/plugins\/seo\/ -->\n<title>Flash info : Le Parisien parle de nous ! - La French Coop<\/title>\n<meta name=\"robots\" content=\"index, follow, max-snippet:-1, max-image-preview:large, max-video-preview:-1\" \/>\n<link rel=\"canonical\" href=\"https:\/\/lafrenchcoop.fr\/site\/presse\/flash-info-le-parisien\" \/>\n<meta property=\"og:locale\" content=\"fr_FR\" \/>\n<meta property=\"og:type\" content=\"article\" \/>\n<meta property=\"og:title\" content=\"Flash info : Le Parisien parle de nous ! - La French Coop\" \/>\n<meta property=\"og:description\" content=\"Rejoignez Fr\u00e9d\u00e9ric et Patricia pour ouvrir un supermarch\u00e9 coop\u00e9ratif \u00e0 Asni\u00e8res http:\/\/www.leparisien.fr\/asnieres-sur-seine-92600\/rejoignez-frederic-et-patricia-pour-ouvrir-un-supermarche-cooperatif-a-asnieres-17-10-2017-7337991.php Pour plus d&rsquo;infos, contactez-nous \u00e0 l&rsquo;adresse suivante : lesamisdelafrenchcoop@gmail.com\" \/>\n<meta property=\"og:url\" content=\"https:\/\/lafrenchcoop.fr\/site\/presse\/flash-info-le-parisien\" \/>\n<meta property=\"og:site_name\" content=\"La French Coop\" \/>\n<meta property=\"article:publisher\" content=\"https:\/\/www.facebook.com\/lafrenchcoop\/\" \/>\n<meta property=\"article:published_time\" content=\"2017-10-22T15:51:00+00:00\" \/>\n<meta property=\"article:modified_time\" content=\"2020-06-14T16:53:09+00:00\" \/>\n<meta property=\"og:image\" content=\"https:\/\/lafrenchcoop.fr\/site\/wp-content\/uploads\/2017\/10\/7337991_4dbfb1f6-b33f-11e7-a650-d3963f802c61-1_1000x625.jpg\" \/>\n\t<meta property=\"og:image:width\" content=\"1000\" \/>\n\t<meta property=\"og:image:height\" content=\"625\" \/>\n\t<meta property=\"og:image:type\" content=\"image\/jpeg\" \/>\n<meta name=\"twitter:card\" content=\"summary_large_image\" \/>\n<meta name=\"twitter:creator\" content=\"@FrenchCoop\" \/>\n<meta name=\"twitter:site\" content=\"@FrenchCoop\" \/>\n<meta name=\"twitter:label1\" content=\"\u00c9crit par\" \/>\n\t<meta name=\"twitter:data1\" content=\"lafrenchcoop\" \/>\n<script type=\"application\/ld+json\" class=\"yoast-schema-graph\">{\"@context\":\"https:\/\/schema.org\",\"@graph\":[{\"@type\":\"WebSite\",\"@id\":\"https:\/\/lafrenchcoop.fr\/site\/#website\",\"url\":\"https:\/\/lafrenchcoop.fr\/site\/\",\"name\":\"La French Coop\",\"description\":\"L&#039;\\u00e9picerie coop\\u00e9rative et participative d&#039;Asni\\u00e8res-sur-Seine !\",\"potentialAction\":[{\"@type\":\"SearchAction\",\"target\":{\"@type\":\"EntryPoint\",\"urlTemplate\":\"https:\/\/lafrenchcoop.fr\/site\/?s={search_term_string}\"},\"query-input\":\"required name=search_term_string\"}],\"inLanguage\":\"fr-FR\"},{\"@type\":\"ImageObject\",\"@id\":\"https:\/\/lafrenchcoop.fr\/site\/presse\/flash-info-le-parisien#primaryimage\",\"inLanguage\":\"fr-FR\",\"url\":\"https:\/\/lafrenchcoop.fr\/site\/wp-content\/uploads\/2017\/10\/7337991_4dbfb1f6-b33f-11e7-a650-d3963f802c61-1_1000x625.jpg\",\"contentUrl\":\"https:\/\/lafrenchcoop.fr\/site\/wp-content\/uploads\/2017\/10\/7337991_4dbfb1f6-b33f-11e7-a650-d3963f802c61-1_1000x625.jpg\",\"width\":1000,\"height\":625},{\"@type\":\"WebPage\",\"@id\":\"https:\/\/lafrenchcoop.fr\/site\/presse\/flash-info-le-parisien#webpage\",\"url\":\"https:\/\/lafrenchcoop.fr\/site\/presse\/flash-info-le-parisien\",\"name\":\"Flash info : Le Parisien parle de nous ! - La French Coop\",\"isPartOf\":{\"@id\":\"https:\/\/lafrenchcoop.fr\/site\/#website\"},\"primaryImageOfPage\":{\"@id\":\"https:\/\/lafrenchcoop.fr\/site\/presse\/flash-info-le-parisien#primaryimage\"},\"datePublished\":\"2017-10-22T15:51:00+00:00\",\"dateModified\":\"2020-06-14T16:53:09+00:00\",\"author\":{\"@id\":\"https:\/\/lafrenchcoop.fr\/site\/#\/schema\/person\/ba218cfcafb09c5becc70800de7554bf\"},\"breadcrumb\":{\"@id\":\"https:\/\/lafrenchcoop.fr\/site\/presse\/flash-info-le-parisien#breadcrumb\"},\"inLanguage\":\"fr-FR\",\"potentialAction\":[{\"@type\":\"ReadAction\",\"target\":[\"https:\/\/lafrenchcoop.fr\/site\/presse\/flash-info-le-parisien\"]}]},{\"@type\":\"BreadcrumbList\",\"@id\":\"https:\/\/lafrenchcoop.fr\/site\/presse\/flash-info-le-parisien#breadcrumb\",\"itemListElement\":[{\"@type\":\"ListItem\",\"position\":1,\"name\":\"Accueil\",\"item\":\"https:\/\/lafrenchcoop.fr\/site\/\"},{\"@type\":\"ListItem\",\"position\":2,\"name\":\"Flash info : Le Parisien parle de nous !\"}]},{\"@type\":\"Person\",\"@id\":\"https:\/\/lafrenchcoop.fr\/site\/#\/schema\/person\/ba218cfcafb09c5becc70800de7554bf\",\"name\":\"lafrenchcoop\",\"image\":{\"@type\":\"ImageObject\",\"@id\":\"https:\/\/lafrenchcoop.fr\/site\/#personlogo\",\"inLanguage\":\"fr-FR\",\"url\":\"https:\/\/secure.gravatar.com\/avatar\/f35efd74c5723ad71a999ece82bb95f4?s=96&d=mm&r=g\",\"contentUrl\":\"https:\/\/secure.gravatar.com\/avatar\/f35efd74c5723ad71a999ece82bb95f4?s=96&d=mm&r=g\",\"caption\":\"lafrenchcoop\"},\"url\":\"https:\/\/lafrenchcoop.fr\/site\/author\/lafrenchcoop\"}]}<\/script>\n<!-- \/ Yoast SEO plugin. -->","yoast_head_json":{"title":"Flash info : Le Parisien parle de nous ! - La French Coop","robots":{"index":"index","follow":"follow","max-snippet":"max-snippet:-1","max-image-preview":"max-image-preview:large","max-video-preview":"max-video-preview:-1"},"canonical":"https:\/\/lafrenchcoop.fr\/site\/presse\/flash-info-le-parisien","og_locale":"fr_FR","og_type":"article","og_title":"Flash info : Le Parisien parle de nous ! - La French Coop","og_description":"Rejoignez Fr\u00e9d\u00e9ric et Patricia pour ouvrir un supermarch\u00e9 coop\u00e9ratif \u00e0 Asni\u00e8res http:\/\/www.leparisien.fr\/asnieres-sur-seine-92600\/rejoignez-frederic-et-patricia-pour-ouvrir-un-supermarche-cooperatif-a-asnieres-17-10-2017-7337991.php Pour plus d&rsquo;infos, contactez-nous \u00e0 l&rsquo;adresse suivante : lesamisdelafrenchcoop@gmail.com","og_url":"https:\/\/lafrenchcoop.fr\/site\/presse\/flash-info-le-parisien","og_site_name":"La French Coop","article_publisher":"https:\/\/www.facebook.com\/lafrenchcoop\/","article_published_time":"2017-10-22T15:51:00+00:00","article_modified_time":"2020-06-14T16:53:09+00:00","og_image":[{"width":1000,"height":625,"url":"https:\/\/lafrenchcoop.fr\/site\/wp-content\/uploads\/2017\/10\/7337991_4dbfb1f6-b33f-11e7-a650-d3963f802c61-1_1000x625.jpg","type":"image\/jpeg"}],"twitter_card":"summary_large_image","twitter_creator":"@FrenchCoop","twitter_site":"@FrenchCoop","twitter_misc":{"\u00c9crit par":"lafrenchcoop"},"schema":{"@context":"https:\/\/schema.org","@graph":[{"@type":"WebSite","@id":"https:\/\/lafrenchcoop.fr\/site\/#website","url":"https:\/\/lafrenchcoop.fr\/site\/","name":"La French Coop","description":"L&#039;\u00e9picerie coop\u00e9rative et participative d&#039;Asni\u00e8res-sur-Seine !","potentialAction":[{"@type":"SearchAction","target":{"@type":"EntryPoint","urlTemplate":"https:\/\/lafrenchcoop.fr\/site\/?s={search_term_string}"},"query-input":"required name=search_term_string"}],"inLanguage":"fr-FR"},{"@type":"ImageObject","@id":"https:\/\/lafrenchcoop.fr\/site\/presse\/flash-info-le-parisien#primaryimage","inLanguage":"fr-FR","url":"https:\/\/lafrenchcoop.fr\/site\/wp-content\/uploads\/2017\/10\/7337991_4dbfb1f6-b33f-11e7-a650-d3963f802c61-1_1000x625.jpg","contentUrl":"https:\/\/lafrenchcoop.fr\/site\/wp-content\/uploads\/2017\/10\/7337991_4dbfb1f6-b33f-11e7-a650-d3963f802c61-1_1000x625.jpg","width":1000,"height":625},{"@type":"WebPage","@id":"https:\/\/lafrenchcoop.fr\/site\/presse\/flash-info-le-parisien#webpage","url":"https:\/\/lafrenchcoop.fr\/site\/presse\/flash-info-le-parisien","name":"Flash info : Le Parisien parle de nous ! - La French Coop","isPartOf":{"@id":"https:\/\/lafrenchcoop.fr\/site\/#website"},"primaryImageOfPage":{"@id":"https:\/\/lafrenchcoop.fr\/site\/presse\/flash-info-le-parisien#primaryimage"},"datePublished":"2017-10-22T15:51:00+00:00","dateModified":"2020-06-14T16:53:09+00:00","author":{"@id":"https:\/\/lafrenchcoop.fr\/site\/#\/schema\/person\/ba218cfcafb09c5becc70800de7554bf"},"breadcrumb":{"@id":"https:\/\/lafrenchcoop.fr\/site\/presse\/flash-info-le-parisien#breadcrumb"},"inLanguage":"fr-FR","potentialAction":[{"@type":"ReadAction","target":["https:\/\/lafrenchcoop.fr\/site\/presse\/flash-info-le-parisien"]}]},{"@type":"BreadcrumbList","@id":"https:\/\/lafrenchcoop.fr\/site\/presse\/flash-info-le-parisien#breadcrumb","itemListElement":[{"@type":"ListItem","position":1,"name":"Accueil","item":"https:\/\/lafrenchcoop.fr\/site\/"},{"@type":"ListItem","position":2,"name":"Flash info : Le Parisien parle de nous !"}]},{"@type":"Person","@id":"https:\/\/lafrenchcoop.fr\/site\/#\/schema\/person\/ba218cfcafb09c5becc70800de7554bf","name":"lafrenchcoop","image":{"@type":"ImageObject","@id":"https:\/\/lafrenchcoop.fr\/site\/#personlogo","inLanguage":"fr-FR","url":"https:\/\/secure.gravatar.com\/avatar\/f35efd74c5723ad71a999ece82bb95f4?s=96&d=mm&r=g","contentUrl":"https:\/\/secure.gravatar.com\/avatar\/f35efd74c5723ad71a999ece82bb95f4?s=96&d=mm&r=g","caption":"lafrenchcoop"},"url":"https:\/\/lafrenchcoop.fr\/site\/author\/lafrenchcoop"}]}},"_links":{"self":[{"href":"https:\/\/lafrenchcoop.fr\/site\/wp-json\/wp\/v2\/posts\/412"}],"collection":[{"href":"https:\/\/lafrenchcoop.fr\/site\/wp-json\/wp\/v2\/posts"}],"about":[{"href":"https:\/\/lafrenchcoop.fr\/site\/wp-json\/wp\/v2\/types\/post"}],"author":[{"embeddable":true,"href":"https:\/\/lafrenchcoop.fr\/site\/wp-json\/wp\/v2\/users\/4"}],"replies":[{"embeddable":true,"href":"https:\/\/lafrenchcoop.fr\/site\/wp-json\/wp\/v2\/comments?post=412"}],"version-history":[{"count":5,"href":"https:\/\/lafrenchcoop.fr\/site\/wp-json\/wp\/v2\/posts\/412\/revisions"}],"predecessor-version":[{"id":66399,"href":"https:\/\/lafrenchcoop.fr\/site\/wp-json\/wp\/v2\/posts\/412\/revisions\/66399"}],"wp:featuredmedia":[{"embeddable":true,"href":"https:\/\/lafrenchcoop.fr\/site\/wp-json\/wp\/v2\/media\/457"}],"wp:attachment":[{"href":"https:\/\/lafrenchcoop.fr\/site\/wp-json\/wp\/v2\/media?parent=412"}],"wp:term":[{"taxonomy":"category","embeddable":true,"href":"https:\/\/lafrenchcoop.fr\/site\/wp-json\/wp\/v2\/categories?post=412"},{"taxonomy":"post_tag","embeddable":true,"href":"https:\/\/lafrenchcoop.fr\/site\/wp-json\/wp\/v2\/tags?post=412"}],"curies":[{"name":"wp","href":"https:\/\/api.w.org\/{rel}","templated":true}]}}