{"id":65613,"date":"2018-11-10T18:00:00","date_gmt":"2018-11-10T17:00:00","guid":{"rendered":"https:\/\/lafrenchcoop.fr\/site\/?p=65613"},"modified":"2020-06-14T18:26:38","modified_gmt":"2020-06-14T16:26:38","slug":"engagement-adherents-miniserie-episode1","status":"publish","type":"post","link":"https:\/\/lafrenchcoop.fr\/site\/parole-adherents\/engagement-adherents-miniserie-episode1","title":{"rendered":"L&rsquo;engagement des adh\u00e9rents #minis\u00e9rie #\u00e9pisode1"},"content":{"rendered":"\n<h6><em><strong>\u00ab\u00a0Pourquoi avez-vous adh\u00e9r\u00e9 \u00e0 l&rsquo;association Les Amis  La French Coop ?\u00a0\u00bb<\/strong><\/em><\/h6>\n\n\n\n<p>Nous avons pos\u00e9 cette question \u00e0 plusieurs adh\u00e9rent.e.s de l\u2019association qui ont bien voulu se pr\u00eater \u00e0 l\u2019exercice d\u2019expliquer leur engagement. Merci !<br><br><strong> Voici la r\u00e9ponse de Delphine, au 10 novembre 2018<\/strong> :<br><div class=\"su-spacer\" style=\"height:20px\"><\/div>\n\n\n\n<figure class=\"wp-block-embed-youtube wp-block-embed is-type-video is-provider-youtube wp-embed-aspect-16-9 wp-has-aspect-ratio\"><div class=\"wp-block-embed__wrapper\">\n<iframe loading=\"lazy\" title=\"Vid\u00e9oFrenchCoop Delphine\" width=\"750\" height=\"422\" src=\"https:\/\/www.youtube.com\/embed\/s4LmpGlcq7U?feature=oembed\" frameborder=\"0\" allow=\"accelerometer; autoplay; encrypted-media; gyroscope; picture-in-picture\" allowfullscreen><\/iframe>\n<\/div><\/figure>\n\n\n\n<p><\/p>\n","protected":false},"excerpt":{"rendered":"<p>\u00ab\u00a0Pourquoi avez-vous adh\u00e9r\u00e9 \u00e0 l&rsquo;association Les Amis La French Coop ?\u00a0\u00bb Nous avons pos\u00e9 cette question \u00e0 plusieurs adh\u00e9rent.e.s de l\u2019association qui ont bien voulu se pr\u00eater \u00e0 l\u2019exercice d\u2019expliquer leur engagement. Merci ! Voici la r\u00e9ponse de Delphine, au 10 novembre 2018 :<\/p>\n","protected":false},"author":4,"featured_media":66039,"comment_status":"open","ping_status":"open","sticky":false,"template":"","format":"standard","meta":[],"categories":[21],"tags":[22,15,17],"yoast_head":"<!-- This site is optimized with the Yoast SEO plugin v17.9 - https:\/\/yoast.com\/wordpress\/plugins\/seo\/ -->\n<title>L&#039;engagement des adh\u00e9rents #minis\u00e9rie #\u00e9pisode1 - La French Coop<\/title>\n<meta name=\"robots\" content=\"index, follow, max-snippet:-1, max-image-preview:large, max-video-preview:-1\" \/>\n<link rel=\"canonical\" href=\"https:\/\/lafrenchcoop.fr\/site\/parole-adherents\/engagement-adherents-miniserie-episode1\" \/>\n<meta property=\"og:locale\" content=\"fr_FR\" \/>\n<meta property=\"og:type\" content=\"article\" \/>\n<meta property=\"og:title\" content=\"L&#039;engagement des adh\u00e9rents #minis\u00e9rie #\u00e9pisode1 - La French Coop\" \/>\n<meta property=\"og:description\" content=\"\u00ab\u00a0Pourquoi avez-vous adh\u00e9r\u00e9 \u00e0 l&rsquo;association Les Amis La French Coop ?\u00a0\u00bb Nous avons pos\u00e9 cette question \u00e0 plusieurs adh\u00e9rent.e.s de l\u2019association qui ont bien voulu se pr\u00eater \u00e0 l\u2019exercice d\u2019expliquer leur engagement. Merci ! Voici la r\u00e9ponse de Delphine, au 10 novembre 2018 :\" \/>\n<meta property=\"og:url\" content=\"https:\/\/lafrenchcoop.fr\/site\/parole-adherents\/engagement-adherents-miniserie-episode1\" \/>\n<meta property=\"og:site_name\" content=\"La French Coop\" \/>\n<meta property=\"article:publisher\" content=\"https:\/\/www.facebook.com\/lafrenchcoop\/\" \/>\n<meta property=\"article:published_time\" content=\"2018-11-10T17:00:00+00:00\" \/>\n<meta property=\"article:modified_time\" content=\"2020-06-14T16:26:38+00:00\" \/>\n<meta property=\"og:image\" content=\"https:\/\/lafrenchcoop.fr\/site\/wp-content\/uploads\/2020\/06\/MiniSerieActus.png\" \/>\n\t<meta property=\"og:image:width\" content=\"1668\" \/>\n\t<meta property=\"og:image:height\" content=\"1334\" \/>\n\t<meta property=\"og:image:type\" content=\"image\/png\" \/>\n<meta name=\"twitter:card\" content=\"summary_large_image\" \/>\n<meta name=\"twitter:creator\" content=\"@FrenchCoop\" \/>\n<meta name=\"twitter:site\" content=\"@FrenchCoop\" \/>\n<meta name=\"twitter:label1\" content=\"\u00c9crit par\" \/>\n\t<meta name=\"twitter:data1\" content=\"lafrenchcoop\" \/>\n<script type=\"application\/ld+json\" class=\"yoast-schema-graph\">{\"@context\":\"https:\/\/schema.org\",\"@graph\":[{\"@type\":\"WebSite\",\"@id\":\"https:\/\/lafrenchcoop.fr\/site\/#website\",\"url\":\"https:\/\/lafrenchcoop.fr\/site\/\",\"name\":\"La French Coop\",\"description\":\"L&#039;\\u00e9picerie coop\\u00e9rative et participative d&#039;Asni\\u00e8res-sur-Seine !\",\"potentialAction\":[{\"@type\":\"SearchAction\",\"target\":{\"@type\":\"EntryPoint\",\"urlTemplate\":\"https:\/\/lafrenchcoop.fr\/site\/?s={search_term_string}\"},\"query-input\":\"required name=search_term_string\"}],\"inLanguage\":\"fr-FR\"},{\"@type\":\"ImageObject\",\"@id\":\"https:\/\/lafrenchcoop.fr\/site\/parole-adherents\/engagement-adherents-miniserie-episode1#primaryimage\",\"inLanguage\":\"fr-FR\",\"url\":\"https:\/\/lafrenchcoop.fr\/site\/wp-content\/uploads\/2020\/06\/MiniSerieActus.png\",\"contentUrl\":\"https:\/\/lafrenchcoop.fr\/site\/wp-content\/uploads\/2020\/06\/MiniSerieActus.png\",\"width\":1668,\"height\":1334},{\"@type\":\"WebPage\",\"@id\":\"https:\/\/lafrenchcoop.fr\/site\/parole-adherents\/engagement-adherents-miniserie-episode1#webpage\",\"url\":\"https:\/\/lafrenchcoop.fr\/site\/parole-adherents\/engagement-adherents-miniserie-episode1\",\"name\":\"L'engagement des adh\\u00e9rents #minis\\u00e9rie #\\u00e9pisode1 - La French Coop\",\"isPartOf\":{\"@id\":\"https:\/\/lafrenchcoop.fr\/site\/#website\"},\"primaryImageOfPage\":{\"@id\":\"https:\/\/lafrenchcoop.fr\/site\/parole-adherents\/engagement-adherents-miniserie-episode1#primaryimage\"},\"datePublished\":\"2018-11-10T17:00:00+00:00\",\"dateModified\":\"2020-06-14T16:26:38+00:00\",\"author\":{\"@id\":\"https:\/\/lafrenchcoop.fr\/site\/#\/schema\/person\/ba218cfcafb09c5becc70800de7554bf\"},\"breadcrumb\":{\"@id\":\"https:\/\/lafrenchcoop.fr\/site\/parole-adherents\/engagement-adherents-miniserie-episode1#breadcrumb\"},\"inLanguage\":\"fr-FR\",\"potentialAction\":[{\"@type\":\"ReadAction\",\"target\":[\"https:\/\/lafrenchcoop.fr\/site\/parole-adherents\/engagement-adherents-miniserie-episode1\"]}]},{\"@type\":\"BreadcrumbList\",\"@id\":\"https:\/\/lafrenchcoop.fr\/site\/parole-adherents\/engagement-adherents-miniserie-episode1#breadcrumb\",\"itemListElement\":[{\"@type\":\"ListItem\",\"position\":1,\"name\":\"Accueil\",\"item\":\"https:\/\/lafrenchcoop.fr\/site\/\"},{\"@type\":\"ListItem\",\"position\":2,\"name\":\"L&rsquo;engagement des adh\\u00e9rents #minis\\u00e9rie #\\u00e9pisode1\"}]},{\"@type\":\"Person\",\"@id\":\"https:\/\/lafrenchcoop.fr\/site\/#\/schema\/person\/ba218cfcafb09c5becc70800de7554bf\",\"name\":\"lafrenchcoop\",\"image\":{\"@type\":\"ImageObject\",\"@id\":\"https:\/\/lafrenchcoop.fr\/site\/#personlogo\",\"inLanguage\":\"fr-FR\",\"url\":\"https:\/\/secure.gravatar.com\/avatar\/f35efd74c5723ad71a999ece82bb95f4?s=96&d=mm&r=g\",\"contentUrl\":\"https:\/\/secure.gravatar.com\/avatar\/f35efd74c5723ad71a999ece82bb95f4?s=96&d=mm&r=g\",\"caption\":\"lafrenchcoop\"},\"url\":\"https:\/\/lafrenchcoop.fr\/site\/author\/lafrenchcoop\"}]}<\/script>\n<!-- \/ Yoast SEO plugin. -->","yoast_head_json":{"title":"L'engagement des adh\u00e9rents #minis\u00e9rie #\u00e9pisode1 - La French Coop","robots":{"index":"index","follow":"follow","max-snippet":"max-snippet:-1","max-image-preview":"max-image-preview:large","max-video-preview":"max-video-preview:-1"},"canonical":"https:\/\/lafrenchcoop.fr\/site\/parole-adherents\/engagement-adherents-miniserie-episode1","og_locale":"fr_FR","og_type":"article","og_title":"L'engagement des adh\u00e9rents #minis\u00e9rie #\u00e9pisode1 - La French Coop","og_description":"\u00ab\u00a0Pourquoi avez-vous adh\u00e9r\u00e9 \u00e0 l&rsquo;association Les Amis La French Coop ?\u00a0\u00bb Nous avons pos\u00e9 cette question \u00e0 plusieurs adh\u00e9rent.e.s de l\u2019association qui ont bien voulu se pr\u00eater \u00e0 l\u2019exercice d\u2019expliquer leur engagement. Merci ! Voici la r\u00e9ponse de Delphine, au 10 novembre 2018 :","og_url":"https:\/\/lafrenchcoop.fr\/site\/parole-adherents\/engagement-adherents-miniserie-episode1","og_site_name":"La French Coop","article_publisher":"https:\/\/www.facebook.com\/lafrenchcoop\/","article_published_time":"2018-11-10T17:00:00+00:00","article_modified_time":"2020-06-14T16:26:38+00:00","og_image":[{"width":1668,"height":1334,"url":"https:\/\/lafrenchcoop.fr\/site\/wp-content\/uploads\/2020\/06\/MiniSerieActus.png","type":"image\/png"}],"twitter_card":"summary_large_image","twitter_creator":"@FrenchCoop","twitter_site":"@FrenchCoop","twitter_misc":{"\u00c9crit par":"lafrenchcoop"},"schema":{"@context":"https:\/\/schema.org","@graph":[{"@type":"WebSite","@id":"https:\/\/lafrenchcoop.fr\/site\/#website","url":"https:\/\/lafrenchcoop.fr\/site\/","name":"La French Coop","description":"L&#039;\u00e9picerie coop\u00e9rative et participative d&#039;Asni\u00e8res-sur-Seine !","potentialAction":[{"@type":"SearchAction","target":{"@type":"EntryPoint","urlTemplate":"https:\/\/lafrenchcoop.fr\/site\/?s={search_term_string}"},"query-input":"required name=search_term_string"}],"inLanguage":"fr-FR"},{"@type":"ImageObject","@id":"https:\/\/lafrenchcoop.fr\/site\/parole-adherents\/engagement-adherents-miniserie-episode1#primaryimage","inLanguage":"fr-FR","url":"https:\/\/lafrenchcoop.fr\/site\/wp-content\/uploads\/2020\/06\/MiniSerieActus.png","contentUrl":"https:\/\/lafrenchcoop.fr\/site\/wp-content\/uploads\/2020\/06\/MiniSerieActus.png","width":1668,"height":1334},{"@type":"WebPage","@id":"https:\/\/lafrenchcoop.fr\/site\/parole-adherents\/engagement-adherents-miniserie-episode1#webpage","url":"https:\/\/lafrenchcoop.fr\/site\/parole-adherents\/engagement-adherents-miniserie-episode1","name":"L'engagement des adh\u00e9rents #minis\u00e9rie #\u00e9pisode1 - La French Coop","isPartOf":{"@id":"https:\/\/lafrenchcoop.fr\/site\/#website"},"primaryImageOfPage":{"@id":"https:\/\/lafrenchcoop.fr\/site\/parole-adherents\/engagement-adherents-miniserie-episode1#primaryimage"},"datePublished":"2018-11-10T17:00:00+00:00","dateModified":"2020-06-14T16:26:38+00:00","author":{"@id":"https:\/\/lafrenchcoop.fr\/site\/#\/schema\/person\/ba218cfcafb09c5becc70800de7554bf"},"breadcrumb":{"@id":"https:\/\/lafrenchcoop.fr\/site\/parole-adherents\/engagement-adherents-miniserie-episode1#breadcrumb"},"inLanguage":"fr-FR","potentialAction":[{"@type":"ReadAction","target":["https:\/\/lafrenchcoop.fr\/site\/parole-adherents\/engagement-adherents-miniserie-episode1"]}]},{"@type":"BreadcrumbList","@id":"https:\/\/lafrenchcoop.fr\/site\/parole-adherents\/engagement-adherents-miniserie-episode1#breadcrumb","itemListElement":[{"@type":"ListItem","position":1,"name":"Accueil","item":"https:\/\/lafrenchcoop.fr\/site\/"},{"@type":"ListItem","position":2,"name":"L&rsquo;engagement des adh\u00e9rents #minis\u00e9rie #\u00e9pisode1"}]},{"@type":"Person","@id":"https:\/\/lafrenchcoop.fr\/site\/#\/schema\/person\/ba218cfcafb09c5becc70800de7554bf","name":"lafrenchcoop","image":{"@type":"ImageObject","@id":"https:\/\/lafrenchcoop.fr\/site\/#personlogo","inLanguage":"fr-FR","url":"https:\/\/secure.gravatar.com\/avatar\/f35efd74c5723ad71a999ece82bb95f4?s=96&d=mm&r=g","contentUrl":"https:\/\/secure.gravatar.com\/avatar\/f35efd74c5723ad71a999ece82bb95f4?s=96&d=mm&r=g","caption":"lafrenchcoop"},"url":"https:\/\/lafrenchcoop.fr\/site\/author\/lafrenchcoop"}]}},"_links":{"self":[{"href":"https:\/\/lafrenchcoop.fr\/site\/wp-json\/wp\/v2\/posts\/65613"}],"collection":[{"href":"https:\/\/lafrenchcoop.fr\/site\/wp-json\/wp\/v2\/posts"}],"about":[{"href":"https:\/\/lafrenchcoop.fr\/site\/wp-json\/wp\/v2\/types\/post"}],"author":[{"embeddable":true,"href":"https:\/\/lafrenchcoop.fr\/site\/wp-json\/wp\/v2\/users\/4"}],"replies":[{"embeddable":true,"href":"https:\/\/lafrenchcoop.fr\/site\/wp-json\/wp\/v2\/comments?post=65613"}],"version-history":[{"count":5,"href":"https:\/\/lafrenchcoop.fr\/site\/wp-json\/wp\/v2\/posts\/65613\/revisions"}],"predecessor-version":[{"id":66126,"href":"https:\/\/lafrenchcoop.fr\/site\/wp-json\/wp\/v2\/posts\/65613\/revisions\/66126"}],"wp:featuredmedia":[{"embeddable":true,"href":"https:\/\/lafrenchcoop.fr\/site\/wp-json\/wp\/v2\/media\/66039"}],"wp:attachment":[{"href":"https:\/\/lafrenchcoop.fr\/site\/wp-json\/wp\/v2\/media?parent=65613"}],"wp:term":[{"taxonomy":"category","embeddable":true,"href":"https:\/\/lafrenchcoop.fr\/site\/wp-json\/wp\/v2\/categories?post=65613"},{"taxonomy":"post_tag","embeddable":true,"href":"https:\/\/lafrenchcoop.fr\/site\/wp-json\/wp\/v2\/tags?post=65613"}],"curies":[{"name":"wp","href":"https:\/\/api.w.org\/{rel}","templated":true}]}}