{"id":90752,"date":"2020-09-01T15:52:00","date_gmt":"2020-09-01T13:52:00","guid":{"rendered":"https:\/\/lafrenchcoop.fr\/site\/?p=90752"},"modified":"2020-09-05T16:52:54","modified_gmt":"2020-09-05T14:52:54","slug":"forum-des-associations-2020","status":"publish","type":"post","link":"https:\/\/lafrenchcoop.fr\/site\/evenements\/forum-des-associations-2020","title":{"rendered":"Forum des associations 2020 \u00e0 Asni\u00e8res-sur-seine"},"content":{"rendered":"\n<p><strong>Se tiendra les samedi 5 et dimanche 6 septembre 2020 le 42e Forum des associassions d\u2019Asni\u00e8res-sur-Seine.<\/strong><\/p>\n\n\n\n<p>Notre association LES AMIS DE LA FRENCH COOP <strong>y sera pr\u00e9sente de 9h \u00e0 17h,  stand 69.<\/strong><\/p>\n\n\n\n<p>Venez d\u00e9couvrir notre \u00e9picerie aupr\u00e8s de nos b\u00e9n\u00e9voles qui vous expliqueront tout sur nos produits et notre fonctionnement.<\/p>\n\n\n\n<figure class=\"wp-block-image size-large\"><a href=\"https:\/\/www.instagram.com\/p\/CEjjlXHHEYb\/?utm_source=ig_web_copy_link\" target=\"_blank\" rel=\"noreferrer noopener\"><img loading=\"lazy\" width=\"1024\" height=\"1019\" src=\"https:\/\/lafrenchcoop.fr\/site\/wp-content\/uploads\/2020\/09\/Forum-Assos-2020-1024x1019.png\" alt=\"Forum des associations 2020 Asni\u00e8res-sur-Seine\" class=\"wp-image-90757\" srcset=\"https:\/\/lafrenchcoop.fr\/site\/wp-content\/uploads\/2020\/09\/Forum-Assos-2020-1024x1019.png 1024w, https:\/\/lafrenchcoop.fr\/site\/wp-content\/uploads\/2020\/09\/Forum-Assos-2020-300x298.png 300w, https:\/\/lafrenchcoop.fr\/site\/wp-content\/uploads\/2020\/09\/Forum-Assos-2020-150x150.png 150w, https:\/\/lafrenchcoop.fr\/site\/wp-content\/uploads\/2020\/09\/Forum-Assos-2020-768x764.png 768w, https:\/\/lafrenchcoop.fr\/site\/wp-content\/uploads\/2020\/09\/Forum-Assos-2020.png 1198w\" sizes=\"(max-width: 1024px) 100vw, 1024px\" \/><\/a><figcaption><em>Vous aimez cette nouvelle ? Cliquez sur l&rsquo;image pour la liker sur Instagram \ud83d\ude42<\/em><\/figcaption><\/figure>\n\n\n\n<p><\/p>\n","protected":false},"excerpt":{"rendered":"<p>Se tiendra les samedi 5 et dimanche 6 septembre 2020 le 42e Forum des associassions d\u2019Asni\u00e8res-sur-Seine. Notre association LES AMIS DE LA FRENCH COOP y sera pr\u00e9sente de 9h \u00e0 17h, stand 69. Venez d\u00e9couvrir notre \u00e9picerie aupr\u00e8s de nos b\u00e9n\u00e9voles qui vous expliqueront tout sur nos produits et notre [&hellip;]<\/p>\n","protected":false},"author":4,"featured_media":90757,"comment_status":"open","ping_status":"open","sticky":false,"template":"","format":"standard","meta":[],"categories":[10],"tags":[],"yoast_head":"<!-- This site is optimized with the Yoast SEO plugin v17.9 - https:\/\/yoast.com\/wordpress\/plugins\/seo\/ -->\n<title>Forum des associations 2020 \u00e0 Asni\u00e8res-sur-seine - La French Coop<\/title>\n<meta name=\"description\" content=\"Forum des associations 2020 \u00e0 Asni\u00e8res-sur-seine \u00c9v\u00e8nements La French Coop\" \/>\n<meta name=\"robots\" content=\"index, follow, max-snippet:-1, max-image-preview:large, max-video-preview:-1\" \/>\n<link rel=\"canonical\" href=\"https:\/\/lafrenchcoop.fr\/site\/evenements\/forum-des-associations-2020\" \/>\n<meta property=\"og:locale\" content=\"fr_FR\" \/>\n<meta property=\"og:type\" content=\"article\" \/>\n<meta property=\"og:title\" content=\"Forum des associations 2020 \u00e0 Asni\u00e8res-sur-seine - La French Coop\" \/>\n<meta property=\"og:description\" content=\"Forum des associations 2020 \u00e0 Asni\u00e8res-sur-seine \u00c9v\u00e8nements La French Coop\" \/>\n<meta property=\"og:url\" content=\"https:\/\/lafrenchcoop.fr\/site\/evenements\/forum-des-associations-2020\" \/>\n<meta property=\"og:site_name\" content=\"La French Coop\" \/>\n<meta property=\"article:publisher\" content=\"https:\/\/www.facebook.com\/lafrenchcoop\/\" \/>\n<meta property=\"article:published_time\" content=\"2020-09-01T13:52:00+00:00\" \/>\n<meta property=\"article:modified_time\" content=\"2020-09-05T14:52:54+00:00\" \/>\n<meta property=\"og:image\" content=\"https:\/\/lafrenchcoop.fr\/site\/wp-content\/uploads\/2020\/09\/Forum-Assos-2020-1024x1019.png\" \/>\n\t<meta property=\"og:image:width\" content=\"1024\" \/>\n\t<meta property=\"og:image:height\" content=\"1019\" \/>\n\t<meta property=\"og:image:type\" content=\"image\/png\" \/>\n<meta name=\"twitter:card\" content=\"summary_large_image\" \/>\n<meta name=\"twitter:creator\" content=\"@FrenchCoop\" \/>\n<meta name=\"twitter:site\" content=\"@FrenchCoop\" \/>\n<meta name=\"twitter:label1\" content=\"\u00c9crit par\" \/>\n\t<meta name=\"twitter:data1\" content=\"lafrenchcoop\" \/>\n<script type=\"application\/ld+json\" class=\"yoast-schema-graph\">{\"@context\":\"https:\/\/schema.org\",\"@graph\":[{\"@type\":\"WebSite\",\"@id\":\"https:\/\/lafrenchcoop.fr\/site\/#website\",\"url\":\"https:\/\/lafrenchcoop.fr\/site\/\",\"name\":\"La French Coop\",\"description\":\"L&#039;\\u00e9picerie coop\\u00e9rative et participative d&#039;Asni\\u00e8res-sur-Seine !\",\"potentialAction\":[{\"@type\":\"SearchAction\",\"target\":{\"@type\":\"EntryPoint\",\"urlTemplate\":\"https:\/\/lafrenchcoop.fr\/site\/?s={search_term_string}\"},\"query-input\":\"required name=search_term_string\"}],\"inLanguage\":\"fr-FR\"},{\"@type\":\"ImageObject\",\"@id\":\"https:\/\/lafrenchcoop.fr\/site\/evenements\/forum-des-associations-2020#primaryimage\",\"inLanguage\":\"fr-FR\",\"url\":\"https:\/\/lafrenchcoop.fr\/site\/wp-content\/uploads\/2020\/09\/Forum-Assos-2020.png\",\"contentUrl\":\"https:\/\/lafrenchcoop.fr\/site\/wp-content\/uploads\/2020\/09\/Forum-Assos-2020.png\",\"width\":1198,\"height\":1192},{\"@type\":\"WebPage\",\"@id\":\"https:\/\/lafrenchcoop.fr\/site\/evenements\/forum-des-associations-2020#webpage\",\"url\":\"https:\/\/lafrenchcoop.fr\/site\/evenements\/forum-des-associations-2020\",\"name\":\"Forum des associations 2020 \\u00e0 Asni\\u00e8res-sur-seine - La French Coop\",\"isPartOf\":{\"@id\":\"https:\/\/lafrenchcoop.fr\/site\/#website\"},\"primaryImageOfPage\":{\"@id\":\"https:\/\/lafrenchcoop.fr\/site\/evenements\/forum-des-associations-2020#primaryimage\"},\"datePublished\":\"2020-09-01T13:52:00+00:00\",\"dateModified\":\"2020-09-05T14:52:54+00:00\",\"author\":{\"@id\":\"https:\/\/lafrenchcoop.fr\/site\/#\/schema\/person\/ba218cfcafb09c5becc70800de7554bf\"},\"description\":\"Forum des associations 2020 \\u00e0 Asni\\u00e8res-sur-seine \\u00c9v\\u00e8nements La French Coop\",\"breadcrumb\":{\"@id\":\"https:\/\/lafrenchcoop.fr\/site\/evenements\/forum-des-associations-2020#breadcrumb\"},\"inLanguage\":\"fr-FR\",\"potentialAction\":[{\"@type\":\"ReadAction\",\"target\":[\"https:\/\/lafrenchcoop.fr\/site\/evenements\/forum-des-associations-2020\"]}]},{\"@type\":\"BreadcrumbList\",\"@id\":\"https:\/\/lafrenchcoop.fr\/site\/evenements\/forum-des-associations-2020#breadcrumb\",\"itemListElement\":[{\"@type\":\"ListItem\",\"position\":1,\"name\":\"Accueil\",\"item\":\"https:\/\/lafrenchcoop.fr\/site\/\"},{\"@type\":\"ListItem\",\"position\":2,\"name\":\"Forum des associations 2020 \\u00e0 Asni\\u00e8res-sur-seine\"}]},{\"@type\":\"Person\",\"@id\":\"https:\/\/lafrenchcoop.fr\/site\/#\/schema\/person\/ba218cfcafb09c5becc70800de7554bf\",\"name\":\"lafrenchcoop\",\"image\":{\"@type\":\"ImageObject\",\"@id\":\"https:\/\/lafrenchcoop.fr\/site\/#personlogo\",\"inLanguage\":\"fr-FR\",\"url\":\"https:\/\/secure.gravatar.com\/avatar\/f35efd74c5723ad71a999ece82bb95f4?s=96&d=mm&r=g\",\"contentUrl\":\"https:\/\/secure.gravatar.com\/avatar\/f35efd74c5723ad71a999ece82bb95f4?s=96&d=mm&r=g\",\"caption\":\"lafrenchcoop\"},\"url\":\"https:\/\/lafrenchcoop.fr\/site\/author\/lafrenchcoop\"}]}<\/script>\n<!-- \/ Yoast SEO plugin. -->","yoast_head_json":{"title":"Forum des associations 2020 \u00e0 Asni\u00e8res-sur-seine - La French Coop","description":"Forum des associations 2020 \u00e0 Asni\u00e8res-sur-seine \u00c9v\u00e8nements La French Coop","robots":{"index":"index","follow":"follow","max-snippet":"max-snippet:-1","max-image-preview":"max-image-preview:large","max-video-preview":"max-video-preview:-1"},"canonical":"https:\/\/lafrenchcoop.fr\/site\/evenements\/forum-des-associations-2020","og_locale":"fr_FR","og_type":"article","og_title":"Forum des associations 2020 \u00e0 Asni\u00e8res-sur-seine - La French Coop","og_description":"Forum des associations 2020 \u00e0 Asni\u00e8res-sur-seine \u00c9v\u00e8nements La French Coop","og_url":"https:\/\/lafrenchcoop.fr\/site\/evenements\/forum-des-associations-2020","og_site_name":"La French Coop","article_publisher":"https:\/\/www.facebook.com\/lafrenchcoop\/","article_published_time":"2020-09-01T13:52:00+00:00","article_modified_time":"2020-09-05T14:52:54+00:00","og_image":[{"width":1024,"height":1019,"url":"https:\/\/lafrenchcoop.fr\/site\/wp-content\/uploads\/2020\/09\/Forum-Assos-2020-1024x1019.png","type":"image\/png"}],"twitter_card":"summary_large_image","twitter_creator":"@FrenchCoop","twitter_site":"@FrenchCoop","twitter_misc":{"\u00c9crit par":"lafrenchcoop"},"schema":{"@context":"https:\/\/schema.org","@graph":[{"@type":"WebSite","@id":"https:\/\/lafrenchcoop.fr\/site\/#website","url":"https:\/\/lafrenchcoop.fr\/site\/","name":"La French Coop","description":"L&#039;\u00e9picerie coop\u00e9rative et participative d&#039;Asni\u00e8res-sur-Seine !","potentialAction":[{"@type":"SearchAction","target":{"@type":"EntryPoint","urlTemplate":"https:\/\/lafrenchcoop.fr\/site\/?s={search_term_string}"},"query-input":"required name=search_term_string"}],"inLanguage":"fr-FR"},{"@type":"ImageObject","@id":"https:\/\/lafrenchcoop.fr\/site\/evenements\/forum-des-associations-2020#primaryimage","inLanguage":"fr-FR","url":"https:\/\/lafrenchcoop.fr\/site\/wp-content\/uploads\/2020\/09\/Forum-Assos-2020.png","contentUrl":"https:\/\/lafrenchcoop.fr\/site\/wp-content\/uploads\/2020\/09\/Forum-Assos-2020.png","width":1198,"height":1192},{"@type":"WebPage","@id":"https:\/\/lafrenchcoop.fr\/site\/evenements\/forum-des-associations-2020#webpage","url":"https:\/\/lafrenchcoop.fr\/site\/evenements\/forum-des-associations-2020","name":"Forum des associations 2020 \u00e0 Asni\u00e8res-sur-seine - La French Coop","isPartOf":{"@id":"https:\/\/lafrenchcoop.fr\/site\/#website"},"primaryImageOfPage":{"@id":"https:\/\/lafrenchcoop.fr\/site\/evenements\/forum-des-associations-2020#primaryimage"},"datePublished":"2020-09-01T13:52:00+00:00","dateModified":"2020-09-05T14:52:54+00:00","author":{"@id":"https:\/\/lafrenchcoop.fr\/site\/#\/schema\/person\/ba218cfcafb09c5becc70800de7554bf"},"description":"Forum des associations 2020 \u00e0 Asni\u00e8res-sur-seine \u00c9v\u00e8nements La French Coop","breadcrumb":{"@id":"https:\/\/lafrenchcoop.fr\/site\/evenements\/forum-des-associations-2020#breadcrumb"},"inLanguage":"fr-FR","potentialAction":[{"@type":"ReadAction","target":["https:\/\/lafrenchcoop.fr\/site\/evenements\/forum-des-associations-2020"]}]},{"@type":"BreadcrumbList","@id":"https:\/\/lafrenchcoop.fr\/site\/evenements\/forum-des-associations-2020#breadcrumb","itemListElement":[{"@type":"ListItem","position":1,"name":"Accueil","item":"https:\/\/lafrenchcoop.fr\/site\/"},{"@type":"ListItem","position":2,"name":"Forum des associations 2020 \u00e0 Asni\u00e8res-sur-seine"}]},{"@type":"Person","@id":"https:\/\/lafrenchcoop.fr\/site\/#\/schema\/person\/ba218cfcafb09c5becc70800de7554bf","name":"lafrenchcoop","image":{"@type":"ImageObject","@id":"https:\/\/lafrenchcoop.fr\/site\/#personlogo","inLanguage":"fr-FR","url":"https:\/\/secure.gravatar.com\/avatar\/f35efd74c5723ad71a999ece82bb95f4?s=96&d=mm&r=g","contentUrl":"https:\/\/secure.gravatar.com\/avatar\/f35efd74c5723ad71a999ece82bb95f4?s=96&d=mm&r=g","caption":"lafrenchcoop"},"url":"https:\/\/lafrenchcoop.fr\/site\/author\/lafrenchcoop"}]}},"_links":{"self":[{"href":"https:\/\/lafrenchcoop.fr\/site\/wp-json\/wp\/v2\/posts\/90752"}],"collection":[{"href":"https:\/\/lafrenchcoop.fr\/site\/wp-json\/wp\/v2\/posts"}],"about":[{"href":"https:\/\/lafrenchcoop.fr\/site\/wp-json\/wp\/v2\/types\/post"}],"author":[{"embeddable":true,"href":"https:\/\/lafrenchcoop.fr\/site\/wp-json\/wp\/v2\/users\/4"}],"replies":[{"embeddable":true,"href":"https:\/\/lafrenchcoop.fr\/site\/wp-json\/wp\/v2\/comments?post=90752"}],"version-history":[{"count":3,"href":"https:\/\/lafrenchcoop.fr\/site\/wp-json\/wp\/v2\/posts\/90752\/revisions"}],"predecessor-version":[{"id":90869,"href":"https:\/\/lafrenchcoop.fr\/site\/wp-json\/wp\/v2\/posts\/90752\/revisions\/90869"}],"wp:featuredmedia":[{"embeddable":true,"href":"https:\/\/lafrenchcoop.fr\/site\/wp-json\/wp\/v2\/media\/90757"}],"wp:attachment":[{"href":"https:\/\/lafrenchcoop.fr\/site\/wp-json\/wp\/v2\/media?parent=90752"}],"wp:term":[{"taxonomy":"category","embeddable":true,"href":"https:\/\/lafrenchcoop.fr\/site\/wp-json\/wp\/v2\/categories?post=90752"},{"taxonomy":"post_tag","embeddable":true,"href":"https:\/\/lafrenchcoop.fr\/site\/wp-json\/wp\/v2\/tags?post=90752"}],"curies":[{"name":"wp","href":"https:\/\/api.w.org\/{rel}","templated":true}]}}